{"id":961,"date":"2023-11-14T10:46:41","date_gmt":"2023-11-14T09:46:41","guid":{"rendered":"https:\/\/www.ltv-sachsen.de\/wanderundpilgerakademie\/?p=961"},"modified":"2023-11-14T10:46:41","modified_gmt":"2023-11-14T09:46:41","slug":"erstes-kreiswegewarte-treffen-in-sachsen","status":"publish","type":"post","link":"https:\/\/www.ltv-sachsen.de\/wanderundpilgerakademie\/erstes-kreiswegewarte-treffen-in-sachsen\/","title":{"rendered":"Erstes Kreiswegewarte-Treffen in Sachsen"},"content":{"rendered":"<div class=\"wpb-content-wrapper\"><p>[vc_row][vc_column][vc_column_text]Am Freitag (10.11.2023) kamen zum ersten Kreiswegewart-Treffen in Sachsen knapp zwanzig Kreiswegewarte in Dresden zusammen. Nach einer fr\u00f6hlichen Kirchturmbesteigung (Dreik\u00f6nigskirche) und wunderbarem Panoramablick auf Dresden wurde gearbeitet. Erst wurden die unterschiedlichen Strukturen des Wanderns in Sachsen durch Frau Dr. Eberlein (Landestourismusverband Sachsen) vorgestellt. \u00dcberlegungen zur nachhaltigen Beschilderung und Markierung wurden beschrieben (Andre Kaiser\/Kreiswegewart in S\u00e4chsischer Schweiz und Osterzgebirge). Und die sehr unterschiedlichen Aufgaben eines Kreiswegewartes wurden diskutiert. Dazu gab es eine Einf\u00fchrung von Jens Habermann, der bei der Wirtschaftsf\u00f6rderung Erzgebirge die Arbeit von ca. 150 Wegewarten managt und unterst\u00fctzt. Nach der Veranstaltung gab es die super wichtigen Kleingruppengespr\u00e4che bei Brot, Suppe und Getr\u00e4nken. Das war der Auftakt!<\/p>\n<p>Es soll auch 2024 wieder ein Treffen geben, zu dem sowohl hauptamtliche als auch ehrenamtliche Kreiswegewarte zusammenkommen wollen.[\/vc_column_text][\/vc_column][\/vc_row]<\/p>\n<\/div>","protected":false},"excerpt":{"rendered":"<p>[vc_row][vc_column][vc_column_text]Am Freitag (10.11.2023) kamen zum ersten Kreiswegewart-Treffen in Sachsen knapp zwanzig Kreiswegewarte in Dresden zusammen. Nach einer fr\u00f6hlichen Kirchturmbesteigung (Dreik\u00f6nigskirche) und wunderbarem Panoramablick auf Dresden wurde gearbeitet. Erst wurden die unterschiedlichen Strukturen des Wanderns in Sachsen durch Frau Dr. Eberlein (Landestourismusverband Sachsen) vorgestellt. \u00dcberlegungen zur nachhaltigen Beschilderung und Markierung wurden beschrieben (Andre Kaiser\/Kreiswegewart in S\u00e4chsischer [&hellip;]<\/p>\n","protected":false},"author":5,"featured_media":963,"comment_status":"closed","ping_status":"open","sticky":false,"template":"","format":"standard","meta":{"_acf_changed":false,"inline_featured_image":false,"footnotes":""},"categories":[1],"tags":[],"class_list":["post-961","post","type-post","status-publish","format-standard","has-post-thumbnail","hentry","category-unkategorisiert"],"acf":[],"yoast_head":"<!-- This site is optimized with the Yoast SEO plugin v26.4 - https:\/\/yoast.com\/wordpress\/plugins\/seo\/ -->\n<title>Erstes Kreiswegewarte-Treffen in Sachsen - Wander- und Pilgerakademie<\/title>\n<meta name=\"robots\" content=\"index, follow, max-snippet:-1, max-image-preview:large, max-video-preview:-1\" \/>\n<link rel=\"canonical\" href=\"https:\/\/www.ltv-sachsen.de\/wanderundpilgerakademie\/erstes-kreiswegewarte-treffen-in-sachsen\/\" \/>\n<meta property=\"og:locale\" content=\"de_DE\" \/>\n<meta property=\"og:type\" content=\"article\" \/>\n<meta property=\"og:title\" content=\"Erstes Kreiswegewarte-Treffen in Sachsen - Wander- und Pilgerakademie\" \/>\n<meta property=\"og:description\" content=\"[vc_row][vc_column][vc_column_text]Am Freitag (10.11.2023) kamen zum ersten Kreiswegewart-Treffen in Sachsen knapp zwanzig Kreiswegewarte in Dresden zusammen. Nach einer fr\u00f6hlichen Kirchturmbesteigung (Dreik\u00f6nigskirche) und wunderbarem Panoramablick auf Dresden wurde gearbeitet. Erst wurden die unterschiedlichen Strukturen des Wanderns in Sachsen durch Frau Dr. Eberlein (Landestourismusverband Sachsen) vorgestellt. \u00dcberlegungen zur nachhaltigen Beschilderung und Markierung wurden beschrieben (Andre Kaiser\/Kreiswegewart in S\u00e4chsischer [&hellip;]\" \/>\n<meta property=\"og:url\" content=\"https:\/\/www.ltv-sachsen.de\/wanderundpilgerakademie\/erstes-kreiswegewarte-treffen-in-sachsen\/\" \/>\n<meta property=\"og:site_name\" content=\"Wander- und Pilgerakademie\" \/>\n<meta property=\"article:published_time\" content=\"2023-11-14T09:46:41+00:00\" \/>\n<meta property=\"og:image\" content=\"https:\/\/www.ltv-sachsen.de\/wp-content\/uploads\/sites\/2\/2023\/11\/kreiswegewarte-treffen_kerstin-kracht_01-scaled.jpg\" \/>\n\t<meta property=\"og:image:width\" content=\"2259\" \/>\n\t<meta property=\"og:image:height\" content=\"2560\" \/>\n\t<meta property=\"og:image:type\" content=\"image\/jpeg\" \/>\n<meta name=\"author\" content=\"wanderundpilgerakademie\" \/>\n<meta name=\"twitter:card\" content=\"summary_large_image\" \/>\n<meta name=\"twitter:label1\" content=\"Verfasst von\" \/>\n\t<meta name=\"twitter:data1\" content=\"wanderundpilgerakademie\" \/>\n\t<meta name=\"twitter:label2\" content=\"Gesch\u00e4tzte Lesezeit\" \/>\n\t<meta name=\"twitter:data2\" content=\"1\u00a0Minute\" \/>\n<script type=\"application\/ld+json\" class=\"yoast-schema-graph\">{\"@context\":\"https:\/\/schema.org\",\"@graph\":[{\"@type\":\"WebPage\",\"@id\":\"https:\/\/www.ltv-sachsen.de\/wanderundpilgerakademie\/erstes-kreiswegewarte-treffen-in-sachsen\/\",\"url\":\"https:\/\/www.ltv-sachsen.de\/wanderundpilgerakademie\/erstes-kreiswegewarte-treffen-in-sachsen\/\",\"name\":\"Erstes Kreiswegewarte-Treffen in Sachsen - Wander- und Pilgerakademie\",\"isPartOf\":{\"@id\":\"https:\/\/www.ltv-sachsen.de\/wanderundpilgerakademie\/#website\"},\"primaryImageOfPage\":{\"@id\":\"https:\/\/www.ltv-sachsen.de\/wanderundpilgerakademie\/erstes-kreiswegewarte-treffen-in-sachsen\/#primaryimage\"},\"image\":{\"@id\":\"https:\/\/www.ltv-sachsen.de\/wanderundpilgerakademie\/erstes-kreiswegewarte-treffen-in-sachsen\/#primaryimage\"},\"thumbnailUrl\":\"https:\/\/www.ltv-sachsen.de\/wp-content\/uploads\/sites\/2\/2023\/11\/kreiswegewarte-treffen_kerstin-kracht_01-scaled.jpg\",\"datePublished\":\"2023-11-14T09:46:41+00:00\",\"author\":{\"@id\":\"https:\/\/www.ltv-sachsen.de\/wanderundpilgerakademie\/#\/schema\/person\/c9b358ac1d6549fcc45ce3f905d1358c\"},\"breadcrumb\":{\"@id\":\"https:\/\/www.ltv-sachsen.de\/wanderundpilgerakademie\/erstes-kreiswegewarte-treffen-in-sachsen\/#breadcrumb\"},\"inLanguage\":\"de\",\"potentialAction\":[{\"@type\":\"ReadAction\",\"target\":[\"https:\/\/www.ltv-sachsen.de\/wanderundpilgerakademie\/erstes-kreiswegewarte-treffen-in-sachsen\/\"]}]},{\"@type\":\"ImageObject\",\"inLanguage\":\"de\",\"@id\":\"https:\/\/www.ltv-sachsen.de\/wanderundpilgerakademie\/erstes-kreiswegewarte-treffen-in-sachsen\/#primaryimage\",\"url\":\"https:\/\/www.ltv-sachsen.de\/wp-content\/uploads\/sites\/2\/2023\/11\/kreiswegewarte-treffen_kerstin-kracht_01-scaled.jpg\",\"contentUrl\":\"https:\/\/www.ltv-sachsen.de\/wp-content\/uploads\/sites\/2\/2023\/11\/kreiswegewarte-treffen_kerstin-kracht_01-scaled.jpg\",\"width\":2259,\"height\":2560},{\"@type\":\"BreadcrumbList\",\"@id\":\"https:\/\/www.ltv-sachsen.de\/wanderundpilgerakademie\/erstes-kreiswegewarte-treffen-in-sachsen\/#breadcrumb\",\"itemListElement\":[{\"@type\":\"ListItem\",\"position\":1,\"name\":\"Home\",\"item\":\"https:\/\/www.ltv-sachsen.de\/wanderundpilgerakademie\/\"},{\"@type\":\"ListItem\",\"position\":2,\"name\":\"Erstes Kreiswegewarte-Treffen in Sachsen\"}]},{\"@type\":\"WebSite\",\"@id\":\"https:\/\/www.ltv-sachsen.de\/wanderundpilgerakademie\/#website\",\"url\":\"https:\/\/www.ltv-sachsen.de\/wanderundpilgerakademie\/\",\"name\":\"Wander- und Pilgerakademie\",\"description\":\"Allgemeine Infos zur Wander- und Pilgerakademie\",\"potentialAction\":[{\"@type\":\"SearchAction\",\"target\":{\"@type\":\"EntryPoint\",\"urlTemplate\":\"https:\/\/www.ltv-sachsen.de\/wanderundpilgerakademie\/?s={search_term_string}\"},\"query-input\":{\"@type\":\"PropertyValueSpecification\",\"valueRequired\":true,\"valueName\":\"search_term_string\"}}],\"inLanguage\":\"de\"},{\"@type\":\"Person\",\"@id\":\"https:\/\/www.ltv-sachsen.de\/wanderundpilgerakademie\/#\/schema\/person\/c9b358ac1d6549fcc45ce3f905d1358c\",\"name\":\"wanderundpilgerakademie\",\"image\":{\"@type\":\"ImageObject\",\"inLanguage\":\"de\",\"@id\":\"https:\/\/www.ltv-sachsen.de\/wanderundpilgerakademie\/#\/schema\/person\/image\/\",\"url\":\"https:\/\/secure.gravatar.com\/avatar\/992f6ea3d0f7e2edcbe1a2de25ad878fb8e5d09adc136f8fbaad6b574c799c34?s=96&d=mm&r=g\",\"contentUrl\":\"https:\/\/secure.gravatar.com\/avatar\/992f6ea3d0f7e2edcbe1a2de25ad878fb8e5d09adc136f8fbaad6b574c799c34?s=96&d=mm&r=g\",\"caption\":\"wanderundpilgerakademie\"},\"url\":\"https:\/\/www.ltv-sachsen.de\/wanderundpilgerakademie\/author\/wanderundpilgerakademie\/\"}]}<\/script>\n<!-- \/ Yoast SEO plugin. -->","yoast_head_json":{"title":"Erstes Kreiswegewarte-Treffen in Sachsen - Wander- und Pilgerakademie","robots":{"index":"index","follow":"follow","max-snippet":"max-snippet:-1","max-image-preview":"max-image-preview:large","max-video-preview":"max-video-preview:-1"},"canonical":"https:\/\/www.ltv-sachsen.de\/wanderundpilgerakademie\/erstes-kreiswegewarte-treffen-in-sachsen\/","og_locale":"de_DE","og_type":"article","og_title":"Erstes Kreiswegewarte-Treffen in Sachsen - Wander- und Pilgerakademie","og_description":"[vc_row][vc_column][vc_column_text]Am Freitag (10.11.2023) kamen zum ersten Kreiswegewart-Treffen in Sachsen knapp zwanzig Kreiswegewarte in Dresden zusammen. Nach einer fr\u00f6hlichen Kirchturmbesteigung (Dreik\u00f6nigskirche) und wunderbarem Panoramablick auf Dresden wurde gearbeitet. Erst wurden die unterschiedlichen Strukturen des Wanderns in Sachsen durch Frau Dr. Eberlein (Landestourismusverband Sachsen) vorgestellt. \u00dcberlegungen zur nachhaltigen Beschilderung und Markierung wurden beschrieben (Andre Kaiser\/Kreiswegewart in S\u00e4chsischer [&hellip;]","og_url":"https:\/\/www.ltv-sachsen.de\/wanderundpilgerakademie\/erstes-kreiswegewarte-treffen-in-sachsen\/","og_site_name":"Wander- und Pilgerakademie","article_published_time":"2023-11-14T09:46:41+00:00","og_image":[{"width":2259,"height":2560,"url":"https:\/\/www.ltv-sachsen.de\/wp-content\/uploads\/sites\/2\/2023\/11\/kreiswegewarte-treffen_kerstin-kracht_01-scaled.jpg","type":"image\/jpeg"}],"author":"wanderundpilgerakademie","twitter_card":"summary_large_image","twitter_misc":{"Verfasst von":"wanderundpilgerakademie","Gesch\u00e4tzte Lesezeit":"1\u00a0Minute"},"schema":{"@context":"https:\/\/schema.org","@graph":[{"@type":"WebPage","@id":"https:\/\/www.ltv-sachsen.de\/wanderundpilgerakademie\/erstes-kreiswegewarte-treffen-in-sachsen\/","url":"https:\/\/www.ltv-sachsen.de\/wanderundpilgerakademie\/erstes-kreiswegewarte-treffen-in-sachsen\/","name":"Erstes Kreiswegewarte-Treffen in Sachsen - Wander- und Pilgerakademie","isPartOf":{"@id":"https:\/\/www.ltv-sachsen.de\/wanderundpilgerakademie\/#website"},"primaryImageOfPage":{"@id":"https:\/\/www.ltv-sachsen.de\/wanderundpilgerakademie\/erstes-kreiswegewarte-treffen-in-sachsen\/#primaryimage"},"image":{"@id":"https:\/\/www.ltv-sachsen.de\/wanderundpilgerakademie\/erstes-kreiswegewarte-treffen-in-sachsen\/#primaryimage"},"thumbnailUrl":"https:\/\/www.ltv-sachsen.de\/wp-content\/uploads\/sites\/2\/2023\/11\/kreiswegewarte-treffen_kerstin-kracht_01-scaled.jpg","datePublished":"2023-11-14T09:46:41+00:00","author":{"@id":"https:\/\/www.ltv-sachsen.de\/wanderundpilgerakademie\/#\/schema\/person\/c9b358ac1d6549fcc45ce3f905d1358c"},"breadcrumb":{"@id":"https:\/\/www.ltv-sachsen.de\/wanderundpilgerakademie\/erstes-kreiswegewarte-treffen-in-sachsen\/#breadcrumb"},"inLanguage":"de","potentialAction":[{"@type":"ReadAction","target":["https:\/\/www.ltv-sachsen.de\/wanderundpilgerakademie\/erstes-kreiswegewarte-treffen-in-sachsen\/"]}]},{"@type":"ImageObject","inLanguage":"de","@id":"https:\/\/www.ltv-sachsen.de\/wanderundpilgerakademie\/erstes-kreiswegewarte-treffen-in-sachsen\/#primaryimage","url":"https:\/\/www.ltv-sachsen.de\/wp-content\/uploads\/sites\/2\/2023\/11\/kreiswegewarte-treffen_kerstin-kracht_01-scaled.jpg","contentUrl":"https:\/\/www.ltv-sachsen.de\/wp-content\/uploads\/sites\/2\/2023\/11\/kreiswegewarte-treffen_kerstin-kracht_01-scaled.jpg","width":2259,"height":2560},{"@type":"BreadcrumbList","@id":"https:\/\/www.ltv-sachsen.de\/wanderundpilgerakademie\/erstes-kreiswegewarte-treffen-in-sachsen\/#breadcrumb","itemListElement":[{"@type":"ListItem","position":1,"name":"Home","item":"https:\/\/www.ltv-sachsen.de\/wanderundpilgerakademie\/"},{"@type":"ListItem","position":2,"name":"Erstes Kreiswegewarte-Treffen in Sachsen"}]},{"@type":"WebSite","@id":"https:\/\/www.ltv-sachsen.de\/wanderundpilgerakademie\/#website","url":"https:\/\/www.ltv-sachsen.de\/wanderundpilgerakademie\/","name":"Wander- und Pilgerakademie","description":"Allgemeine Infos zur Wander- und Pilgerakademie","potentialAction":[{"@type":"SearchAction","target":{"@type":"EntryPoint","urlTemplate":"https:\/\/www.ltv-sachsen.de\/wanderundpilgerakademie\/?s={search_term_string}"},"query-input":{"@type":"PropertyValueSpecification","valueRequired":true,"valueName":"search_term_string"}}],"inLanguage":"de"},{"@type":"Person","@id":"https:\/\/www.ltv-sachsen.de\/wanderundpilgerakademie\/#\/schema\/person\/c9b358ac1d6549fcc45ce3f905d1358c","name":"wanderundpilgerakademie","image":{"@type":"ImageObject","inLanguage":"de","@id":"https:\/\/www.ltv-sachsen.de\/wanderundpilgerakademie\/#\/schema\/person\/image\/","url":"https:\/\/secure.gravatar.com\/avatar\/992f6ea3d0f7e2edcbe1a2de25ad878fb8e5d09adc136f8fbaad6b574c799c34?s=96&d=mm&r=g","contentUrl":"https:\/\/secure.gravatar.com\/avatar\/992f6ea3d0f7e2edcbe1a2de25ad878fb8e5d09adc136f8fbaad6b574c799c34?s=96&d=mm&r=g","caption":"wanderundpilgerakademie"},"url":"https:\/\/www.ltv-sachsen.de\/wanderundpilgerakademie\/author\/wanderundpilgerakademie\/"}]}},"_links":{"self":[{"href":"https:\/\/www.ltv-sachsen.de\/wanderundpilgerakademie\/wp-json\/wp\/v2\/posts\/961","targetHints":{"allow":["GET"]}}],"collection":[{"href":"https:\/\/www.ltv-sachsen.de\/wanderundpilgerakademie\/wp-json\/wp\/v2\/posts"}],"about":[{"href":"https:\/\/www.ltv-sachsen.de\/wanderundpilgerakademie\/wp-json\/wp\/v2\/types\/post"}],"author":[{"embeddable":true,"href":"https:\/\/www.ltv-sachsen.de\/wanderundpilgerakademie\/wp-json\/wp\/v2\/users\/5"}],"replies":[{"embeddable":true,"href":"https:\/\/www.ltv-sachsen.de\/wanderundpilgerakademie\/wp-json\/wp\/v2\/comments?post=961"}],"version-history":[{"count":2,"href":"https:\/\/www.ltv-sachsen.de\/wanderundpilgerakademie\/wp-json\/wp\/v2\/posts\/961\/revisions"}],"predecessor-version":[{"id":966,"href":"https:\/\/www.ltv-sachsen.de\/wanderundpilgerakademie\/wp-json\/wp\/v2\/posts\/961\/revisions\/966"}],"wp:featuredmedia":[{"embeddable":true,"href":"https:\/\/www.ltv-sachsen.de\/wanderundpilgerakademie\/wp-json\/wp\/v2\/media\/963"}],"wp:attachment":[{"href":"https:\/\/www.ltv-sachsen.de\/wanderundpilgerakademie\/wp-json\/wp\/v2\/media?parent=961"}],"wp:term":[{"taxonomy":"category","embeddable":true,"href":"https:\/\/www.ltv-sachsen.de\/wanderundpilgerakademie\/wp-json\/wp\/v2\/categories?post=961"},{"taxonomy":"post_tag","embeddable":true,"href":"https:\/\/www.ltv-sachsen.de\/wanderundpilgerakademie\/wp-json\/wp\/v2\/tags?post=961"}],"curies":[{"name":"wp","href":"https:\/\/api.w.org\/{rel}","templated":true}]}}