{"id":948,"date":"2023-11-07T12:42:27","date_gmt":"2023-11-07T11:42:27","guid":{"rendered":"https:\/\/www.ltv-sachsen.de\/wanderundpilgerakademie\/?p=948"},"modified":"2023-11-07T13:01:54","modified_gmt":"2023-11-07T12:01:54","slug":"fachtagung-nachhaltigkeit-im-saechsischen-tourismus","status":"publish","type":"post","link":"https:\/\/www.ltv-sachsen.de\/wanderundpilgerakademie\/fachtagung-nachhaltigkeit-im-saechsischen-tourismus\/","title":{"rendered":"Fachtagung \u201eNachhaltigkeit im s\u00e4chsischen Tourismus\u201c"},"content":{"rendered":"<div class=\"wpb-content-wrapper\"><p>[vc_row][vc_column][vc_column_text]<em>Die Wander- und Pilgerakademie arbeitet eng zusammen mit unterschiedlichen Partnern und weist aktuell auf eine Veranstaltung der Tourismus Marketing Gesellschaft Sachsen mbH hin:<\/em><\/p>\n<h2>Aus der Praxis f\u00fcr die Praxis: Nachhaltigkeit als Chance f\u00fcr einen zukunftsf\u00e4higen Qualit\u00e4tstourismus<\/h2>\n<p><strong>1. Fachtagung \u201eNachhaltigkeit im s\u00e4chsischen Tourismus\u201c<\/strong><\/p>\n<p><strong>Wann?<\/strong> 7. Dezember 2023 | 10.00\u201316.00 Uhr<br \/>\n<strong>Wo?<\/strong> Carlowitz Congresscenter Chemnitz, Theaterstra\u00dfe 3, 09111 Chemnitz<\/p>\n<p>Nachhaltigkeit ist in aller Munde! Aber: Wie k\u00f6nnen Sie Ma\u00dfnahmen, die gut f\u00fcr Ihr Unternehmen, Ihre Mitarbeitenden und die Umwelt sind, im eigenen Betrieb umsetzen? Anhand von innovativen Beispielen aus der Praxis wollen wir mit engagierten Tourismusakteuren aus ganz Deutschland Tipps und Inspirationen austauschen, um mit kleinen Schritten einen zukunftsf\u00e4higen Tourismus in Sachsen zu gestalten und laden Sie herzlich zur 1. Fachtagung \u201eNachhaltigkeit im s\u00e4chsischen Tourismus\u201c ein.<br \/>\nIn praxisorientierten Vortr\u00e4gen erfahren Sie, wie ein innovatives Netzwerk aus Hotel- und Gastronomiebetrieben sehr erfolgreich neue Mitarbeiter gewinnt und bindet, wie energieeffizientes und klimafreundliches Kochen ganz einfach f\u00fcr jede und jeden im eigenen Restaurant umsetzbar ist, wie Sie sich bereits mit kleinen Schritten auf den Weg zu einer nachhaltigen Veranstaltungs- und Tagungslocation machen und welche Bed\u00fcrfnisse Ihre G\u00e4ste beim Thema Nachhaltigkeit haben.<\/p>\n<p>Die kostenfreie Veranstaltung richtet sich insbesondere an Vertreterinnen und Vertreter der s\u00e4chsischen Tourismusbranche, Hotellerie und Gastronomie, Touristinformationen, Tourismusverb\u00e4nde und -organisationen sowie Fachverb\u00e4nde und Kommunen.<\/p>\n<p><strong>Anmeldung<\/strong><br \/>\nBitte melden Sie sich bis zum 22.11.2023 kostenfrei im Tourismusnetzwerk Sachsen an: www.sachsen.tourismusnetzwerk.info<\/p>\n<p><strong>Programm<\/strong><br \/>\nDas Programm ist in der <a href=\"https:\/\/www.ltv-sachsen.de\/wp-content\/uploads\/sites\/2\/2023\/11\/Programm_TMGS_Fachtagung_Nachhaltigkeit_2023.pdf\">angef\u00fcgten Datei<\/a> enthalten.<\/p>\n<p><strong>Themen<\/strong><\/p>\n<ul>\n<li>Nachhaltigkeit ist gekommen, um zu bleiben: Wo stehen wir und was ist zu tun?<\/li>\n<li>Nachhaltigkeitsorientierung und -kommunikation: Sachsens Zielgruppen f\u00fcr Nachhaltigkeit begeistern<\/li>\n<li>Neue Zeiten, neue Ans\u00e4tze: Wie Mitarbeitergewinnung und -bindung anders geht<\/li>\n<li>Nachhaltigere Men\u00fcgestaltung: Ungeahnte Potentiale in der K\u00fcche<\/li>\n<li>Das Carlowitz Congresscenter: Ein nachhaltiges Kongresskonzept<\/li>\n<li>Austausch, Wissenstransfer und Netzwerken<\/li>\n<\/ul>\n<p><strong>Weitere Informationen<\/strong> finden Sie <a href=\"https:\/\/sachsen.tourismusnetzwerk.info\/terminkalender\/1-fachtagung-nachhaltigkeit-im-saechsischen-tourismus\/\">hier<\/a>.<\/p>\n<p><strong>Kontakt<\/strong><br \/>\nVivien Kresse<br \/>\nProduktmanagerin Nachhaltigkeit im Tourismus<br \/>\nTMGS Tourismus Marketing Gesellschaft Sachsen mbH<br \/>\nkresse.tmgs@sachsen-tour.de<br \/>\nTel.: +49 351 49 17 0-44<\/p>\n<p><em>Wir freuen uns auf den Austausch mit Ihnen!<\/em>[\/vc_column_text][\/vc_column][\/vc_row]<\/p>\n<\/div>","protected":false},"excerpt":{"rendered":"<p>[vc_row][vc_column][vc_column_text]Die Wander- und Pilgerakademie arbeitet eng zusammen mit unterschiedlichen Partnern und weist aktuell auf eine Veranstaltung der Tourismus Marketing Gesellschaft Sachsen mbH hin: Aus der Praxis f\u00fcr die Praxis: Nachhaltigkeit als Chance f\u00fcr einen zukunftsf\u00e4higen Qualit\u00e4tstourismus 1. Fachtagung \u201eNachhaltigkeit im s\u00e4chsischen Tourismus\u201c Wann? 7. Dezember 2023 | 10.00\u201316.00 Uhr Wo? Carlowitz Congresscenter Chemnitz, Theaterstra\u00dfe 3, [&hellip;]<\/p>\n","protected":false},"author":5,"featured_media":952,"comment_status":"closed","ping_status":"open","sticky":false,"template":"","format":"standard","meta":{"_acf_changed":false,"inline_featured_image":false,"footnotes":""},"categories":[1],"tags":[],"class_list":["post-948","post","type-post","status-publish","format-standard","has-post-thumbnail","hentry","category-unkategorisiert"],"acf":[],"yoast_head":"<!-- This site is optimized with the Yoast SEO plugin v26.4 - https:\/\/yoast.com\/wordpress\/plugins\/seo\/ -->\n<title>Fachtagung \u201eNachhaltigkeit im s\u00e4chsischen Tourismus\u201c - Wander- und Pilgerakademie<\/title>\n<meta name=\"robots\" content=\"index, follow, max-snippet:-1, max-image-preview:large, max-video-preview:-1\" \/>\n<link rel=\"canonical\" href=\"https:\/\/www.ltv-sachsen.de\/wanderundpilgerakademie\/fachtagung-nachhaltigkeit-im-saechsischen-tourismus\/\" \/>\n<meta property=\"og:locale\" content=\"de_DE\" \/>\n<meta property=\"og:type\" content=\"article\" \/>\n<meta property=\"og:title\" content=\"Fachtagung \u201eNachhaltigkeit im s\u00e4chsischen Tourismus\u201c - Wander- und Pilgerakademie\" \/>\n<meta property=\"og:description\" content=\"[vc_row][vc_column][vc_column_text]Die Wander- und Pilgerakademie arbeitet eng zusammen mit unterschiedlichen Partnern und weist aktuell auf eine Veranstaltung der Tourismus Marketing Gesellschaft Sachsen mbH hin: Aus der Praxis f\u00fcr die Praxis: Nachhaltigkeit als Chance f\u00fcr einen zukunftsf\u00e4higen Qualit\u00e4tstourismus 1. Fachtagung \u201eNachhaltigkeit im s\u00e4chsischen Tourismus\u201c Wann? 7. Dezember 2023 | 10.00\u201316.00 Uhr Wo? Carlowitz Congresscenter Chemnitz, Theaterstra\u00dfe 3, [&hellip;]\" \/>\n<meta property=\"og:url\" content=\"https:\/\/www.ltv-sachsen.de\/wanderundpilgerakademie\/fachtagung-nachhaltigkeit-im-saechsischen-tourismus\/\" \/>\n<meta property=\"og:site_name\" content=\"Wander- und Pilgerakademie\" \/>\n<meta property=\"article:published_time\" content=\"2023-11-07T11:42:27+00:00\" \/>\n<meta property=\"article:modified_time\" content=\"2023-11-07T12:01:54+00:00\" \/>\n<meta property=\"og:image\" content=\"https:\/\/www.ltv-sachsen.de\/wp-content\/uploads\/sites\/2\/2023\/11\/Fachtagung.jpg\" \/>\n\t<meta property=\"og:image:width\" content=\"1304\" \/>\n\t<meta property=\"og:image:height\" content=\"372\" \/>\n\t<meta property=\"og:image:type\" content=\"image\/jpeg\" \/>\n<meta name=\"author\" content=\"wanderundpilgerakademie\" \/>\n<meta name=\"twitter:card\" content=\"summary_large_image\" \/>\n<meta name=\"twitter:label1\" content=\"Verfasst von\" \/>\n\t<meta name=\"twitter:data1\" content=\"wanderundpilgerakademie\" \/>\n\t<meta name=\"twitter:label2\" content=\"Gesch\u00e4tzte Lesezeit\" \/>\n\t<meta name=\"twitter:data2\" content=\"2\u00a0Minuten\" \/>\n<script type=\"application\/ld+json\" class=\"yoast-schema-graph\">{\"@context\":\"https:\/\/schema.org\",\"@graph\":[{\"@type\":\"WebPage\",\"@id\":\"https:\/\/www.ltv-sachsen.de\/wanderundpilgerakademie\/fachtagung-nachhaltigkeit-im-saechsischen-tourismus\/\",\"url\":\"https:\/\/www.ltv-sachsen.de\/wanderundpilgerakademie\/fachtagung-nachhaltigkeit-im-saechsischen-tourismus\/\",\"name\":\"Fachtagung \u201eNachhaltigkeit im s\u00e4chsischen Tourismus\u201c - Wander- und Pilgerakademie\",\"isPartOf\":{\"@id\":\"https:\/\/www.ltv-sachsen.de\/wanderundpilgerakademie\/#website\"},\"primaryImageOfPage\":{\"@id\":\"https:\/\/www.ltv-sachsen.de\/wanderundpilgerakademie\/fachtagung-nachhaltigkeit-im-saechsischen-tourismus\/#primaryimage\"},\"image\":{\"@id\":\"https:\/\/www.ltv-sachsen.de\/wanderundpilgerakademie\/fachtagung-nachhaltigkeit-im-saechsischen-tourismus\/#primaryimage\"},\"thumbnailUrl\":\"https:\/\/www.ltv-sachsen.de\/wp-content\/uploads\/sites\/2\/2023\/11\/Fachtagung.jpg\",\"datePublished\":\"2023-11-07T11:42:27+00:00\",\"dateModified\":\"2023-11-07T12:01:54+00:00\",\"author\":{\"@id\":\"https:\/\/www.ltv-sachsen.de\/wanderundpilgerakademie\/#\/schema\/person\/c9b358ac1d6549fcc45ce3f905d1358c\"},\"breadcrumb\":{\"@id\":\"https:\/\/www.ltv-sachsen.de\/wanderundpilgerakademie\/fachtagung-nachhaltigkeit-im-saechsischen-tourismus\/#breadcrumb\"},\"inLanguage\":\"de\",\"potentialAction\":[{\"@type\":\"ReadAction\",\"target\":[\"https:\/\/www.ltv-sachsen.de\/wanderundpilgerakademie\/fachtagung-nachhaltigkeit-im-saechsischen-tourismus\/\"]}]},{\"@type\":\"ImageObject\",\"inLanguage\":\"de\",\"@id\":\"https:\/\/www.ltv-sachsen.de\/wanderundpilgerakademie\/fachtagung-nachhaltigkeit-im-saechsischen-tourismus\/#primaryimage\",\"url\":\"https:\/\/www.ltv-sachsen.de\/wp-content\/uploads\/sites\/2\/2023\/11\/Fachtagung.jpg\",\"contentUrl\":\"https:\/\/www.ltv-sachsen.de\/wp-content\/uploads\/sites\/2\/2023\/11\/Fachtagung.jpg\",\"width\":1304,\"height\":372},{\"@type\":\"BreadcrumbList\",\"@id\":\"https:\/\/www.ltv-sachsen.de\/wanderundpilgerakademie\/fachtagung-nachhaltigkeit-im-saechsischen-tourismus\/#breadcrumb\",\"itemListElement\":[{\"@type\":\"ListItem\",\"position\":1,\"name\":\"Home\",\"item\":\"https:\/\/www.ltv-sachsen.de\/wanderundpilgerakademie\/\"},{\"@type\":\"ListItem\",\"position\":2,\"name\":\"Fachtagung \u201eNachhaltigkeit im s\u00e4chsischen Tourismus\u201c\"}]},{\"@type\":\"WebSite\",\"@id\":\"https:\/\/www.ltv-sachsen.de\/wanderundpilgerakademie\/#website\",\"url\":\"https:\/\/www.ltv-sachsen.de\/wanderundpilgerakademie\/\",\"name\":\"Wander- und Pilgerakademie\",\"description\":\"Allgemeine Infos zur Wander- und Pilgerakademie\",\"potentialAction\":[{\"@type\":\"SearchAction\",\"target\":{\"@type\":\"EntryPoint\",\"urlTemplate\":\"https:\/\/www.ltv-sachsen.de\/wanderundpilgerakademie\/?s={search_term_string}\"},\"query-input\":{\"@type\":\"PropertyValueSpecification\",\"valueRequired\":true,\"valueName\":\"search_term_string\"}}],\"inLanguage\":\"de\"},{\"@type\":\"Person\",\"@id\":\"https:\/\/www.ltv-sachsen.de\/wanderundpilgerakademie\/#\/schema\/person\/c9b358ac1d6549fcc45ce3f905d1358c\",\"name\":\"wanderundpilgerakademie\",\"image\":{\"@type\":\"ImageObject\",\"inLanguage\":\"de\",\"@id\":\"https:\/\/www.ltv-sachsen.de\/wanderundpilgerakademie\/#\/schema\/person\/image\/\",\"url\":\"https:\/\/secure.gravatar.com\/avatar\/992f6ea3d0f7e2edcbe1a2de25ad878fb8e5d09adc136f8fbaad6b574c799c34?s=96&d=mm&r=g\",\"contentUrl\":\"https:\/\/secure.gravatar.com\/avatar\/992f6ea3d0f7e2edcbe1a2de25ad878fb8e5d09adc136f8fbaad6b574c799c34?s=96&d=mm&r=g\",\"caption\":\"wanderundpilgerakademie\"},\"url\":\"https:\/\/www.ltv-sachsen.de\/wanderundpilgerakademie\/author\/wanderundpilgerakademie\/\"}]}<\/script>\n<!-- \/ Yoast SEO plugin. -->","yoast_head_json":{"title":"Fachtagung \u201eNachhaltigkeit im s\u00e4chsischen Tourismus\u201c - Wander- und Pilgerakademie","robots":{"index":"index","follow":"follow","max-snippet":"max-snippet:-1","max-image-preview":"max-image-preview:large","max-video-preview":"max-video-preview:-1"},"canonical":"https:\/\/www.ltv-sachsen.de\/wanderundpilgerakademie\/fachtagung-nachhaltigkeit-im-saechsischen-tourismus\/","og_locale":"de_DE","og_type":"article","og_title":"Fachtagung \u201eNachhaltigkeit im s\u00e4chsischen Tourismus\u201c - Wander- und Pilgerakademie","og_description":"[vc_row][vc_column][vc_column_text]Die Wander- und Pilgerakademie arbeitet eng zusammen mit unterschiedlichen Partnern und weist aktuell auf eine Veranstaltung der Tourismus Marketing Gesellschaft Sachsen mbH hin: Aus der Praxis f\u00fcr die Praxis: Nachhaltigkeit als Chance f\u00fcr einen zukunftsf\u00e4higen Qualit\u00e4tstourismus 1. Fachtagung \u201eNachhaltigkeit im s\u00e4chsischen Tourismus\u201c Wann? 7. Dezember 2023 | 10.00\u201316.00 Uhr Wo? Carlowitz Congresscenter Chemnitz, Theaterstra\u00dfe 3, [&hellip;]","og_url":"https:\/\/www.ltv-sachsen.de\/wanderundpilgerakademie\/fachtagung-nachhaltigkeit-im-saechsischen-tourismus\/","og_site_name":"Wander- und Pilgerakademie","article_published_time":"2023-11-07T11:42:27+00:00","article_modified_time":"2023-11-07T12:01:54+00:00","og_image":[{"width":1304,"height":372,"url":"https:\/\/www.ltv-sachsen.de\/wp-content\/uploads\/sites\/2\/2023\/11\/Fachtagung.jpg","type":"image\/jpeg"}],"author":"wanderundpilgerakademie","twitter_card":"summary_large_image","twitter_misc":{"Verfasst von":"wanderundpilgerakademie","Gesch\u00e4tzte Lesezeit":"2\u00a0Minuten"},"schema":{"@context":"https:\/\/schema.org","@graph":[{"@type":"WebPage","@id":"https:\/\/www.ltv-sachsen.de\/wanderundpilgerakademie\/fachtagung-nachhaltigkeit-im-saechsischen-tourismus\/","url":"https:\/\/www.ltv-sachsen.de\/wanderundpilgerakademie\/fachtagung-nachhaltigkeit-im-saechsischen-tourismus\/","name":"Fachtagung \u201eNachhaltigkeit im s\u00e4chsischen Tourismus\u201c - Wander- und Pilgerakademie","isPartOf":{"@id":"https:\/\/www.ltv-sachsen.de\/wanderundpilgerakademie\/#website"},"primaryImageOfPage":{"@id":"https:\/\/www.ltv-sachsen.de\/wanderundpilgerakademie\/fachtagung-nachhaltigkeit-im-saechsischen-tourismus\/#primaryimage"},"image":{"@id":"https:\/\/www.ltv-sachsen.de\/wanderundpilgerakademie\/fachtagung-nachhaltigkeit-im-saechsischen-tourismus\/#primaryimage"},"thumbnailUrl":"https:\/\/www.ltv-sachsen.de\/wp-content\/uploads\/sites\/2\/2023\/11\/Fachtagung.jpg","datePublished":"2023-11-07T11:42:27+00:00","dateModified":"2023-11-07T12:01:54+00:00","author":{"@id":"https:\/\/www.ltv-sachsen.de\/wanderundpilgerakademie\/#\/schema\/person\/c9b358ac1d6549fcc45ce3f905d1358c"},"breadcrumb":{"@id":"https:\/\/www.ltv-sachsen.de\/wanderundpilgerakademie\/fachtagung-nachhaltigkeit-im-saechsischen-tourismus\/#breadcrumb"},"inLanguage":"de","potentialAction":[{"@type":"ReadAction","target":["https:\/\/www.ltv-sachsen.de\/wanderundpilgerakademie\/fachtagung-nachhaltigkeit-im-saechsischen-tourismus\/"]}]},{"@type":"ImageObject","inLanguage":"de","@id":"https:\/\/www.ltv-sachsen.de\/wanderundpilgerakademie\/fachtagung-nachhaltigkeit-im-saechsischen-tourismus\/#primaryimage","url":"https:\/\/www.ltv-sachsen.de\/wp-content\/uploads\/sites\/2\/2023\/11\/Fachtagung.jpg","contentUrl":"https:\/\/www.ltv-sachsen.de\/wp-content\/uploads\/sites\/2\/2023\/11\/Fachtagung.jpg","width":1304,"height":372},{"@type":"BreadcrumbList","@id":"https:\/\/www.ltv-sachsen.de\/wanderundpilgerakademie\/fachtagung-nachhaltigkeit-im-saechsischen-tourismus\/#breadcrumb","itemListElement":[{"@type":"ListItem","position":1,"name":"Home","item":"https:\/\/www.ltv-sachsen.de\/wanderundpilgerakademie\/"},{"@type":"ListItem","position":2,"name":"Fachtagung \u201eNachhaltigkeit im s\u00e4chsischen Tourismus\u201c"}]},{"@type":"WebSite","@id":"https:\/\/www.ltv-sachsen.de\/wanderundpilgerakademie\/#website","url":"https:\/\/www.ltv-sachsen.de\/wanderundpilgerakademie\/","name":"Wander- und Pilgerakademie","description":"Allgemeine Infos zur Wander- und Pilgerakademie","potentialAction":[{"@type":"SearchAction","target":{"@type":"EntryPoint","urlTemplate":"https:\/\/www.ltv-sachsen.de\/wanderundpilgerakademie\/?s={search_term_string}"},"query-input":{"@type":"PropertyValueSpecification","valueRequired":true,"valueName":"search_term_string"}}],"inLanguage":"de"},{"@type":"Person","@id":"https:\/\/www.ltv-sachsen.de\/wanderundpilgerakademie\/#\/schema\/person\/c9b358ac1d6549fcc45ce3f905d1358c","name":"wanderundpilgerakademie","image":{"@type":"ImageObject","inLanguage":"de","@id":"https:\/\/www.ltv-sachsen.de\/wanderundpilgerakademie\/#\/schema\/person\/image\/","url":"https:\/\/secure.gravatar.com\/avatar\/992f6ea3d0f7e2edcbe1a2de25ad878fb8e5d09adc136f8fbaad6b574c799c34?s=96&d=mm&r=g","contentUrl":"https:\/\/secure.gravatar.com\/avatar\/992f6ea3d0f7e2edcbe1a2de25ad878fb8e5d09adc136f8fbaad6b574c799c34?s=96&d=mm&r=g","caption":"wanderundpilgerakademie"},"url":"https:\/\/www.ltv-sachsen.de\/wanderundpilgerakademie\/author\/wanderundpilgerakademie\/"}]}},"_links":{"self":[{"href":"https:\/\/www.ltv-sachsen.de\/wanderundpilgerakademie\/wp-json\/wp\/v2\/posts\/948","targetHints":{"allow":["GET"]}}],"collection":[{"href":"https:\/\/www.ltv-sachsen.de\/wanderundpilgerakademie\/wp-json\/wp\/v2\/posts"}],"about":[{"href":"https:\/\/www.ltv-sachsen.de\/wanderundpilgerakademie\/wp-json\/wp\/v2\/types\/post"}],"author":[{"embeddable":true,"href":"https:\/\/www.ltv-sachsen.de\/wanderundpilgerakademie\/wp-json\/wp\/v2\/users\/5"}],"replies":[{"embeddable":true,"href":"https:\/\/www.ltv-sachsen.de\/wanderundpilgerakademie\/wp-json\/wp\/v2\/comments?post=948"}],"version-history":[{"count":5,"href":"https:\/\/www.ltv-sachsen.de\/wanderundpilgerakademie\/wp-json\/wp\/v2\/posts\/948\/revisions"}],"predecessor-version":[{"id":959,"href":"https:\/\/www.ltv-sachsen.de\/wanderundpilgerakademie\/wp-json\/wp\/v2\/posts\/948\/revisions\/959"}],"wp:featuredmedia":[{"embeddable":true,"href":"https:\/\/www.ltv-sachsen.de\/wanderundpilgerakademie\/wp-json\/wp\/v2\/media\/952"}],"wp:attachment":[{"href":"https:\/\/www.ltv-sachsen.de\/wanderundpilgerakademie\/wp-json\/wp\/v2\/media?parent=948"}],"wp:term":[{"taxonomy":"category","embeddable":true,"href":"https:\/\/www.ltv-sachsen.de\/wanderundpilgerakademie\/wp-json\/wp\/v2\/categories?post=948"},{"taxonomy":"post_tag","embeddable":true,"href":"https:\/\/www.ltv-sachsen.de\/wanderundpilgerakademie\/wp-json\/wp\/v2\/tags?post=948"}],"curies":[{"name":"wp","href":"https:\/\/api.w.org\/{rel}","templated":true}]}}