{"id":908,"date":"2023-10-12T10:33:34","date_gmt":"2023-10-12T08:33:34","guid":{"rendered":"https:\/\/www.ltv-sachsen.de\/wanderundpilgerakademie\/?p=908"},"modified":"2023-10-12T11:21:37","modified_gmt":"2023-10-12T09:21:37","slug":"erstes-saechsisches-kreiswegewartetreffen-am-10-november","status":"publish","type":"post","link":"https:\/\/www.ltv-sachsen.de\/wanderundpilgerakademie\/erstes-saechsisches-kreiswegewartetreffen-am-10-november\/","title":{"rendered":"Erstes S\u00e4chsisches Kreiswegewartetreffen am 10. November"},"content":{"rendered":"<div class=\"wpb-content-wrapper\"><p>[vc_row][vc_column][vc_column_text]Die Wegewarte in Sachsen sorgen daf\u00fcr, dass unsere sch\u00f6nen Wander- und Pilgerwege gepflegt sind und die Beschilderung stimmig erscheint. Landkreise, Tourismusverb\u00e4nde und Wanderverb\u00e4nde sind dankbar f\u00fcr \u201eihre\u201c Wegewarte, die unterwegs sind.<\/p>\n<p><strong>Kreiswegewarte in Sachsen<\/strong> koordinieren, planen und setzen viele Vorgaben um. Eine gute sachsenweite Vernetzung untereinander wird sich entwickeln.<\/p>\n<p>Die Wander- und Pilgerakademie Sachsen l\u00e4dt ein, am Freitag, dem <strong>10.11.2023 im Caf\u00e9 der Dreik\u00f6nigskirche in Dresden (Erdgeschoss) von 17.00-20.00 Uhr<\/strong> zu einem Austausch zusammenzukommen und \u00fcber Fragen der Vernetzung &#8211; f\u00fcr die Folgejahre &#8211; nachzudenken.<\/p>\n<p>Die Veranstaltung ist kostenfrei.<\/p>\n<p>&nbsp;<\/p>\n<p><strong>Programmablauf<\/strong><\/p>\n<p><strong>15.30 Uhr<br \/>\nAngebot \u2013 Turmbesteigung und Panoramablick \u00fcber die Dresdner Altstadt vom Turm der Dreik\u00f6nigskirche<br \/>\n<\/strong><em>(Die Turmbesteigung ist f\u00fcr die Kreiswegewarte kostenfrei. Wir empfangen hierzu alle Interessierten ab 15.15 Uhr unten im Foyer.)<\/em><\/p>\n<p><strong>ab 16.15 Uhr<br \/>\n<\/strong>Ankommen bei Kaffee, Tee und Schokolade<\/p>\n<p><strong>17.00 Uhr<br \/>\n<\/strong>Tagungsbeginn<\/p>\n<p><strong>19.00 Uhr<br \/>\n<\/strong>Imbiss am Buffett<\/p>\n<p>&nbsp;<\/p>\n<p><strong>Sind Sie Interessiert?<br \/>\n<\/strong>Dann melden Sie sich <a href=\"https:\/\/www.eeb-sachsen.de\/wanderwege-bleiben,-wegewarte-auch-wie-den-generationenwechsel-stemmen.html?fart=1\">hier<\/a> an.<\/p>\n<p><em>Wir freuen uns auf Ihre Teilnahme!<\/em>[\/vc_column_text][\/vc_column][\/vc_row]<\/p>\n<\/div>","protected":false},"excerpt":{"rendered":"<p>[vc_row][vc_column][vc_column_text]Die Wegewarte in Sachsen sorgen daf\u00fcr, dass unsere sch\u00f6nen Wander- und Pilgerwege gepflegt sind und die Beschilderung stimmig erscheint. Landkreise, Tourismusverb\u00e4nde und Wanderverb\u00e4nde sind dankbar f\u00fcr \u201eihre\u201c Wegewarte, die unterwegs sind. Kreiswegewarte in Sachsen koordinieren, planen und setzen viele Vorgaben um. Eine gute sachsenweite Vernetzung untereinander wird sich entwickeln. Die Wander- und Pilgerakademie Sachsen l\u00e4dt [&hellip;]<\/p>\n","protected":false},"author":5,"featured_media":912,"comment_status":"closed","ping_status":"open","sticky":false,"template":"","format":"standard","meta":{"_acf_changed":false,"inline_featured_image":false,"footnotes":""},"categories":[37],"tags":[],"class_list":["post-908","post","type-post","status-publish","format-standard","has-post-thumbnail","hentry","category-news"],"acf":[],"yoast_head":"<!-- This site is optimized with the Yoast SEO plugin v26.4 - https:\/\/yoast.com\/wordpress\/plugins\/seo\/ -->\n<title>Erstes S\u00e4chsisches Kreiswegewartetreffen am 10. November - Wander- und Pilgerakademie<\/title>\n<meta name=\"robots\" content=\"index, follow, max-snippet:-1, max-image-preview:large, max-video-preview:-1\" \/>\n<link rel=\"canonical\" href=\"https:\/\/www.ltv-sachsen.de\/wanderundpilgerakademie\/erstes-saechsisches-kreiswegewartetreffen-am-10-november\/\" \/>\n<meta property=\"og:locale\" content=\"de_DE\" \/>\n<meta property=\"og:type\" content=\"article\" \/>\n<meta property=\"og:title\" content=\"Erstes S\u00e4chsisches Kreiswegewartetreffen am 10. November - Wander- und Pilgerakademie\" \/>\n<meta property=\"og:description\" content=\"[vc_row][vc_column][vc_column_text]Die Wegewarte in Sachsen sorgen daf\u00fcr, dass unsere sch\u00f6nen Wander- und Pilgerwege gepflegt sind und die Beschilderung stimmig erscheint. Landkreise, Tourismusverb\u00e4nde und Wanderverb\u00e4nde sind dankbar f\u00fcr \u201eihre\u201c Wegewarte, die unterwegs sind. Kreiswegewarte in Sachsen koordinieren, planen und setzen viele Vorgaben um. Eine gute sachsenweite Vernetzung untereinander wird sich entwickeln. Die Wander- und Pilgerakademie Sachsen l\u00e4dt [&hellip;]\" \/>\n<meta property=\"og:url\" content=\"https:\/\/www.ltv-sachsen.de\/wanderundpilgerakademie\/erstes-saechsisches-kreiswegewartetreffen-am-10-november\/\" \/>\n<meta property=\"og:site_name\" content=\"Wander- und Pilgerakademie\" \/>\n<meta property=\"article:published_time\" content=\"2023-10-12T08:33:34+00:00\" \/>\n<meta property=\"article:modified_time\" content=\"2023-10-12T09:21:37+00:00\" \/>\n<meta property=\"og:image\" content=\"https:\/\/www.ltv-sachsen.de\/wp-content\/uploads\/sites\/2\/2023\/10\/wanderpaar_fundus_tobias-frick.jpg\" \/>\n\t<meta property=\"og:image:width\" content=\"1199\" \/>\n\t<meta property=\"og:image:height\" content=\"800\" \/>\n\t<meta property=\"og:image:type\" content=\"image\/jpeg\" \/>\n<meta name=\"author\" content=\"wanderundpilgerakademie\" \/>\n<meta name=\"twitter:card\" content=\"summary_large_image\" \/>\n<meta name=\"twitter:label1\" content=\"Verfasst von\" \/>\n\t<meta name=\"twitter:data1\" content=\"wanderundpilgerakademie\" \/>\n\t<meta name=\"twitter:label2\" content=\"Gesch\u00e4tzte Lesezeit\" \/>\n\t<meta name=\"twitter:data2\" content=\"1\u00a0Minute\" \/>\n<script type=\"application\/ld+json\" class=\"yoast-schema-graph\">{\"@context\":\"https:\/\/schema.org\",\"@graph\":[{\"@type\":\"WebPage\",\"@id\":\"https:\/\/www.ltv-sachsen.de\/wanderundpilgerakademie\/erstes-saechsisches-kreiswegewartetreffen-am-10-november\/\",\"url\":\"https:\/\/www.ltv-sachsen.de\/wanderundpilgerakademie\/erstes-saechsisches-kreiswegewartetreffen-am-10-november\/\",\"name\":\"Erstes S\u00e4chsisches Kreiswegewartetreffen am 10. November - Wander- und Pilgerakademie\",\"isPartOf\":{\"@id\":\"https:\/\/www.ltv-sachsen.de\/wanderundpilgerakademie\/#website\"},\"primaryImageOfPage\":{\"@id\":\"https:\/\/www.ltv-sachsen.de\/wanderundpilgerakademie\/erstes-saechsisches-kreiswegewartetreffen-am-10-november\/#primaryimage\"},\"image\":{\"@id\":\"https:\/\/www.ltv-sachsen.de\/wanderundpilgerakademie\/erstes-saechsisches-kreiswegewartetreffen-am-10-november\/#primaryimage\"},\"thumbnailUrl\":\"https:\/\/www.ltv-sachsen.de\/wp-content\/uploads\/sites\/2\/2023\/10\/wanderpaar_fundus_tobias-frick.jpg\",\"datePublished\":\"2023-10-12T08:33:34+00:00\",\"dateModified\":\"2023-10-12T09:21:37+00:00\",\"author\":{\"@id\":\"https:\/\/www.ltv-sachsen.de\/wanderundpilgerakademie\/#\/schema\/person\/c9b358ac1d6549fcc45ce3f905d1358c\"},\"breadcrumb\":{\"@id\":\"https:\/\/www.ltv-sachsen.de\/wanderundpilgerakademie\/erstes-saechsisches-kreiswegewartetreffen-am-10-november\/#breadcrumb\"},\"inLanguage\":\"de\",\"potentialAction\":[{\"@type\":\"ReadAction\",\"target\":[\"https:\/\/www.ltv-sachsen.de\/wanderundpilgerakademie\/erstes-saechsisches-kreiswegewartetreffen-am-10-november\/\"]}]},{\"@type\":\"ImageObject\",\"inLanguage\":\"de\",\"@id\":\"https:\/\/www.ltv-sachsen.de\/wanderundpilgerakademie\/erstes-saechsisches-kreiswegewartetreffen-am-10-november\/#primaryimage\",\"url\":\"https:\/\/www.ltv-sachsen.de\/wp-content\/uploads\/sites\/2\/2023\/10\/wanderpaar_fundus_tobias-frick.jpg\",\"contentUrl\":\"https:\/\/www.ltv-sachsen.de\/wp-content\/uploads\/sites\/2\/2023\/10\/wanderpaar_fundus_tobias-frick.jpg\",\"width\":1199,\"height\":800,\"caption\":\"\u00a9 Tobias Frick\/fundus-medien.de\"},{\"@type\":\"BreadcrumbList\",\"@id\":\"https:\/\/www.ltv-sachsen.de\/wanderundpilgerakademie\/erstes-saechsisches-kreiswegewartetreffen-am-10-november\/#breadcrumb\",\"itemListElement\":[{\"@type\":\"ListItem\",\"position\":1,\"name\":\"Home\",\"item\":\"https:\/\/www.ltv-sachsen.de\/wanderundpilgerakademie\/\"},{\"@type\":\"ListItem\",\"position\":2,\"name\":\"Erstes S\u00e4chsisches Kreiswegewartetreffen am 10. November\"}]},{\"@type\":\"WebSite\",\"@id\":\"https:\/\/www.ltv-sachsen.de\/wanderundpilgerakademie\/#website\",\"url\":\"https:\/\/www.ltv-sachsen.de\/wanderundpilgerakademie\/\",\"name\":\"Wander- und Pilgerakademie\",\"description\":\"Allgemeine Infos zur Wander- und Pilgerakademie\",\"potentialAction\":[{\"@type\":\"SearchAction\",\"target\":{\"@type\":\"EntryPoint\",\"urlTemplate\":\"https:\/\/www.ltv-sachsen.de\/wanderundpilgerakademie\/?s={search_term_string}\"},\"query-input\":{\"@type\":\"PropertyValueSpecification\",\"valueRequired\":true,\"valueName\":\"search_term_string\"}}],\"inLanguage\":\"de\"},{\"@type\":\"Person\",\"@id\":\"https:\/\/www.ltv-sachsen.de\/wanderundpilgerakademie\/#\/schema\/person\/c9b358ac1d6549fcc45ce3f905d1358c\",\"name\":\"wanderundpilgerakademie\",\"image\":{\"@type\":\"ImageObject\",\"inLanguage\":\"de\",\"@id\":\"https:\/\/www.ltv-sachsen.de\/wanderundpilgerakademie\/#\/schema\/person\/image\/\",\"url\":\"https:\/\/secure.gravatar.com\/avatar\/992f6ea3d0f7e2edcbe1a2de25ad878fb8e5d09adc136f8fbaad6b574c799c34?s=96&d=mm&r=g\",\"contentUrl\":\"https:\/\/secure.gravatar.com\/avatar\/992f6ea3d0f7e2edcbe1a2de25ad878fb8e5d09adc136f8fbaad6b574c799c34?s=96&d=mm&r=g\",\"caption\":\"wanderundpilgerakademie\"},\"url\":\"https:\/\/www.ltv-sachsen.de\/wanderundpilgerakademie\/author\/wanderundpilgerakademie\/\"}]}<\/script>\n<!-- \/ Yoast SEO plugin. -->","yoast_head_json":{"title":"Erstes S\u00e4chsisches Kreiswegewartetreffen am 10. November - Wander- und Pilgerakademie","robots":{"index":"index","follow":"follow","max-snippet":"max-snippet:-1","max-image-preview":"max-image-preview:large","max-video-preview":"max-video-preview:-1"},"canonical":"https:\/\/www.ltv-sachsen.de\/wanderundpilgerakademie\/erstes-saechsisches-kreiswegewartetreffen-am-10-november\/","og_locale":"de_DE","og_type":"article","og_title":"Erstes S\u00e4chsisches Kreiswegewartetreffen am 10. November - Wander- und Pilgerakademie","og_description":"[vc_row][vc_column][vc_column_text]Die Wegewarte in Sachsen sorgen daf\u00fcr, dass unsere sch\u00f6nen Wander- und Pilgerwege gepflegt sind und die Beschilderung stimmig erscheint. Landkreise, Tourismusverb\u00e4nde und Wanderverb\u00e4nde sind dankbar f\u00fcr \u201eihre\u201c Wegewarte, die unterwegs sind. Kreiswegewarte in Sachsen koordinieren, planen und setzen viele Vorgaben um. Eine gute sachsenweite Vernetzung untereinander wird sich entwickeln. Die Wander- und Pilgerakademie Sachsen l\u00e4dt [&hellip;]","og_url":"https:\/\/www.ltv-sachsen.de\/wanderundpilgerakademie\/erstes-saechsisches-kreiswegewartetreffen-am-10-november\/","og_site_name":"Wander- und Pilgerakademie","article_published_time":"2023-10-12T08:33:34+00:00","article_modified_time":"2023-10-12T09:21:37+00:00","og_image":[{"width":1199,"height":800,"url":"https:\/\/www.ltv-sachsen.de\/wp-content\/uploads\/sites\/2\/2023\/10\/wanderpaar_fundus_tobias-frick.jpg","type":"image\/jpeg"}],"author":"wanderundpilgerakademie","twitter_card":"summary_large_image","twitter_misc":{"Verfasst von":"wanderundpilgerakademie","Gesch\u00e4tzte Lesezeit":"1\u00a0Minute"},"schema":{"@context":"https:\/\/schema.org","@graph":[{"@type":"WebPage","@id":"https:\/\/www.ltv-sachsen.de\/wanderundpilgerakademie\/erstes-saechsisches-kreiswegewartetreffen-am-10-november\/","url":"https:\/\/www.ltv-sachsen.de\/wanderundpilgerakademie\/erstes-saechsisches-kreiswegewartetreffen-am-10-november\/","name":"Erstes S\u00e4chsisches Kreiswegewartetreffen am 10. November - Wander- und Pilgerakademie","isPartOf":{"@id":"https:\/\/www.ltv-sachsen.de\/wanderundpilgerakademie\/#website"},"primaryImageOfPage":{"@id":"https:\/\/www.ltv-sachsen.de\/wanderundpilgerakademie\/erstes-saechsisches-kreiswegewartetreffen-am-10-november\/#primaryimage"},"image":{"@id":"https:\/\/www.ltv-sachsen.de\/wanderundpilgerakademie\/erstes-saechsisches-kreiswegewartetreffen-am-10-november\/#primaryimage"},"thumbnailUrl":"https:\/\/www.ltv-sachsen.de\/wp-content\/uploads\/sites\/2\/2023\/10\/wanderpaar_fundus_tobias-frick.jpg","datePublished":"2023-10-12T08:33:34+00:00","dateModified":"2023-10-12T09:21:37+00:00","author":{"@id":"https:\/\/www.ltv-sachsen.de\/wanderundpilgerakademie\/#\/schema\/person\/c9b358ac1d6549fcc45ce3f905d1358c"},"breadcrumb":{"@id":"https:\/\/www.ltv-sachsen.de\/wanderundpilgerakademie\/erstes-saechsisches-kreiswegewartetreffen-am-10-november\/#breadcrumb"},"inLanguage":"de","potentialAction":[{"@type":"ReadAction","target":["https:\/\/www.ltv-sachsen.de\/wanderundpilgerakademie\/erstes-saechsisches-kreiswegewartetreffen-am-10-november\/"]}]},{"@type":"ImageObject","inLanguage":"de","@id":"https:\/\/www.ltv-sachsen.de\/wanderundpilgerakademie\/erstes-saechsisches-kreiswegewartetreffen-am-10-november\/#primaryimage","url":"https:\/\/www.ltv-sachsen.de\/wp-content\/uploads\/sites\/2\/2023\/10\/wanderpaar_fundus_tobias-frick.jpg","contentUrl":"https:\/\/www.ltv-sachsen.de\/wp-content\/uploads\/sites\/2\/2023\/10\/wanderpaar_fundus_tobias-frick.jpg","width":1199,"height":800,"caption":"\u00a9 Tobias Frick\/fundus-medien.de"},{"@type":"BreadcrumbList","@id":"https:\/\/www.ltv-sachsen.de\/wanderundpilgerakademie\/erstes-saechsisches-kreiswegewartetreffen-am-10-november\/#breadcrumb","itemListElement":[{"@type":"ListItem","position":1,"name":"Home","item":"https:\/\/www.ltv-sachsen.de\/wanderundpilgerakademie\/"},{"@type":"ListItem","position":2,"name":"Erstes S\u00e4chsisches Kreiswegewartetreffen am 10. November"}]},{"@type":"WebSite","@id":"https:\/\/www.ltv-sachsen.de\/wanderundpilgerakademie\/#website","url":"https:\/\/www.ltv-sachsen.de\/wanderundpilgerakademie\/","name":"Wander- und Pilgerakademie","description":"Allgemeine Infos zur Wander- und Pilgerakademie","potentialAction":[{"@type":"SearchAction","target":{"@type":"EntryPoint","urlTemplate":"https:\/\/www.ltv-sachsen.de\/wanderundpilgerakademie\/?s={search_term_string}"},"query-input":{"@type":"PropertyValueSpecification","valueRequired":true,"valueName":"search_term_string"}}],"inLanguage":"de"},{"@type":"Person","@id":"https:\/\/www.ltv-sachsen.de\/wanderundpilgerakademie\/#\/schema\/person\/c9b358ac1d6549fcc45ce3f905d1358c","name":"wanderundpilgerakademie","image":{"@type":"ImageObject","inLanguage":"de","@id":"https:\/\/www.ltv-sachsen.de\/wanderundpilgerakademie\/#\/schema\/person\/image\/","url":"https:\/\/secure.gravatar.com\/avatar\/992f6ea3d0f7e2edcbe1a2de25ad878fb8e5d09adc136f8fbaad6b574c799c34?s=96&d=mm&r=g","contentUrl":"https:\/\/secure.gravatar.com\/avatar\/992f6ea3d0f7e2edcbe1a2de25ad878fb8e5d09adc136f8fbaad6b574c799c34?s=96&d=mm&r=g","caption":"wanderundpilgerakademie"},"url":"https:\/\/www.ltv-sachsen.de\/wanderundpilgerakademie\/author\/wanderundpilgerakademie\/"}]}},"_links":{"self":[{"href":"https:\/\/www.ltv-sachsen.de\/wanderundpilgerakademie\/wp-json\/wp\/v2\/posts\/908","targetHints":{"allow":["GET"]}}],"collection":[{"href":"https:\/\/www.ltv-sachsen.de\/wanderundpilgerakademie\/wp-json\/wp\/v2\/posts"}],"about":[{"href":"https:\/\/www.ltv-sachsen.de\/wanderundpilgerakademie\/wp-json\/wp\/v2\/types\/post"}],"author":[{"embeddable":true,"href":"https:\/\/www.ltv-sachsen.de\/wanderundpilgerakademie\/wp-json\/wp\/v2\/users\/5"}],"replies":[{"embeddable":true,"href":"https:\/\/www.ltv-sachsen.de\/wanderundpilgerakademie\/wp-json\/wp\/v2\/comments?post=908"}],"version-history":[{"count":7,"href":"https:\/\/www.ltv-sachsen.de\/wanderundpilgerakademie\/wp-json\/wp\/v2\/posts\/908\/revisions"}],"predecessor-version":[{"id":920,"href":"https:\/\/www.ltv-sachsen.de\/wanderundpilgerakademie\/wp-json\/wp\/v2\/posts\/908\/revisions\/920"}],"wp:featuredmedia":[{"embeddable":true,"href":"https:\/\/www.ltv-sachsen.de\/wanderundpilgerakademie\/wp-json\/wp\/v2\/media\/912"}],"wp:attachment":[{"href":"https:\/\/www.ltv-sachsen.de\/wanderundpilgerakademie\/wp-json\/wp\/v2\/media?parent=908"}],"wp:term":[{"taxonomy":"category","embeddable":true,"href":"https:\/\/www.ltv-sachsen.de\/wanderundpilgerakademie\/wp-json\/wp\/v2\/categories?post=908"},{"taxonomy":"post_tag","embeddable":true,"href":"https:\/\/www.ltv-sachsen.de\/wanderundpilgerakademie\/wp-json\/wp\/v2\/tags?post=908"}],"curies":[{"name":"wp","href":"https:\/\/api.w.org\/{rel}","templated":true}]}}