{"id":745,"date":"2023-07-13T10:54:11","date_gmt":"2023-07-13T08:54:11","guid":{"rendered":"https:\/\/www.ltv-sachsen.de\/wanderundpilgerakademie\/?p=745"},"modified":"2023-09-05T11:25:53","modified_gmt":"2023-09-05T09:25:53","slug":"neue-termine-fuer-pilgerbegleiterausbildung-2024","status":"publish","type":"post","link":"https:\/\/www.ltv-sachsen.de\/wanderundpilgerakademie\/neue-termine-fuer-pilgerbegleiterausbildung-2024\/","title":{"rendered":"Neue Termine f\u00fcr Pilgerbegleiterausbildung 2024"},"content":{"rendered":"<div class=\"wpb-content-wrapper\"><p>[vc_row][vc_column][vc_column_text]Auch in diesem Fr\u00fchling und Sommer haben wir Pilgerbegleiter ausgebildet. Herzliche Gl\u00fcckw\u00fcnsche an alle Teilnehmerinnen und Teilnehmer im Jahr 2023!<\/p>\n<p>Die neuen Termine f\u00fcr 2024 stehen schon fest:<\/p>\n<p>5.\u20138.4.2024<br \/>\n21.\u201325.6.2024<br \/>\n23.8.\u201325.8.2024<\/p>\n<p class=\"x_MsoNormal\">Wichtig ist, dass es Ihnen \u2013 bei Interesse an der Ausbildung \u2013 m\u00f6glich ist, an allen drei Modulen teilzunehmen. Ab Herbst 2023 m\u00f6chten wir mit den Interessenten gern weiter ins Gespr\u00e4ch kommen. Ihr Interesse oder Ihre Fragen senden Sie bitte an holger.richter@evlks.de.<\/p>\n<p>Wir freuen uns auf Ihre Anfragen![\/vc_column_text][\/vc_column][\/vc_row]<\/p>\n<\/div>","protected":false},"excerpt":{"rendered":"<p>[vc_row][vc_column][vc_column_text]Auch in diesem Fr\u00fchling und Sommer haben wir Pilgerbegleiter ausgebildet. Herzliche Gl\u00fcckw\u00fcnsche an alle Teilnehmerinnen und Teilnehmer im Jahr 2023! Die neuen Termine f\u00fcr 2024 stehen schon fest: 5.\u20138.4.2024 21.\u201325.6.2024 23.8.\u201325.8.2024 Wichtig ist, dass es Ihnen \u2013 bei Interesse an der Ausbildung \u2013 m\u00f6glich ist, an allen drei Modulen teilzunehmen. Ab Herbst 2023 m\u00f6chten wir [&hellip;]<\/p>\n","protected":false},"author":5,"featured_media":739,"comment_status":"closed","ping_status":"open","sticky":false,"template":"","format":"standard","meta":{"_acf_changed":false,"inline_featured_image":false,"footnotes":""},"categories":[37],"tags":[],"class_list":["post-745","post","type-post","status-publish","format-standard","has-post-thumbnail","hentry","category-news"],"acf":[],"yoast_head":"<!-- This site is optimized with the Yoast SEO plugin v26.4 - https:\/\/yoast.com\/wordpress\/plugins\/seo\/ -->\n<title>Neue Termine f\u00fcr Pilgerbegleiterausbildung 2024 - Wander- und Pilgerakademie<\/title>\n<meta name=\"robots\" content=\"index, follow, max-snippet:-1, max-image-preview:large, max-video-preview:-1\" \/>\n<link rel=\"canonical\" href=\"https:\/\/www.ltv-sachsen.de\/wanderundpilgerakademie\/neue-termine-fuer-pilgerbegleiterausbildung-2024\/\" \/>\n<meta property=\"og:locale\" content=\"de_DE\" \/>\n<meta property=\"og:type\" content=\"article\" \/>\n<meta property=\"og:title\" content=\"Neue Termine f\u00fcr Pilgerbegleiterausbildung 2024 - Wander- und Pilgerakademie\" \/>\n<meta property=\"og:description\" content=\"[vc_row][vc_column][vc_column_text]Auch in diesem Fr\u00fchling und Sommer haben wir Pilgerbegleiter ausgebildet. Herzliche Gl\u00fcckw\u00fcnsche an alle Teilnehmerinnen und Teilnehmer im Jahr 2023! Die neuen Termine f\u00fcr 2024 stehen schon fest: 5.\u20138.4.2024 21.\u201325.6.2024 23.8.\u201325.8.2024 Wichtig ist, dass es Ihnen \u2013 bei Interesse an der Ausbildung \u2013 m\u00f6glich ist, an allen drei Modulen teilzunehmen. Ab Herbst 2023 m\u00f6chten wir [&hellip;]\" \/>\n<meta property=\"og:url\" content=\"https:\/\/www.ltv-sachsen.de\/wanderundpilgerakademie\/neue-termine-fuer-pilgerbegleiterausbildung-2024\/\" \/>\n<meta property=\"og:site_name\" content=\"Wander- und Pilgerakademie\" \/>\n<meta property=\"article:published_time\" content=\"2023-07-13T08:54:11+00:00\" \/>\n<meta property=\"article:modified_time\" content=\"2023-09-05T09:25:53+00:00\" \/>\n<meta property=\"og:image\" content=\"https:\/\/www.ltv-sachsen.de\/wp-content\/uploads\/sites\/2\/2023\/07\/20230709_112737-scaled.jpg\" \/>\n\t<meta property=\"og:image:width\" content=\"2560\" \/>\n\t<meta property=\"og:image:height\" content=\"1920\" \/>\n\t<meta property=\"og:image:type\" content=\"image\/jpeg\" \/>\n<meta name=\"author\" content=\"wanderundpilgerakademie\" \/>\n<meta name=\"twitter:card\" content=\"summary_large_image\" \/>\n<meta name=\"twitter:label1\" content=\"Verfasst von\" \/>\n\t<meta name=\"twitter:data1\" content=\"wanderundpilgerakademie\" \/>\n\t<meta name=\"twitter:label2\" content=\"Gesch\u00e4tzte Lesezeit\" \/>\n\t<meta name=\"twitter:data2\" content=\"1\u00a0Minute\" \/>\n<script type=\"application\/ld+json\" class=\"yoast-schema-graph\">{\"@context\":\"https:\/\/schema.org\",\"@graph\":[{\"@type\":\"WebPage\",\"@id\":\"https:\/\/www.ltv-sachsen.de\/wanderundpilgerakademie\/neue-termine-fuer-pilgerbegleiterausbildung-2024\/\",\"url\":\"https:\/\/www.ltv-sachsen.de\/wanderundpilgerakademie\/neue-termine-fuer-pilgerbegleiterausbildung-2024\/\",\"name\":\"Neue Termine f\u00fcr Pilgerbegleiterausbildung 2024 - Wander- und Pilgerakademie\",\"isPartOf\":{\"@id\":\"https:\/\/www.ltv-sachsen.de\/wanderundpilgerakademie\/#website\"},\"primaryImageOfPage\":{\"@id\":\"https:\/\/www.ltv-sachsen.de\/wanderundpilgerakademie\/neue-termine-fuer-pilgerbegleiterausbildung-2024\/#primaryimage\"},\"image\":{\"@id\":\"https:\/\/www.ltv-sachsen.de\/wanderundpilgerakademie\/neue-termine-fuer-pilgerbegleiterausbildung-2024\/#primaryimage\"},\"thumbnailUrl\":\"https:\/\/www.ltv-sachsen.de\/wp-content\/uploads\/sites\/2\/2023\/07\/20230709_112737-scaled.jpg\",\"datePublished\":\"2023-07-13T08:54:11+00:00\",\"dateModified\":\"2023-09-05T09:25:53+00:00\",\"author\":{\"@id\":\"https:\/\/www.ltv-sachsen.de\/wanderundpilgerakademie\/#\/schema\/person\/c9b358ac1d6549fcc45ce3f905d1358c\"},\"breadcrumb\":{\"@id\":\"https:\/\/www.ltv-sachsen.de\/wanderundpilgerakademie\/neue-termine-fuer-pilgerbegleiterausbildung-2024\/#breadcrumb\"},\"inLanguage\":\"de\",\"potentialAction\":[{\"@type\":\"ReadAction\",\"target\":[\"https:\/\/www.ltv-sachsen.de\/wanderundpilgerakademie\/neue-termine-fuer-pilgerbegleiterausbildung-2024\/\"]}]},{\"@type\":\"ImageObject\",\"inLanguage\":\"de\",\"@id\":\"https:\/\/www.ltv-sachsen.de\/wanderundpilgerakademie\/neue-termine-fuer-pilgerbegleiterausbildung-2024\/#primaryimage\",\"url\":\"https:\/\/www.ltv-sachsen.de\/wp-content\/uploads\/sites\/2\/2023\/07\/20230709_112737-scaled.jpg\",\"contentUrl\":\"https:\/\/www.ltv-sachsen.de\/wp-content\/uploads\/sites\/2\/2023\/07\/20230709_112737-scaled.jpg\",\"width\":2560,\"height\":1920,\"caption\":\"Teilnehmerinnen und Teilnehmer der Pilgerbegleiterausbildung im Jahr 2023\"},{\"@type\":\"BreadcrumbList\",\"@id\":\"https:\/\/www.ltv-sachsen.de\/wanderundpilgerakademie\/neue-termine-fuer-pilgerbegleiterausbildung-2024\/#breadcrumb\",\"itemListElement\":[{\"@type\":\"ListItem\",\"position\":1,\"name\":\"Home\",\"item\":\"https:\/\/www.ltv-sachsen.de\/wanderundpilgerakademie\/\"},{\"@type\":\"ListItem\",\"position\":2,\"name\":\"Neue Termine f\u00fcr Pilgerbegleiterausbildung 2024\"}]},{\"@type\":\"WebSite\",\"@id\":\"https:\/\/www.ltv-sachsen.de\/wanderundpilgerakademie\/#website\",\"url\":\"https:\/\/www.ltv-sachsen.de\/wanderundpilgerakademie\/\",\"name\":\"Wander- und Pilgerakademie\",\"description\":\"Allgemeine Infos zur Wander- und Pilgerakademie\",\"potentialAction\":[{\"@type\":\"SearchAction\",\"target\":{\"@type\":\"EntryPoint\",\"urlTemplate\":\"https:\/\/www.ltv-sachsen.de\/wanderundpilgerakademie\/?s={search_term_string}\"},\"query-input\":{\"@type\":\"PropertyValueSpecification\",\"valueRequired\":true,\"valueName\":\"search_term_string\"}}],\"inLanguage\":\"de\"},{\"@type\":\"Person\",\"@id\":\"https:\/\/www.ltv-sachsen.de\/wanderundpilgerakademie\/#\/schema\/person\/c9b358ac1d6549fcc45ce3f905d1358c\",\"name\":\"wanderundpilgerakademie\",\"image\":{\"@type\":\"ImageObject\",\"inLanguage\":\"de\",\"@id\":\"https:\/\/www.ltv-sachsen.de\/wanderundpilgerakademie\/#\/schema\/person\/image\/\",\"url\":\"https:\/\/secure.gravatar.com\/avatar\/992f6ea3d0f7e2edcbe1a2de25ad878fb8e5d09adc136f8fbaad6b574c799c34?s=96&d=mm&r=g\",\"contentUrl\":\"https:\/\/secure.gravatar.com\/avatar\/992f6ea3d0f7e2edcbe1a2de25ad878fb8e5d09adc136f8fbaad6b574c799c34?s=96&d=mm&r=g\",\"caption\":\"wanderundpilgerakademie\"},\"url\":\"https:\/\/www.ltv-sachsen.de\/wanderundpilgerakademie\/author\/wanderundpilgerakademie\/\"}]}<\/script>\n<!-- \/ Yoast SEO plugin. -->","yoast_head_json":{"title":"Neue Termine f\u00fcr Pilgerbegleiterausbildung 2024 - Wander- und Pilgerakademie","robots":{"index":"index","follow":"follow","max-snippet":"max-snippet:-1","max-image-preview":"max-image-preview:large","max-video-preview":"max-video-preview:-1"},"canonical":"https:\/\/www.ltv-sachsen.de\/wanderundpilgerakademie\/neue-termine-fuer-pilgerbegleiterausbildung-2024\/","og_locale":"de_DE","og_type":"article","og_title":"Neue Termine f\u00fcr Pilgerbegleiterausbildung 2024 - Wander- und Pilgerakademie","og_description":"[vc_row][vc_column][vc_column_text]Auch in diesem Fr\u00fchling und Sommer haben wir Pilgerbegleiter ausgebildet. Herzliche Gl\u00fcckw\u00fcnsche an alle Teilnehmerinnen und Teilnehmer im Jahr 2023! Die neuen Termine f\u00fcr 2024 stehen schon fest: 5.\u20138.4.2024 21.\u201325.6.2024 23.8.\u201325.8.2024 Wichtig ist, dass es Ihnen \u2013 bei Interesse an der Ausbildung \u2013 m\u00f6glich ist, an allen drei Modulen teilzunehmen. Ab Herbst 2023 m\u00f6chten wir [&hellip;]","og_url":"https:\/\/www.ltv-sachsen.de\/wanderundpilgerakademie\/neue-termine-fuer-pilgerbegleiterausbildung-2024\/","og_site_name":"Wander- und Pilgerakademie","article_published_time":"2023-07-13T08:54:11+00:00","article_modified_time":"2023-09-05T09:25:53+00:00","og_image":[{"width":2560,"height":1920,"url":"https:\/\/www.ltv-sachsen.de\/wp-content\/uploads\/sites\/2\/2023\/07\/20230709_112737-scaled.jpg","type":"image\/jpeg"}],"author":"wanderundpilgerakademie","twitter_card":"summary_large_image","twitter_misc":{"Verfasst von":"wanderundpilgerakademie","Gesch\u00e4tzte Lesezeit":"1\u00a0Minute"},"schema":{"@context":"https:\/\/schema.org","@graph":[{"@type":"WebPage","@id":"https:\/\/www.ltv-sachsen.de\/wanderundpilgerakademie\/neue-termine-fuer-pilgerbegleiterausbildung-2024\/","url":"https:\/\/www.ltv-sachsen.de\/wanderundpilgerakademie\/neue-termine-fuer-pilgerbegleiterausbildung-2024\/","name":"Neue Termine f\u00fcr Pilgerbegleiterausbildung 2024 - Wander- und Pilgerakademie","isPartOf":{"@id":"https:\/\/www.ltv-sachsen.de\/wanderundpilgerakademie\/#website"},"primaryImageOfPage":{"@id":"https:\/\/www.ltv-sachsen.de\/wanderundpilgerakademie\/neue-termine-fuer-pilgerbegleiterausbildung-2024\/#primaryimage"},"image":{"@id":"https:\/\/www.ltv-sachsen.de\/wanderundpilgerakademie\/neue-termine-fuer-pilgerbegleiterausbildung-2024\/#primaryimage"},"thumbnailUrl":"https:\/\/www.ltv-sachsen.de\/wp-content\/uploads\/sites\/2\/2023\/07\/20230709_112737-scaled.jpg","datePublished":"2023-07-13T08:54:11+00:00","dateModified":"2023-09-05T09:25:53+00:00","author":{"@id":"https:\/\/www.ltv-sachsen.de\/wanderundpilgerakademie\/#\/schema\/person\/c9b358ac1d6549fcc45ce3f905d1358c"},"breadcrumb":{"@id":"https:\/\/www.ltv-sachsen.de\/wanderundpilgerakademie\/neue-termine-fuer-pilgerbegleiterausbildung-2024\/#breadcrumb"},"inLanguage":"de","potentialAction":[{"@type":"ReadAction","target":["https:\/\/www.ltv-sachsen.de\/wanderundpilgerakademie\/neue-termine-fuer-pilgerbegleiterausbildung-2024\/"]}]},{"@type":"ImageObject","inLanguage":"de","@id":"https:\/\/www.ltv-sachsen.de\/wanderundpilgerakademie\/neue-termine-fuer-pilgerbegleiterausbildung-2024\/#primaryimage","url":"https:\/\/www.ltv-sachsen.de\/wp-content\/uploads\/sites\/2\/2023\/07\/20230709_112737-scaled.jpg","contentUrl":"https:\/\/www.ltv-sachsen.de\/wp-content\/uploads\/sites\/2\/2023\/07\/20230709_112737-scaled.jpg","width":2560,"height":1920,"caption":"Teilnehmerinnen und Teilnehmer der Pilgerbegleiterausbildung im Jahr 2023"},{"@type":"BreadcrumbList","@id":"https:\/\/www.ltv-sachsen.de\/wanderundpilgerakademie\/neue-termine-fuer-pilgerbegleiterausbildung-2024\/#breadcrumb","itemListElement":[{"@type":"ListItem","position":1,"name":"Home","item":"https:\/\/www.ltv-sachsen.de\/wanderundpilgerakademie\/"},{"@type":"ListItem","position":2,"name":"Neue Termine f\u00fcr Pilgerbegleiterausbildung 2024"}]},{"@type":"WebSite","@id":"https:\/\/www.ltv-sachsen.de\/wanderundpilgerakademie\/#website","url":"https:\/\/www.ltv-sachsen.de\/wanderundpilgerakademie\/","name":"Wander- und Pilgerakademie","description":"Allgemeine Infos zur Wander- und Pilgerakademie","potentialAction":[{"@type":"SearchAction","target":{"@type":"EntryPoint","urlTemplate":"https:\/\/www.ltv-sachsen.de\/wanderundpilgerakademie\/?s={search_term_string}"},"query-input":{"@type":"PropertyValueSpecification","valueRequired":true,"valueName":"search_term_string"}}],"inLanguage":"de"},{"@type":"Person","@id":"https:\/\/www.ltv-sachsen.de\/wanderundpilgerakademie\/#\/schema\/person\/c9b358ac1d6549fcc45ce3f905d1358c","name":"wanderundpilgerakademie","image":{"@type":"ImageObject","inLanguage":"de","@id":"https:\/\/www.ltv-sachsen.de\/wanderundpilgerakademie\/#\/schema\/person\/image\/","url":"https:\/\/secure.gravatar.com\/avatar\/992f6ea3d0f7e2edcbe1a2de25ad878fb8e5d09adc136f8fbaad6b574c799c34?s=96&d=mm&r=g","contentUrl":"https:\/\/secure.gravatar.com\/avatar\/992f6ea3d0f7e2edcbe1a2de25ad878fb8e5d09adc136f8fbaad6b574c799c34?s=96&d=mm&r=g","caption":"wanderundpilgerakademie"},"url":"https:\/\/www.ltv-sachsen.de\/wanderundpilgerakademie\/author\/wanderundpilgerakademie\/"}]}},"_links":{"self":[{"href":"https:\/\/www.ltv-sachsen.de\/wanderundpilgerakademie\/wp-json\/wp\/v2\/posts\/745","targetHints":{"allow":["GET"]}}],"collection":[{"href":"https:\/\/www.ltv-sachsen.de\/wanderundpilgerakademie\/wp-json\/wp\/v2\/posts"}],"about":[{"href":"https:\/\/www.ltv-sachsen.de\/wanderundpilgerakademie\/wp-json\/wp\/v2\/types\/post"}],"author":[{"embeddable":true,"href":"https:\/\/www.ltv-sachsen.de\/wanderundpilgerakademie\/wp-json\/wp\/v2\/users\/5"}],"replies":[{"embeddable":true,"href":"https:\/\/www.ltv-sachsen.de\/wanderundpilgerakademie\/wp-json\/wp\/v2\/comments?post=745"}],"version-history":[{"count":4,"href":"https:\/\/www.ltv-sachsen.de\/wanderundpilgerakademie\/wp-json\/wp\/v2\/posts\/745\/revisions"}],"predecessor-version":[{"id":767,"href":"https:\/\/www.ltv-sachsen.de\/wanderundpilgerakademie\/wp-json\/wp\/v2\/posts\/745\/revisions\/767"}],"wp:featuredmedia":[{"embeddable":true,"href":"https:\/\/www.ltv-sachsen.de\/wanderundpilgerakademie\/wp-json\/wp\/v2\/media\/739"}],"wp:attachment":[{"href":"https:\/\/www.ltv-sachsen.de\/wanderundpilgerakademie\/wp-json\/wp\/v2\/media?parent=745"}],"wp:term":[{"taxonomy":"category","embeddable":true,"href":"https:\/\/www.ltv-sachsen.de\/wanderundpilgerakademie\/wp-json\/wp\/v2\/categories?post=745"},{"taxonomy":"post_tag","embeddable":true,"href":"https:\/\/www.ltv-sachsen.de\/wanderundpilgerakademie\/wp-json\/wp\/v2\/tags?post=745"}],"curies":[{"name":"wp","href":"https:\/\/api.w.org\/{rel}","templated":true}]}}