{"id":701,"date":"2023-06-26T13:00:39","date_gmt":"2023-06-26T11:00:39","guid":{"rendered":"https:\/\/www.ltv-sachsen.de\/wanderundpilgerakademie\/?p=701"},"modified":"2023-06-27T10:25:36","modified_gmt":"2023-06-27T08:25:36","slug":"tourismusministerin-barbara-klepsch-beim-12-saechsischen-wandertag-in-grimma","status":"publish","type":"post","link":"https:\/\/www.ltv-sachsen.de\/wanderundpilgerakademie\/tourismusministerin-barbara-klepsch-beim-12-saechsischen-wandertag-in-grimma\/","title":{"rendered":"Tourismusministerin Barbara Klepsch beim 12. S\u00e4chsischen Wandertag in Grimma"},"content":{"rendered":"<div class=\"wpb-content-wrapper\"><p>[vc_row ppi_row_padding=&#8220;ppi_remove_padding_top&#8220; full_width=&#8220;ppi_small_row&#8220;][vc_column][vc_column_text]\u00dcber 1.500 Wanderer konnten sich vom 16. bis 18. Juni 2023 beim <strong>12. S\u00e4chsischen Wandertag in Grimma<\/strong> \u00fcber eine bunte Auswahl aus 50 gef\u00fchrten und individuellen Touren zwischen 2,5 und 73 Wegekilometern durch das Muldental und die Region Leipzig freuen!<\/p>\n<p>Zur offiziellen Begr\u00fc\u00dfung der Wanderer und Ehreng\u00e4ste am Samstag betonte die <strong>S\u00e4chsische Tourismusministerin Barbara Klepsch<\/strong>: \u00bbDie Beliebtheit des Wanderns hat in Sachsen in den letzten Jahren bei Jung und Alt zugenommen und ist damit ein wichtiger Baustein f\u00fcr den s\u00e4chsischen Tourismus. Um Sachsen als Wander- und Pilgerland weit oben zu positionieren, sind wir auf die Unterst\u00fctzung der zahlreichen ehrenamtlichen Wegewarte, Wanderf\u00fchrer und Pilgerbegleiter angewiesen. Mein Haus stellt daher gezielt f\u00fcr das Thema Wandern und Pilgern finanzielle Mittel zur Verf\u00fcgung, um das Ehrenamt zu st\u00e4rken und die Nachfolge der j\u00fcngeren Generation zu begleiten. Ich danke dem Landestourismusverbund Sachsen und der Evangelischen Erwachsenenbildung, die diese vielen kleinen Ma\u00dfnahmen hervorragend umsetzen. Ich danke ebenso den vielen Wegewarten und ehrenamtlich Engagierten ganz herzlich f\u00fcr ihre wichtige und unverzichtbare Arbeit. Sie sorgen f\u00fcr die Instandhaltung und Beschilderung der Wanderwege, damit Wanderer sicher und mit guter Orientierung in der Natur unterwegs sein k\u00f6nnen.\u00ab An der Er\u00f6ffnung nahmen auch Grimmas Oberb\u00fcrgermeister Matthias Berger, die Vizepr\u00e4sidentin des Deutschen Wanderverbandes Heidrun Hiemer, der Landrat des Landkreises Leipzig und der Gesch\u00e4ftsf\u00fchrer des S\u00e4chsischen Landeskuratoriums L\u00e4ndlicher Raum e. V. Marko Klimann teil.<\/p>\n<p>Seit 2009 findet der S\u00e4chsische Wandertag jedes Jahr als landesweites Event immer in einer anderen Tourismusregion statt. Die jeweilige Gastgeberstadt wird bei der Vorbereitung und Durchf\u00fchrung stets durch das S\u00e4chsische Landeskuratorium L\u00e4ndlicher Raum e. V. und durch den Freistaat Sachsen mit finanziellen Mitteln unterst\u00fctzt. Ein besonderer Dank gilt jedoch allen ehrenamtlichen Helfern und Wanderleitern, die diese Wanderveranstaltung jedes Jahr mit ihrem Engagement erm\u00f6glichen. Im kommenden Jahr 2024 wird vom 31. Mai bis 2. Juni <strong>Lugau\/Erzgebirge beim 13. S\u00e4chsischen Wandertag<\/strong> Gastgeber f\u00fcr alle Wanderbegeisterten sein.<\/p>\n<p>Aktuell gibt es in Sachsen bereits f\u00fcnf durch den Deutschen Wanderverband zertifizierte Qualit\u00e4tswanderwege und sieben Pilgerwege \u2013 darunter namhafte Wege wie den Kammweg Erzgebirge-Vogtland, den Oberlausitzer Bergweg oder die Pilgerwege Jakobs- und Lutherweg. Von all diesen Wegen und Angeboten profitiert die gesamte Tourismuswirtschaft \u2013 die Gastronomiebetriebe an den Strecken, die Hotels, Pensionen und Herbergen, aber auch Kultur- und Freizeitangebote, die hier mit eingebunden werden. Wandern verbindet sportliche Aktivit\u00e4t mit Naturerlebnissen und f\u00fchrt die G\u00e4ste zu besonderen Orten und Sehensw\u00fcrdigkeiten in der Region. Viele Menschen entdecken die Sch\u00f6nheit und die Abwechslung der s\u00e4chsischen Wanderwege. So sind laut einer Studie des Deutschen Wanderinstituts aus dem Jahr 2022 bereits 42 Prozent der s\u00e4chsischen Bev\u00f6lkerung regelm\u00e4\u00dfig zu Fu\u00df in der Natur unterwegs. Mit rund 17.000 Kilometern gut ausgebauten Wanderwegen bietet Sachsen hier eine gro\u00dfe Vielfalt an Touren und M\u00f6glichkeiten. Von der entspannten Wanderung durch die unterschiedlichen Landschaften bis hin zu anspruchsvollen Trekking- und Klettertouren in den s\u00e4chsischen Mittelgebirgen \u2013 f\u00fcr jeden gibt es die passende Route. M\u00f6glich macht das die fachkundige und engagierte Arbeit von Kommunen, Tourismusverb\u00e4nden, Wanderwegewarten und ehrenamtlichen Helfern, die sich in hohem Ma\u00dfe f\u00fcr den Ausbau und die Pflege des s\u00e4chsischen Wanderwegenetzes einsetzen.<\/p>\n<p>AUTOR: VALENTIN STAHL<br \/>\nS\u00e4chsisches Staatsministerium f\u00fcr Wissenschaft, Kultur und Tourismus \u00b7 Referent Presse und \u00d6ffentlichkeitsarbeit Kultur und Tourismus[\/vc_column_text][\/vc_column][\/vc_row]<\/p>\n<\/div>","protected":false},"excerpt":{"rendered":"<p>[vc_row ppi_row_padding=&#8220;ppi_remove_padding_top&#8220; full_width=&#8220;ppi_small_row&#8220;][vc_column][vc_column_text]\u00dcber 1.500 Wanderer konnten sich vom 16. bis 18. Juni 2023 beim 12. S\u00e4chsischen Wandertag in Grimma \u00fcber eine bunte Auswahl aus 50 gef\u00fchrten und individuellen Touren zwischen 2,5 und 73 Wegekilometern durch das Muldental und die Region Leipzig freuen! Zur offiziellen Begr\u00fc\u00dfung der Wanderer und Ehreng\u00e4ste am Samstag betonte die S\u00e4chsische Tourismusministerin [&hellip;]<\/p>\n","protected":false},"author":5,"featured_media":710,"comment_status":"closed","ping_status":"open","sticky":false,"template":"","format":"standard","meta":{"_acf_changed":false,"inline_featured_image":false,"footnotes":""},"categories":[37],"tags":[],"class_list":["post-701","post","type-post","status-publish","format-standard","has-post-thumbnail","hentry","category-news"],"acf":[],"yoast_head":"<!-- This site is optimized with the Yoast SEO plugin v26.4 - https:\/\/yoast.com\/wordpress\/plugins\/seo\/ -->\n<title>Tourismusministerin Barbara Klepsch beim 12. S\u00e4chsischen Wandertag in Grimma - Wander- und Pilgerakademie<\/title>\n<meta name=\"robots\" content=\"index, follow, max-snippet:-1, max-image-preview:large, max-video-preview:-1\" \/>\n<link rel=\"canonical\" href=\"https:\/\/www.ltv-sachsen.de\/wanderundpilgerakademie\/tourismusministerin-barbara-klepsch-beim-12-saechsischen-wandertag-in-grimma\/\" \/>\n<meta property=\"og:locale\" content=\"de_DE\" \/>\n<meta property=\"og:type\" content=\"article\" \/>\n<meta property=\"og:title\" content=\"Tourismusministerin Barbara Klepsch beim 12. S\u00e4chsischen Wandertag in Grimma - Wander- und Pilgerakademie\" \/>\n<meta property=\"og:description\" content=\"[vc_row ppi_row_padding=&#8220;ppi_remove_padding_top&#8220; full_width=&#8220;ppi_small_row&#8220;][vc_column][vc_column_text]\u00dcber 1.500 Wanderer konnten sich vom 16. bis 18. Juni 2023 beim 12. S\u00e4chsischen Wandertag in Grimma \u00fcber eine bunte Auswahl aus 50 gef\u00fchrten und individuellen Touren zwischen 2,5 und 73 Wegekilometern durch das Muldental und die Region Leipzig freuen! Zur offiziellen Begr\u00fc\u00dfung der Wanderer und Ehreng\u00e4ste am Samstag betonte die S\u00e4chsische Tourismusministerin [&hellip;]\" \/>\n<meta property=\"og:url\" content=\"https:\/\/www.ltv-sachsen.de\/wanderundpilgerakademie\/tourismusministerin-barbara-klepsch-beim-12-saechsischen-wandertag-in-grimma\/\" \/>\n<meta property=\"og:site_name\" content=\"Wander- und Pilgerakademie\" \/>\n<meta property=\"article:published_time\" content=\"2023-06-26T11:00:39+00:00\" \/>\n<meta property=\"article:modified_time\" content=\"2023-06-27T08:25:36+00:00\" \/>\n<meta property=\"og:image\" content=\"https:\/\/www.ltv-sachsen.de\/wp-content\/uploads\/sites\/2\/2023\/06\/Uebergabe-Staffelstab-an-Lugau-scaled-e1687854327344.jpg\" \/>\n\t<meta property=\"og:image:width\" content=\"2252\" \/>\n\t<meta property=\"og:image:height\" content=\"1708\" \/>\n\t<meta property=\"og:image:type\" content=\"image\/jpeg\" \/>\n<meta name=\"author\" content=\"wanderundpilgerakademie\" \/>\n<meta name=\"twitter:card\" content=\"summary_large_image\" \/>\n<meta name=\"twitter:label1\" content=\"Verfasst von\" \/>\n\t<meta name=\"twitter:data1\" content=\"wanderundpilgerakademie\" \/>\n\t<meta name=\"twitter:label2\" content=\"Gesch\u00e4tzte Lesezeit\" \/>\n\t<meta name=\"twitter:data2\" content=\"3\u00a0Minuten\" \/>\n<script type=\"application\/ld+json\" class=\"yoast-schema-graph\">{\"@context\":\"https:\/\/schema.org\",\"@graph\":[{\"@type\":\"WebPage\",\"@id\":\"https:\/\/www.ltv-sachsen.de\/wanderundpilgerakademie\/tourismusministerin-barbara-klepsch-beim-12-saechsischen-wandertag-in-grimma\/\",\"url\":\"https:\/\/www.ltv-sachsen.de\/wanderundpilgerakademie\/tourismusministerin-barbara-klepsch-beim-12-saechsischen-wandertag-in-grimma\/\",\"name\":\"Tourismusministerin Barbara Klepsch beim 12. S\u00e4chsischen Wandertag in Grimma - Wander- und Pilgerakademie\",\"isPartOf\":{\"@id\":\"https:\/\/www.ltv-sachsen.de\/wanderundpilgerakademie\/#website\"},\"primaryImageOfPage\":{\"@id\":\"https:\/\/www.ltv-sachsen.de\/wanderundpilgerakademie\/tourismusministerin-barbara-klepsch-beim-12-saechsischen-wandertag-in-grimma\/#primaryimage\"},\"image\":{\"@id\":\"https:\/\/www.ltv-sachsen.de\/wanderundpilgerakademie\/tourismusministerin-barbara-klepsch-beim-12-saechsischen-wandertag-in-grimma\/#primaryimage\"},\"thumbnailUrl\":\"https:\/\/www.ltv-sachsen.de\/wp-content\/uploads\/sites\/2\/2023\/06\/Uebergabe-Staffelstab-an-Lugau-scaled-e1687854327344.jpg\",\"datePublished\":\"2023-06-26T11:00:39+00:00\",\"dateModified\":\"2023-06-27T08:25:36+00:00\",\"author\":{\"@id\":\"https:\/\/www.ltv-sachsen.de\/wanderundpilgerakademie\/#\/schema\/person\/c9b358ac1d6549fcc45ce3f905d1358c\"},\"breadcrumb\":{\"@id\":\"https:\/\/www.ltv-sachsen.de\/wanderundpilgerakademie\/tourismusministerin-barbara-klepsch-beim-12-saechsischen-wandertag-in-grimma\/#breadcrumb\"},\"inLanguage\":\"de\",\"potentialAction\":[{\"@type\":\"ReadAction\",\"target\":[\"https:\/\/www.ltv-sachsen.de\/wanderundpilgerakademie\/tourismusministerin-barbara-klepsch-beim-12-saechsischen-wandertag-in-grimma\/\"]}]},{\"@type\":\"ImageObject\",\"inLanguage\":\"de\",\"@id\":\"https:\/\/www.ltv-sachsen.de\/wanderundpilgerakademie\/tourismusministerin-barbara-klepsch-beim-12-saechsischen-wandertag-in-grimma\/#primaryimage\",\"url\":\"https:\/\/www.ltv-sachsen.de\/wp-content\/uploads\/sites\/2\/2023\/06\/Uebergabe-Staffelstab-an-Lugau-scaled-e1687854327344.jpg\",\"contentUrl\":\"https:\/\/www.ltv-sachsen.de\/wp-content\/uploads\/sites\/2\/2023\/06\/Uebergabe-Staffelstab-an-Lugau-scaled-e1687854327344.jpg\",\"width\":2252,\"height\":1708},{\"@type\":\"BreadcrumbList\",\"@id\":\"https:\/\/www.ltv-sachsen.de\/wanderundpilgerakademie\/tourismusministerin-barbara-klepsch-beim-12-saechsischen-wandertag-in-grimma\/#breadcrumb\",\"itemListElement\":[{\"@type\":\"ListItem\",\"position\":1,\"name\":\"Home\",\"item\":\"https:\/\/www.ltv-sachsen.de\/wanderundpilgerakademie\/\"},{\"@type\":\"ListItem\",\"position\":2,\"name\":\"Tourismusministerin Barbara Klepsch beim 12. S\u00e4chsischen Wandertag in Grimma\"}]},{\"@type\":\"WebSite\",\"@id\":\"https:\/\/www.ltv-sachsen.de\/wanderundpilgerakademie\/#website\",\"url\":\"https:\/\/www.ltv-sachsen.de\/wanderundpilgerakademie\/\",\"name\":\"Wander- und Pilgerakademie\",\"description\":\"Allgemeine Infos zur Wander- und Pilgerakademie\",\"potentialAction\":[{\"@type\":\"SearchAction\",\"target\":{\"@type\":\"EntryPoint\",\"urlTemplate\":\"https:\/\/www.ltv-sachsen.de\/wanderundpilgerakademie\/?s={search_term_string}\"},\"query-input\":{\"@type\":\"PropertyValueSpecification\",\"valueRequired\":true,\"valueName\":\"search_term_string\"}}],\"inLanguage\":\"de\"},{\"@type\":\"Person\",\"@id\":\"https:\/\/www.ltv-sachsen.de\/wanderundpilgerakademie\/#\/schema\/person\/c9b358ac1d6549fcc45ce3f905d1358c\",\"name\":\"wanderundpilgerakademie\",\"image\":{\"@type\":\"ImageObject\",\"inLanguage\":\"de\",\"@id\":\"https:\/\/www.ltv-sachsen.de\/wanderundpilgerakademie\/#\/schema\/person\/image\/\",\"url\":\"https:\/\/secure.gravatar.com\/avatar\/992f6ea3d0f7e2edcbe1a2de25ad878fb8e5d09adc136f8fbaad6b574c799c34?s=96&d=mm&r=g\",\"contentUrl\":\"https:\/\/secure.gravatar.com\/avatar\/992f6ea3d0f7e2edcbe1a2de25ad878fb8e5d09adc136f8fbaad6b574c799c34?s=96&d=mm&r=g\",\"caption\":\"wanderundpilgerakademie\"},\"url\":\"https:\/\/www.ltv-sachsen.de\/wanderundpilgerakademie\/author\/wanderundpilgerakademie\/\"}]}<\/script>\n<!-- \/ Yoast SEO plugin. -->","yoast_head_json":{"title":"Tourismusministerin Barbara Klepsch beim 12. S\u00e4chsischen Wandertag in Grimma - Wander- und Pilgerakademie","robots":{"index":"index","follow":"follow","max-snippet":"max-snippet:-1","max-image-preview":"max-image-preview:large","max-video-preview":"max-video-preview:-1"},"canonical":"https:\/\/www.ltv-sachsen.de\/wanderundpilgerakademie\/tourismusministerin-barbara-klepsch-beim-12-saechsischen-wandertag-in-grimma\/","og_locale":"de_DE","og_type":"article","og_title":"Tourismusministerin Barbara Klepsch beim 12. S\u00e4chsischen Wandertag in Grimma - Wander- und Pilgerakademie","og_description":"[vc_row ppi_row_padding=&#8220;ppi_remove_padding_top&#8220; full_width=&#8220;ppi_small_row&#8220;][vc_column][vc_column_text]\u00dcber 1.500 Wanderer konnten sich vom 16. bis 18. Juni 2023 beim 12. S\u00e4chsischen Wandertag in Grimma \u00fcber eine bunte Auswahl aus 50 gef\u00fchrten und individuellen Touren zwischen 2,5 und 73 Wegekilometern durch das Muldental und die Region Leipzig freuen! Zur offiziellen Begr\u00fc\u00dfung der Wanderer und Ehreng\u00e4ste am Samstag betonte die S\u00e4chsische Tourismusministerin [&hellip;]","og_url":"https:\/\/www.ltv-sachsen.de\/wanderundpilgerakademie\/tourismusministerin-barbara-klepsch-beim-12-saechsischen-wandertag-in-grimma\/","og_site_name":"Wander- und Pilgerakademie","article_published_time":"2023-06-26T11:00:39+00:00","article_modified_time":"2023-06-27T08:25:36+00:00","og_image":[{"width":2252,"height":1708,"url":"https:\/\/www.ltv-sachsen.de\/wp-content\/uploads\/sites\/2\/2023\/06\/Uebergabe-Staffelstab-an-Lugau-scaled-e1687854327344.jpg","type":"image\/jpeg"}],"author":"wanderundpilgerakademie","twitter_card":"summary_large_image","twitter_misc":{"Verfasst von":"wanderundpilgerakademie","Gesch\u00e4tzte Lesezeit":"3\u00a0Minuten"},"schema":{"@context":"https:\/\/schema.org","@graph":[{"@type":"WebPage","@id":"https:\/\/www.ltv-sachsen.de\/wanderundpilgerakademie\/tourismusministerin-barbara-klepsch-beim-12-saechsischen-wandertag-in-grimma\/","url":"https:\/\/www.ltv-sachsen.de\/wanderundpilgerakademie\/tourismusministerin-barbara-klepsch-beim-12-saechsischen-wandertag-in-grimma\/","name":"Tourismusministerin Barbara Klepsch beim 12. S\u00e4chsischen Wandertag in Grimma - Wander- und Pilgerakademie","isPartOf":{"@id":"https:\/\/www.ltv-sachsen.de\/wanderundpilgerakademie\/#website"},"primaryImageOfPage":{"@id":"https:\/\/www.ltv-sachsen.de\/wanderundpilgerakademie\/tourismusministerin-barbara-klepsch-beim-12-saechsischen-wandertag-in-grimma\/#primaryimage"},"image":{"@id":"https:\/\/www.ltv-sachsen.de\/wanderundpilgerakademie\/tourismusministerin-barbara-klepsch-beim-12-saechsischen-wandertag-in-grimma\/#primaryimage"},"thumbnailUrl":"https:\/\/www.ltv-sachsen.de\/wp-content\/uploads\/sites\/2\/2023\/06\/Uebergabe-Staffelstab-an-Lugau-scaled-e1687854327344.jpg","datePublished":"2023-06-26T11:00:39+00:00","dateModified":"2023-06-27T08:25:36+00:00","author":{"@id":"https:\/\/www.ltv-sachsen.de\/wanderundpilgerakademie\/#\/schema\/person\/c9b358ac1d6549fcc45ce3f905d1358c"},"breadcrumb":{"@id":"https:\/\/www.ltv-sachsen.de\/wanderundpilgerakademie\/tourismusministerin-barbara-klepsch-beim-12-saechsischen-wandertag-in-grimma\/#breadcrumb"},"inLanguage":"de","potentialAction":[{"@type":"ReadAction","target":["https:\/\/www.ltv-sachsen.de\/wanderundpilgerakademie\/tourismusministerin-barbara-klepsch-beim-12-saechsischen-wandertag-in-grimma\/"]}]},{"@type":"ImageObject","inLanguage":"de","@id":"https:\/\/www.ltv-sachsen.de\/wanderundpilgerakademie\/tourismusministerin-barbara-klepsch-beim-12-saechsischen-wandertag-in-grimma\/#primaryimage","url":"https:\/\/www.ltv-sachsen.de\/wp-content\/uploads\/sites\/2\/2023\/06\/Uebergabe-Staffelstab-an-Lugau-scaled-e1687854327344.jpg","contentUrl":"https:\/\/www.ltv-sachsen.de\/wp-content\/uploads\/sites\/2\/2023\/06\/Uebergabe-Staffelstab-an-Lugau-scaled-e1687854327344.jpg","width":2252,"height":1708},{"@type":"BreadcrumbList","@id":"https:\/\/www.ltv-sachsen.de\/wanderundpilgerakademie\/tourismusministerin-barbara-klepsch-beim-12-saechsischen-wandertag-in-grimma\/#breadcrumb","itemListElement":[{"@type":"ListItem","position":1,"name":"Home","item":"https:\/\/www.ltv-sachsen.de\/wanderundpilgerakademie\/"},{"@type":"ListItem","position":2,"name":"Tourismusministerin Barbara Klepsch beim 12. S\u00e4chsischen Wandertag in Grimma"}]},{"@type":"WebSite","@id":"https:\/\/www.ltv-sachsen.de\/wanderundpilgerakademie\/#website","url":"https:\/\/www.ltv-sachsen.de\/wanderundpilgerakademie\/","name":"Wander- und Pilgerakademie","description":"Allgemeine Infos zur Wander- und Pilgerakademie","potentialAction":[{"@type":"SearchAction","target":{"@type":"EntryPoint","urlTemplate":"https:\/\/www.ltv-sachsen.de\/wanderundpilgerakademie\/?s={search_term_string}"},"query-input":{"@type":"PropertyValueSpecification","valueRequired":true,"valueName":"search_term_string"}}],"inLanguage":"de"},{"@type":"Person","@id":"https:\/\/www.ltv-sachsen.de\/wanderundpilgerakademie\/#\/schema\/person\/c9b358ac1d6549fcc45ce3f905d1358c","name":"wanderundpilgerakademie","image":{"@type":"ImageObject","inLanguage":"de","@id":"https:\/\/www.ltv-sachsen.de\/wanderundpilgerakademie\/#\/schema\/person\/image\/","url":"https:\/\/secure.gravatar.com\/avatar\/992f6ea3d0f7e2edcbe1a2de25ad878fb8e5d09adc136f8fbaad6b574c799c34?s=96&d=mm&r=g","contentUrl":"https:\/\/secure.gravatar.com\/avatar\/992f6ea3d0f7e2edcbe1a2de25ad878fb8e5d09adc136f8fbaad6b574c799c34?s=96&d=mm&r=g","caption":"wanderundpilgerakademie"},"url":"https:\/\/www.ltv-sachsen.de\/wanderundpilgerakademie\/author\/wanderundpilgerakademie\/"}]}},"_links":{"self":[{"href":"https:\/\/www.ltv-sachsen.de\/wanderundpilgerakademie\/wp-json\/wp\/v2\/posts\/701","targetHints":{"allow":["GET"]}}],"collection":[{"href":"https:\/\/www.ltv-sachsen.de\/wanderundpilgerakademie\/wp-json\/wp\/v2\/posts"}],"about":[{"href":"https:\/\/www.ltv-sachsen.de\/wanderundpilgerakademie\/wp-json\/wp\/v2\/types\/post"}],"author":[{"embeddable":true,"href":"https:\/\/www.ltv-sachsen.de\/wanderundpilgerakademie\/wp-json\/wp\/v2\/users\/5"}],"replies":[{"embeddable":true,"href":"https:\/\/www.ltv-sachsen.de\/wanderundpilgerakademie\/wp-json\/wp\/v2\/comments?post=701"}],"version-history":[{"count":5,"href":"https:\/\/www.ltv-sachsen.de\/wanderundpilgerakademie\/wp-json\/wp\/v2\/posts\/701\/revisions"}],"predecessor-version":[{"id":706,"href":"https:\/\/www.ltv-sachsen.de\/wanderundpilgerakademie\/wp-json\/wp\/v2\/posts\/701\/revisions\/706"}],"wp:featuredmedia":[{"embeddable":true,"href":"https:\/\/www.ltv-sachsen.de\/wanderundpilgerakademie\/wp-json\/wp\/v2\/media\/710"}],"wp:attachment":[{"href":"https:\/\/www.ltv-sachsen.de\/wanderundpilgerakademie\/wp-json\/wp\/v2\/media?parent=701"}],"wp:term":[{"taxonomy":"category","embeddable":true,"href":"https:\/\/www.ltv-sachsen.de\/wanderundpilgerakademie\/wp-json\/wp\/v2\/categories?post=701"},{"taxonomy":"post_tag","embeddable":true,"href":"https:\/\/www.ltv-sachsen.de\/wanderundpilgerakademie\/wp-json\/wp\/v2\/tags?post=701"}],"curies":[{"name":"wp","href":"https:\/\/api.w.org\/{rel}","templated":true}]}}