{"id":660,"date":"2023-05-23T14:11:40","date_gmt":"2023-05-23T12:11:40","guid":{"rendered":"https:\/\/www.ltv-sachsen.de\/wanderundpilgerakademie\/?p=660"},"modified":"2023-05-23T14:11:40","modified_gmt":"2023-05-23T12:11:40","slug":"vertiefungseinheit-zum-digitalen-wegemanagement-im-vogtlandkreis","status":"publish","type":"post","link":"https:\/\/www.ltv-sachsen.de\/wanderundpilgerakademie\/vertiefungseinheit-zum-digitalen-wegemanagement-im-vogtlandkreis\/","title":{"rendered":"Vertiefungseinheit zum Digitalen Wegemanagement im Vogtlandkreis"},"content":{"rendered":"<div class=\"wpb-content-wrapper\"><p>[vc_row ppi_row_padding=&#8220;ppi_remove_padding_top&#8220; full_width=&#8220;ppi_small_row&#8220;][vc_column][vc_column_text]Am 16.5.2023 wurde im Waldpark Gr\u00fcnheide eine Vertiefungseinheit f\u00fcr elf (zum Teil zuk\u00fcnftige) Wegewarte zum Digitalen Wegemanagement im Vogtlandkreis durchgef\u00fchrt. Hans-J\u00fcrgen Arndt (Landratsamt Plauen) zeigte anhand von Praxisbeispielen, wie es gelingen kann, Wegweiser oder M\u00f6blierung auf den Wanderwegen (z.B. Rastpl\u00e4tze) digital zu erfassen und die Daten sinnvoll weiterzubearbeiten. Ein einfacher Weg zum Einstieg w\u00e4re f\u00fcr die Wegewarte des Vogtlandkreises:<\/p>\n<ol start=\"1\" type=\"1\">\n<li class=\"x_MsoListParagraph\">Nutzerdaten f\u00fcr das Geoportal im Vogtlandkreis anfordern<\/li>\n<li class=\"x_MsoListParagraph\">Unterwegs auf dem betreuten Wanderweg mit dem Handy Wegweiser fotografieren (Nahaufnahme, Fernaufnahme\u2026).<\/li>\n<li class=\"x_MsoListParagraph\">GPS Daten erfassen (z.B. \u00fcber das Geo-Portal)<\/li>\n<li class=\"x_MsoListParagraph\">Zu Hause am Computer in der passenden Datenmaske Bilder hochladen und Eingaben einf\u00fcgen.<\/li>\n<\/ol>\n<p class=\"x_MsoNormal\">Na gut \ud83d\ude42 , in manches muss man sich noch einarbeiten; aber ein Anfang ist gemacht. Digitalisierung wird immer wichtiger, denn so geht das vorhandene Wissen der Wegewarte nicht verloren und kann auch an die n\u00e4chste Wegewarte-Generation verl\u00e4sslich weitergegeben werden.<\/p>\n<p>[\/vc_column_text][\/vc_column][\/vc_row]<\/p>\n<\/div>","protected":false},"excerpt":{"rendered":"<p>[vc_row ppi_row_padding=&#8220;ppi_remove_padding_top&#8220; full_width=&#8220;ppi_small_row&#8220;][vc_column][vc_column_text]Am 16.5.2023 wurde im Waldpark Gr\u00fcnheide eine Vertiefungseinheit f\u00fcr elf (zum Teil zuk\u00fcnftige) Wegewarte zum Digitalen Wegemanagement im Vogtlandkreis durchgef\u00fchrt. Hans-J\u00fcrgen Arndt (Landratsamt Plauen) zeigte anhand von Praxisbeispielen, wie es gelingen kann, Wegweiser oder M\u00f6blierung auf den Wanderwegen (z.B. Rastpl\u00e4tze) digital zu erfassen und die Daten sinnvoll weiterzubearbeiten. Ein einfacher Weg zum Einstieg [&hellip;]<\/p>\n","protected":false},"author":5,"featured_media":663,"comment_status":"closed","ping_status":"open","sticky":false,"template":"","format":"standard","meta":{"_acf_changed":false,"inline_featured_image":false,"footnotes":""},"categories":[37],"tags":[],"class_list":["post-660","post","type-post","status-publish","format-standard","has-post-thumbnail","hentry","category-news"],"acf":[],"yoast_head":"<!-- This site is optimized with the Yoast SEO plugin v26.4 - https:\/\/yoast.com\/wordpress\/plugins\/seo\/ -->\n<title>Vertiefungseinheit zum Digitalen Wegemanagement im Vogtlandkreis - Wander- und Pilgerakademie<\/title>\n<meta name=\"robots\" content=\"index, follow, max-snippet:-1, max-image-preview:large, max-video-preview:-1\" \/>\n<link rel=\"canonical\" href=\"https:\/\/www.ltv-sachsen.de\/wanderundpilgerakademie\/vertiefungseinheit-zum-digitalen-wegemanagement-im-vogtlandkreis\/\" \/>\n<meta property=\"og:locale\" content=\"de_DE\" \/>\n<meta property=\"og:type\" content=\"article\" \/>\n<meta property=\"og:title\" content=\"Vertiefungseinheit zum Digitalen Wegemanagement im Vogtlandkreis - Wander- und Pilgerakademie\" \/>\n<meta property=\"og:description\" content=\"[vc_row ppi_row_padding=&#8220;ppi_remove_padding_top&#8220; full_width=&#8220;ppi_small_row&#8220;][vc_column][vc_column_text]Am 16.5.2023 wurde im Waldpark Gr\u00fcnheide eine Vertiefungseinheit f\u00fcr elf (zum Teil zuk\u00fcnftige) Wegewarte zum Digitalen Wegemanagement im Vogtlandkreis durchgef\u00fchrt. Hans-J\u00fcrgen Arndt (Landratsamt Plauen) zeigte anhand von Praxisbeispielen, wie es gelingen kann, Wegweiser oder M\u00f6blierung auf den Wanderwegen (z.B. Rastpl\u00e4tze) digital zu erfassen und die Daten sinnvoll weiterzubearbeiten. Ein einfacher Weg zum Einstieg [&hellip;]\" \/>\n<meta property=\"og:url\" content=\"https:\/\/www.ltv-sachsen.de\/wanderundpilgerakademie\/vertiefungseinheit-zum-digitalen-wegemanagement-im-vogtlandkreis\/\" \/>\n<meta property=\"og:site_name\" content=\"Wander- und Pilgerakademie\" \/>\n<meta property=\"article:published_time\" content=\"2023-05-23T12:11:40+00:00\" \/>\n<meta property=\"og:image\" content=\"https:\/\/www.ltv-sachsen.de\/wp-content\/uploads\/sites\/2\/2023\/05\/Vertiefung_2_Wegewarte_KKracht16052023-e1684843745185.jpg\" \/>\n\t<meta property=\"og:image:width\" content=\"1279\" \/>\n\t<meta property=\"og:image:height\" content=\"770\" \/>\n\t<meta property=\"og:image:type\" content=\"image\/jpeg\" \/>\n<meta name=\"author\" content=\"wanderundpilgerakademie\" \/>\n<meta name=\"twitter:card\" content=\"summary_large_image\" \/>\n<meta name=\"twitter:label1\" content=\"Verfasst von\" \/>\n\t<meta name=\"twitter:data1\" content=\"wanderundpilgerakademie\" \/>\n\t<meta name=\"twitter:label2\" content=\"Gesch\u00e4tzte Lesezeit\" \/>\n\t<meta name=\"twitter:data2\" content=\"1\u00a0Minute\" \/>\n<script type=\"application\/ld+json\" class=\"yoast-schema-graph\">{\"@context\":\"https:\/\/schema.org\",\"@graph\":[{\"@type\":\"WebPage\",\"@id\":\"https:\/\/www.ltv-sachsen.de\/wanderundpilgerakademie\/vertiefungseinheit-zum-digitalen-wegemanagement-im-vogtlandkreis\/\",\"url\":\"https:\/\/www.ltv-sachsen.de\/wanderundpilgerakademie\/vertiefungseinheit-zum-digitalen-wegemanagement-im-vogtlandkreis\/\",\"name\":\"Vertiefungseinheit zum Digitalen Wegemanagement im Vogtlandkreis - Wander- und Pilgerakademie\",\"isPartOf\":{\"@id\":\"https:\/\/www.ltv-sachsen.de\/wanderundpilgerakademie\/#website\"},\"primaryImageOfPage\":{\"@id\":\"https:\/\/www.ltv-sachsen.de\/wanderundpilgerakademie\/vertiefungseinheit-zum-digitalen-wegemanagement-im-vogtlandkreis\/#primaryimage\"},\"image\":{\"@id\":\"https:\/\/www.ltv-sachsen.de\/wanderundpilgerakademie\/vertiefungseinheit-zum-digitalen-wegemanagement-im-vogtlandkreis\/#primaryimage\"},\"thumbnailUrl\":\"https:\/\/www.ltv-sachsen.de\/wp-content\/uploads\/sites\/2\/2023\/05\/Vertiefung_2_Wegewarte_KKracht16052023-e1684843745185.jpg\",\"datePublished\":\"2023-05-23T12:11:40+00:00\",\"author\":{\"@id\":\"https:\/\/www.ltv-sachsen.de\/wanderundpilgerakademie\/#\/schema\/person\/c9b358ac1d6549fcc45ce3f905d1358c\"},\"breadcrumb\":{\"@id\":\"https:\/\/www.ltv-sachsen.de\/wanderundpilgerakademie\/vertiefungseinheit-zum-digitalen-wegemanagement-im-vogtlandkreis\/#breadcrumb\"},\"inLanguage\":\"de\",\"potentialAction\":[{\"@type\":\"ReadAction\",\"target\":[\"https:\/\/www.ltv-sachsen.de\/wanderundpilgerakademie\/vertiefungseinheit-zum-digitalen-wegemanagement-im-vogtlandkreis\/\"]}]},{\"@type\":\"ImageObject\",\"inLanguage\":\"de\",\"@id\":\"https:\/\/www.ltv-sachsen.de\/wanderundpilgerakademie\/vertiefungseinheit-zum-digitalen-wegemanagement-im-vogtlandkreis\/#primaryimage\",\"url\":\"https:\/\/www.ltv-sachsen.de\/wp-content\/uploads\/sites\/2\/2023\/05\/Vertiefung_2_Wegewarte_KKracht16052023-e1684843745185.jpg\",\"contentUrl\":\"https:\/\/www.ltv-sachsen.de\/wp-content\/uploads\/sites\/2\/2023\/05\/Vertiefung_2_Wegewarte_KKracht16052023-e1684843745185.jpg\",\"width\":1279,\"height\":770},{\"@type\":\"BreadcrumbList\",\"@id\":\"https:\/\/www.ltv-sachsen.de\/wanderundpilgerakademie\/vertiefungseinheit-zum-digitalen-wegemanagement-im-vogtlandkreis\/#breadcrumb\",\"itemListElement\":[{\"@type\":\"ListItem\",\"position\":1,\"name\":\"Home\",\"item\":\"https:\/\/www.ltv-sachsen.de\/wanderundpilgerakademie\/\"},{\"@type\":\"ListItem\",\"position\":2,\"name\":\"Vertiefungseinheit zum Digitalen Wegemanagement im Vogtlandkreis\"}]},{\"@type\":\"WebSite\",\"@id\":\"https:\/\/www.ltv-sachsen.de\/wanderundpilgerakademie\/#website\",\"url\":\"https:\/\/www.ltv-sachsen.de\/wanderundpilgerakademie\/\",\"name\":\"Wander- und Pilgerakademie\",\"description\":\"Allgemeine Infos zur Wander- und Pilgerakademie\",\"potentialAction\":[{\"@type\":\"SearchAction\",\"target\":{\"@type\":\"EntryPoint\",\"urlTemplate\":\"https:\/\/www.ltv-sachsen.de\/wanderundpilgerakademie\/?s={search_term_string}\"},\"query-input\":{\"@type\":\"PropertyValueSpecification\",\"valueRequired\":true,\"valueName\":\"search_term_string\"}}],\"inLanguage\":\"de\"},{\"@type\":\"Person\",\"@id\":\"https:\/\/www.ltv-sachsen.de\/wanderundpilgerakademie\/#\/schema\/person\/c9b358ac1d6549fcc45ce3f905d1358c\",\"name\":\"wanderundpilgerakademie\",\"image\":{\"@type\":\"ImageObject\",\"inLanguage\":\"de\",\"@id\":\"https:\/\/www.ltv-sachsen.de\/wanderundpilgerakademie\/#\/schema\/person\/image\/\",\"url\":\"https:\/\/secure.gravatar.com\/avatar\/992f6ea3d0f7e2edcbe1a2de25ad878fb8e5d09adc136f8fbaad6b574c799c34?s=96&d=mm&r=g\",\"contentUrl\":\"https:\/\/secure.gravatar.com\/avatar\/992f6ea3d0f7e2edcbe1a2de25ad878fb8e5d09adc136f8fbaad6b574c799c34?s=96&d=mm&r=g\",\"caption\":\"wanderundpilgerakademie\"},\"url\":\"https:\/\/www.ltv-sachsen.de\/wanderundpilgerakademie\/author\/wanderundpilgerakademie\/\"}]}<\/script>\n<!-- \/ Yoast SEO plugin. -->","yoast_head_json":{"title":"Vertiefungseinheit zum Digitalen Wegemanagement im Vogtlandkreis - Wander- und Pilgerakademie","robots":{"index":"index","follow":"follow","max-snippet":"max-snippet:-1","max-image-preview":"max-image-preview:large","max-video-preview":"max-video-preview:-1"},"canonical":"https:\/\/www.ltv-sachsen.de\/wanderundpilgerakademie\/vertiefungseinheit-zum-digitalen-wegemanagement-im-vogtlandkreis\/","og_locale":"de_DE","og_type":"article","og_title":"Vertiefungseinheit zum Digitalen Wegemanagement im Vogtlandkreis - Wander- und Pilgerakademie","og_description":"[vc_row ppi_row_padding=&#8220;ppi_remove_padding_top&#8220; full_width=&#8220;ppi_small_row&#8220;][vc_column][vc_column_text]Am 16.5.2023 wurde im Waldpark Gr\u00fcnheide eine Vertiefungseinheit f\u00fcr elf (zum Teil zuk\u00fcnftige) Wegewarte zum Digitalen Wegemanagement im Vogtlandkreis durchgef\u00fchrt. Hans-J\u00fcrgen Arndt (Landratsamt Plauen) zeigte anhand von Praxisbeispielen, wie es gelingen kann, Wegweiser oder M\u00f6blierung auf den Wanderwegen (z.B. Rastpl\u00e4tze) digital zu erfassen und die Daten sinnvoll weiterzubearbeiten. Ein einfacher Weg zum Einstieg [&hellip;]","og_url":"https:\/\/www.ltv-sachsen.de\/wanderundpilgerakademie\/vertiefungseinheit-zum-digitalen-wegemanagement-im-vogtlandkreis\/","og_site_name":"Wander- und Pilgerakademie","article_published_time":"2023-05-23T12:11:40+00:00","og_image":[{"width":1279,"height":770,"url":"https:\/\/www.ltv-sachsen.de\/wp-content\/uploads\/sites\/2\/2023\/05\/Vertiefung_2_Wegewarte_KKracht16052023-e1684843745185.jpg","type":"image\/jpeg"}],"author":"wanderundpilgerakademie","twitter_card":"summary_large_image","twitter_misc":{"Verfasst von":"wanderundpilgerakademie","Gesch\u00e4tzte Lesezeit":"1\u00a0Minute"},"schema":{"@context":"https:\/\/schema.org","@graph":[{"@type":"WebPage","@id":"https:\/\/www.ltv-sachsen.de\/wanderundpilgerakademie\/vertiefungseinheit-zum-digitalen-wegemanagement-im-vogtlandkreis\/","url":"https:\/\/www.ltv-sachsen.de\/wanderundpilgerakademie\/vertiefungseinheit-zum-digitalen-wegemanagement-im-vogtlandkreis\/","name":"Vertiefungseinheit zum Digitalen Wegemanagement im Vogtlandkreis - Wander- und Pilgerakademie","isPartOf":{"@id":"https:\/\/www.ltv-sachsen.de\/wanderundpilgerakademie\/#website"},"primaryImageOfPage":{"@id":"https:\/\/www.ltv-sachsen.de\/wanderundpilgerakademie\/vertiefungseinheit-zum-digitalen-wegemanagement-im-vogtlandkreis\/#primaryimage"},"image":{"@id":"https:\/\/www.ltv-sachsen.de\/wanderundpilgerakademie\/vertiefungseinheit-zum-digitalen-wegemanagement-im-vogtlandkreis\/#primaryimage"},"thumbnailUrl":"https:\/\/www.ltv-sachsen.de\/wp-content\/uploads\/sites\/2\/2023\/05\/Vertiefung_2_Wegewarte_KKracht16052023-e1684843745185.jpg","datePublished":"2023-05-23T12:11:40+00:00","author":{"@id":"https:\/\/www.ltv-sachsen.de\/wanderundpilgerakademie\/#\/schema\/person\/c9b358ac1d6549fcc45ce3f905d1358c"},"breadcrumb":{"@id":"https:\/\/www.ltv-sachsen.de\/wanderundpilgerakademie\/vertiefungseinheit-zum-digitalen-wegemanagement-im-vogtlandkreis\/#breadcrumb"},"inLanguage":"de","potentialAction":[{"@type":"ReadAction","target":["https:\/\/www.ltv-sachsen.de\/wanderundpilgerakademie\/vertiefungseinheit-zum-digitalen-wegemanagement-im-vogtlandkreis\/"]}]},{"@type":"ImageObject","inLanguage":"de","@id":"https:\/\/www.ltv-sachsen.de\/wanderundpilgerakademie\/vertiefungseinheit-zum-digitalen-wegemanagement-im-vogtlandkreis\/#primaryimage","url":"https:\/\/www.ltv-sachsen.de\/wp-content\/uploads\/sites\/2\/2023\/05\/Vertiefung_2_Wegewarte_KKracht16052023-e1684843745185.jpg","contentUrl":"https:\/\/www.ltv-sachsen.de\/wp-content\/uploads\/sites\/2\/2023\/05\/Vertiefung_2_Wegewarte_KKracht16052023-e1684843745185.jpg","width":1279,"height":770},{"@type":"BreadcrumbList","@id":"https:\/\/www.ltv-sachsen.de\/wanderundpilgerakademie\/vertiefungseinheit-zum-digitalen-wegemanagement-im-vogtlandkreis\/#breadcrumb","itemListElement":[{"@type":"ListItem","position":1,"name":"Home","item":"https:\/\/www.ltv-sachsen.de\/wanderundpilgerakademie\/"},{"@type":"ListItem","position":2,"name":"Vertiefungseinheit zum Digitalen Wegemanagement im Vogtlandkreis"}]},{"@type":"WebSite","@id":"https:\/\/www.ltv-sachsen.de\/wanderundpilgerakademie\/#website","url":"https:\/\/www.ltv-sachsen.de\/wanderundpilgerakademie\/","name":"Wander- und Pilgerakademie","description":"Allgemeine Infos zur Wander- und Pilgerakademie","potentialAction":[{"@type":"SearchAction","target":{"@type":"EntryPoint","urlTemplate":"https:\/\/www.ltv-sachsen.de\/wanderundpilgerakademie\/?s={search_term_string}"},"query-input":{"@type":"PropertyValueSpecification","valueRequired":true,"valueName":"search_term_string"}}],"inLanguage":"de"},{"@type":"Person","@id":"https:\/\/www.ltv-sachsen.de\/wanderundpilgerakademie\/#\/schema\/person\/c9b358ac1d6549fcc45ce3f905d1358c","name":"wanderundpilgerakademie","image":{"@type":"ImageObject","inLanguage":"de","@id":"https:\/\/www.ltv-sachsen.de\/wanderundpilgerakademie\/#\/schema\/person\/image\/","url":"https:\/\/secure.gravatar.com\/avatar\/992f6ea3d0f7e2edcbe1a2de25ad878fb8e5d09adc136f8fbaad6b574c799c34?s=96&d=mm&r=g","contentUrl":"https:\/\/secure.gravatar.com\/avatar\/992f6ea3d0f7e2edcbe1a2de25ad878fb8e5d09adc136f8fbaad6b574c799c34?s=96&d=mm&r=g","caption":"wanderundpilgerakademie"},"url":"https:\/\/www.ltv-sachsen.de\/wanderundpilgerakademie\/author\/wanderundpilgerakademie\/"}]}},"_links":{"self":[{"href":"https:\/\/www.ltv-sachsen.de\/wanderundpilgerakademie\/wp-json\/wp\/v2\/posts\/660","targetHints":{"allow":["GET"]}}],"collection":[{"href":"https:\/\/www.ltv-sachsen.de\/wanderundpilgerakademie\/wp-json\/wp\/v2\/posts"}],"about":[{"href":"https:\/\/www.ltv-sachsen.de\/wanderundpilgerakademie\/wp-json\/wp\/v2\/types\/post"}],"author":[{"embeddable":true,"href":"https:\/\/www.ltv-sachsen.de\/wanderundpilgerakademie\/wp-json\/wp\/v2\/users\/5"}],"replies":[{"embeddable":true,"href":"https:\/\/www.ltv-sachsen.de\/wanderundpilgerakademie\/wp-json\/wp\/v2\/comments?post=660"}],"version-history":[{"count":3,"href":"https:\/\/www.ltv-sachsen.de\/wanderundpilgerakademie\/wp-json\/wp\/v2\/posts\/660\/revisions"}],"predecessor-version":[{"id":667,"href":"https:\/\/www.ltv-sachsen.de\/wanderundpilgerakademie\/wp-json\/wp\/v2\/posts\/660\/revisions\/667"}],"wp:featuredmedia":[{"embeddable":true,"href":"https:\/\/www.ltv-sachsen.de\/wanderundpilgerakademie\/wp-json\/wp\/v2\/media\/663"}],"wp:attachment":[{"href":"https:\/\/www.ltv-sachsen.de\/wanderundpilgerakademie\/wp-json\/wp\/v2\/media?parent=660"}],"wp:term":[{"taxonomy":"category","embeddable":true,"href":"https:\/\/www.ltv-sachsen.de\/wanderundpilgerakademie\/wp-json\/wp\/v2\/categories?post=660"},{"taxonomy":"post_tag","embeddable":true,"href":"https:\/\/www.ltv-sachsen.de\/wanderundpilgerakademie\/wp-json\/wp\/v2\/tags?post=660"}],"curies":[{"name":"wp","href":"https:\/\/api.w.org\/{rel}","templated":true}]}}