{"id":653,"date":"2023-05-23T13:54:28","date_gmt":"2023-05-23T11:54:28","guid":{"rendered":"https:\/\/www.ltv-sachsen.de\/wanderundpilgerakademie\/?p=653"},"modified":"2023-05-23T13:56:35","modified_gmt":"2023-05-23T11:56:35","slug":"die-ausbildung-von-pilgerbegleiterinnen-in-sachsen-hat-wieder-begonnen","status":"publish","type":"post","link":"https:\/\/www.ltv-sachsen.de\/wanderundpilgerakademie\/die-ausbildung-von-pilgerbegleiterinnen-in-sachsen-hat-wieder-begonnen\/","title":{"rendered":"Die Ausbildung von Pilgerbegleiter*innen in Sachsen hat wieder begonnen"},"content":{"rendered":"<div class=\"wpb-content-wrapper\"><p>[vc_row ppi_row_padding=&#8220;ppi_remove_padding_top&#8220; full_width=&#8220;ppi_small_row&#8220;][vc_column][vc_column_text]Im April hat die diesj\u00e4hrige Pilgerbegleiter*innen-Ausbildung begonnen. Die Ausbildung umfasst insgesamt 3 Module. Hochmotivierte Frauen und M\u00e4nner sind bereits zusammengekommen. Das Ziel der Ausbildung besteht darin, Menschen in Sachsen zu bef\u00e4higen, als Pilgerbegleiter Touren anzubieten. Schon in der Vorstellungsrunde wurde allen bewusst, dass das Pilgern sehr unterschiedliche Facetten und Hintergr\u00fcnde haben kann. Bislang wurde Geschichte und Theologie des Pilgerns beleuchtet. Und die Frage diskutiert, was bedacht werden muss, wenn ein Pilgerweg f\u00fcr eine Gruppe vorbereitet wird. Edgar Joost berichtete, wie der regionale Pilgerweg \u201eVia Porphyria\u201c entwickelt wurde. An einem Tag waren wir zusammen auf einer Pilgertour im Kohrener Land unterwegs, um die Praxis spiritueller Impulse einzu\u00fcben. Am letzten Tag des ersten Moduls der Ausbildung ging es vor allem um die vielseitigen M\u00f6glichkeiten, spirituelle Angebote zu gestalten. Alle Teilnehmer*innen sind gespannt auf den Beginn des zweiten Moduls Mitte Mai. Weitere Informationen und Hinweise zur Pilgerbegleiter-Ausbildung allgemein und zur Planung der Ausbildung im kommenden Jahr erhalten Sie beim Projektkoordinator Holger Richter.[\/vc_column_text][\/vc_column][\/vc_row]<\/p>\n<\/div>","protected":false},"excerpt":{"rendered":"<p>[vc_row ppi_row_padding=&#8220;ppi_remove_padding_top&#8220; full_width=&#8220;ppi_small_row&#8220;][vc_column][vc_column_text]Im April hat die diesj\u00e4hrige Pilgerbegleiter*innen-Ausbildung begonnen. Die Ausbildung umfasst insgesamt 3 Module. Hochmotivierte Frauen und M\u00e4nner sind bereits zusammengekommen. Das Ziel der Ausbildung besteht darin, Menschen in Sachsen zu bef\u00e4higen, als Pilgerbegleiter Touren anzubieten. Schon in der Vorstellungsrunde wurde allen bewusst, dass das Pilgern sehr unterschiedliche Facetten und Hintergr\u00fcnde haben kann. Bislang [&hellip;]<\/p>\n","protected":false},"author":5,"featured_media":654,"comment_status":"closed","ping_status":"open","sticky":false,"template":"","format":"standard","meta":{"_acf_changed":false,"inline_featured_image":false,"footnotes":""},"categories":[37],"tags":[],"class_list":["post-653","post","type-post","status-publish","format-standard","has-post-thumbnail","hentry","category-news"],"acf":[],"yoast_head":"<!-- This site is optimized with the Yoast SEO plugin v26.4 - https:\/\/yoast.com\/wordpress\/plugins\/seo\/ -->\n<title>Die Ausbildung von Pilgerbegleiter*innen in Sachsen hat wieder begonnen - Wander- und Pilgerakademie<\/title>\n<meta name=\"robots\" content=\"index, follow, max-snippet:-1, max-image-preview:large, max-video-preview:-1\" \/>\n<link rel=\"canonical\" href=\"https:\/\/www.ltv-sachsen.de\/wanderundpilgerakademie\/die-ausbildung-von-pilgerbegleiterinnen-in-sachsen-hat-wieder-begonnen\/\" \/>\n<meta property=\"og:locale\" content=\"de_DE\" \/>\n<meta property=\"og:type\" content=\"article\" \/>\n<meta property=\"og:title\" content=\"Die Ausbildung von Pilgerbegleiter*innen in Sachsen hat wieder begonnen - Wander- und Pilgerakademie\" \/>\n<meta property=\"og:description\" content=\"[vc_row ppi_row_padding=&#8220;ppi_remove_padding_top&#8220; full_width=&#8220;ppi_small_row&#8220;][vc_column][vc_column_text]Im April hat die diesj\u00e4hrige Pilgerbegleiter*innen-Ausbildung begonnen. Die Ausbildung umfasst insgesamt 3 Module. Hochmotivierte Frauen und M\u00e4nner sind bereits zusammengekommen. Das Ziel der Ausbildung besteht darin, Menschen in Sachsen zu bef\u00e4higen, als Pilgerbegleiter Touren anzubieten. Schon in der Vorstellungsrunde wurde allen bewusst, dass das Pilgern sehr unterschiedliche Facetten und Hintergr\u00fcnde haben kann. Bislang [&hellip;]\" \/>\n<meta property=\"og:url\" content=\"https:\/\/www.ltv-sachsen.de\/wanderundpilgerakademie\/die-ausbildung-von-pilgerbegleiterinnen-in-sachsen-hat-wieder-begonnen\/\" \/>\n<meta property=\"og:site_name\" content=\"Wander- und Pilgerakademie\" \/>\n<meta property=\"article:published_time\" content=\"2023-05-23T11:54:28+00:00\" \/>\n<meta property=\"article:modified_time\" content=\"2023-05-23T11:56:35+00:00\" \/>\n<meta property=\"og:image\" content=\"https:\/\/www.ltv-sachsen.de\/wp-content\/uploads\/sites\/2\/2023\/05\/Pilgern-1-scaled-e1684842855239.jpg\" \/>\n\t<meta property=\"og:image:width\" content=\"1920\" \/>\n\t<meta property=\"og:image:height\" content=\"1363\" \/>\n\t<meta property=\"og:image:type\" content=\"image\/jpeg\" \/>\n<meta name=\"author\" content=\"wanderundpilgerakademie\" \/>\n<meta name=\"twitter:card\" content=\"summary_large_image\" \/>\n<meta name=\"twitter:label1\" content=\"Verfasst von\" \/>\n\t<meta name=\"twitter:data1\" content=\"wanderundpilgerakademie\" \/>\n\t<meta name=\"twitter:label2\" content=\"Gesch\u00e4tzte Lesezeit\" \/>\n\t<meta name=\"twitter:data2\" content=\"1\u00a0Minute\" \/>\n<script type=\"application\/ld+json\" class=\"yoast-schema-graph\">{\"@context\":\"https:\/\/schema.org\",\"@graph\":[{\"@type\":\"WebPage\",\"@id\":\"https:\/\/www.ltv-sachsen.de\/wanderundpilgerakademie\/die-ausbildung-von-pilgerbegleiterinnen-in-sachsen-hat-wieder-begonnen\/\",\"url\":\"https:\/\/www.ltv-sachsen.de\/wanderundpilgerakademie\/die-ausbildung-von-pilgerbegleiterinnen-in-sachsen-hat-wieder-begonnen\/\",\"name\":\"Die Ausbildung von Pilgerbegleiter*innen in Sachsen hat wieder begonnen - Wander- und Pilgerakademie\",\"isPartOf\":{\"@id\":\"https:\/\/www.ltv-sachsen.de\/wanderundpilgerakademie\/#website\"},\"primaryImageOfPage\":{\"@id\":\"https:\/\/www.ltv-sachsen.de\/wanderundpilgerakademie\/die-ausbildung-von-pilgerbegleiterinnen-in-sachsen-hat-wieder-begonnen\/#primaryimage\"},\"image\":{\"@id\":\"https:\/\/www.ltv-sachsen.de\/wanderundpilgerakademie\/die-ausbildung-von-pilgerbegleiterinnen-in-sachsen-hat-wieder-begonnen\/#primaryimage\"},\"thumbnailUrl\":\"https:\/\/www.ltv-sachsen.de\/wp-content\/uploads\/sites\/2\/2023\/05\/Pilgern-1-scaled-e1684842855239.jpg\",\"datePublished\":\"2023-05-23T11:54:28+00:00\",\"dateModified\":\"2023-05-23T11:56:35+00:00\",\"author\":{\"@id\":\"https:\/\/www.ltv-sachsen.de\/wanderundpilgerakademie\/#\/schema\/person\/c9b358ac1d6549fcc45ce3f905d1358c\"},\"breadcrumb\":{\"@id\":\"https:\/\/www.ltv-sachsen.de\/wanderundpilgerakademie\/die-ausbildung-von-pilgerbegleiterinnen-in-sachsen-hat-wieder-begonnen\/#breadcrumb\"},\"inLanguage\":\"de\",\"potentialAction\":[{\"@type\":\"ReadAction\",\"target\":[\"https:\/\/www.ltv-sachsen.de\/wanderundpilgerakademie\/die-ausbildung-von-pilgerbegleiterinnen-in-sachsen-hat-wieder-begonnen\/\"]}]},{\"@type\":\"ImageObject\",\"inLanguage\":\"de\",\"@id\":\"https:\/\/www.ltv-sachsen.de\/wanderundpilgerakademie\/die-ausbildung-von-pilgerbegleiterinnen-in-sachsen-hat-wieder-begonnen\/#primaryimage\",\"url\":\"https:\/\/www.ltv-sachsen.de\/wp-content\/uploads\/sites\/2\/2023\/05\/Pilgern-1-scaled-e1684842855239.jpg\",\"contentUrl\":\"https:\/\/www.ltv-sachsen.de\/wp-content\/uploads\/sites\/2\/2023\/05\/Pilgern-1-scaled-e1684842855239.jpg\",\"width\":1920,\"height\":1363},{\"@type\":\"BreadcrumbList\",\"@id\":\"https:\/\/www.ltv-sachsen.de\/wanderundpilgerakademie\/die-ausbildung-von-pilgerbegleiterinnen-in-sachsen-hat-wieder-begonnen\/#breadcrumb\",\"itemListElement\":[{\"@type\":\"ListItem\",\"position\":1,\"name\":\"Home\",\"item\":\"https:\/\/www.ltv-sachsen.de\/wanderundpilgerakademie\/\"},{\"@type\":\"ListItem\",\"position\":2,\"name\":\"Die Ausbildung von Pilgerbegleiter*innen in Sachsen hat wieder begonnen\"}]},{\"@type\":\"WebSite\",\"@id\":\"https:\/\/www.ltv-sachsen.de\/wanderundpilgerakademie\/#website\",\"url\":\"https:\/\/www.ltv-sachsen.de\/wanderundpilgerakademie\/\",\"name\":\"Wander- und Pilgerakademie\",\"description\":\"Allgemeine Infos zur Wander- und Pilgerakademie\",\"potentialAction\":[{\"@type\":\"SearchAction\",\"target\":{\"@type\":\"EntryPoint\",\"urlTemplate\":\"https:\/\/www.ltv-sachsen.de\/wanderundpilgerakademie\/?s={search_term_string}\"},\"query-input\":{\"@type\":\"PropertyValueSpecification\",\"valueRequired\":true,\"valueName\":\"search_term_string\"}}],\"inLanguage\":\"de\"},{\"@type\":\"Person\",\"@id\":\"https:\/\/www.ltv-sachsen.de\/wanderundpilgerakademie\/#\/schema\/person\/c9b358ac1d6549fcc45ce3f905d1358c\",\"name\":\"wanderundpilgerakademie\",\"image\":{\"@type\":\"ImageObject\",\"inLanguage\":\"de\",\"@id\":\"https:\/\/www.ltv-sachsen.de\/wanderundpilgerakademie\/#\/schema\/person\/image\/\",\"url\":\"https:\/\/secure.gravatar.com\/avatar\/992f6ea3d0f7e2edcbe1a2de25ad878fb8e5d09adc136f8fbaad6b574c799c34?s=96&d=mm&r=g\",\"contentUrl\":\"https:\/\/secure.gravatar.com\/avatar\/992f6ea3d0f7e2edcbe1a2de25ad878fb8e5d09adc136f8fbaad6b574c799c34?s=96&d=mm&r=g\",\"caption\":\"wanderundpilgerakademie\"},\"url\":\"https:\/\/www.ltv-sachsen.de\/wanderundpilgerakademie\/author\/wanderundpilgerakademie\/\"}]}<\/script>\n<!-- \/ Yoast SEO plugin. -->","yoast_head_json":{"title":"Die Ausbildung von Pilgerbegleiter*innen in Sachsen hat wieder begonnen - Wander- und Pilgerakademie","robots":{"index":"index","follow":"follow","max-snippet":"max-snippet:-1","max-image-preview":"max-image-preview:large","max-video-preview":"max-video-preview:-1"},"canonical":"https:\/\/www.ltv-sachsen.de\/wanderundpilgerakademie\/die-ausbildung-von-pilgerbegleiterinnen-in-sachsen-hat-wieder-begonnen\/","og_locale":"de_DE","og_type":"article","og_title":"Die Ausbildung von Pilgerbegleiter*innen in Sachsen hat wieder begonnen - Wander- und Pilgerakademie","og_description":"[vc_row ppi_row_padding=&#8220;ppi_remove_padding_top&#8220; full_width=&#8220;ppi_small_row&#8220;][vc_column][vc_column_text]Im April hat die diesj\u00e4hrige Pilgerbegleiter*innen-Ausbildung begonnen. Die Ausbildung umfasst insgesamt 3 Module. Hochmotivierte Frauen und M\u00e4nner sind bereits zusammengekommen. Das Ziel der Ausbildung besteht darin, Menschen in Sachsen zu bef\u00e4higen, als Pilgerbegleiter Touren anzubieten. Schon in der Vorstellungsrunde wurde allen bewusst, dass das Pilgern sehr unterschiedliche Facetten und Hintergr\u00fcnde haben kann. Bislang [&hellip;]","og_url":"https:\/\/www.ltv-sachsen.de\/wanderundpilgerakademie\/die-ausbildung-von-pilgerbegleiterinnen-in-sachsen-hat-wieder-begonnen\/","og_site_name":"Wander- und Pilgerakademie","article_published_time":"2023-05-23T11:54:28+00:00","article_modified_time":"2023-05-23T11:56:35+00:00","og_image":[{"width":1920,"height":1363,"url":"https:\/\/www.ltv-sachsen.de\/wp-content\/uploads\/sites\/2\/2023\/05\/Pilgern-1-scaled-e1684842855239.jpg","type":"image\/jpeg"}],"author":"wanderundpilgerakademie","twitter_card":"summary_large_image","twitter_misc":{"Verfasst von":"wanderundpilgerakademie","Gesch\u00e4tzte Lesezeit":"1\u00a0Minute"},"schema":{"@context":"https:\/\/schema.org","@graph":[{"@type":"WebPage","@id":"https:\/\/www.ltv-sachsen.de\/wanderundpilgerakademie\/die-ausbildung-von-pilgerbegleiterinnen-in-sachsen-hat-wieder-begonnen\/","url":"https:\/\/www.ltv-sachsen.de\/wanderundpilgerakademie\/die-ausbildung-von-pilgerbegleiterinnen-in-sachsen-hat-wieder-begonnen\/","name":"Die Ausbildung von Pilgerbegleiter*innen in Sachsen hat wieder begonnen - Wander- und Pilgerakademie","isPartOf":{"@id":"https:\/\/www.ltv-sachsen.de\/wanderundpilgerakademie\/#website"},"primaryImageOfPage":{"@id":"https:\/\/www.ltv-sachsen.de\/wanderundpilgerakademie\/die-ausbildung-von-pilgerbegleiterinnen-in-sachsen-hat-wieder-begonnen\/#primaryimage"},"image":{"@id":"https:\/\/www.ltv-sachsen.de\/wanderundpilgerakademie\/die-ausbildung-von-pilgerbegleiterinnen-in-sachsen-hat-wieder-begonnen\/#primaryimage"},"thumbnailUrl":"https:\/\/www.ltv-sachsen.de\/wp-content\/uploads\/sites\/2\/2023\/05\/Pilgern-1-scaled-e1684842855239.jpg","datePublished":"2023-05-23T11:54:28+00:00","dateModified":"2023-05-23T11:56:35+00:00","author":{"@id":"https:\/\/www.ltv-sachsen.de\/wanderundpilgerakademie\/#\/schema\/person\/c9b358ac1d6549fcc45ce3f905d1358c"},"breadcrumb":{"@id":"https:\/\/www.ltv-sachsen.de\/wanderundpilgerakademie\/die-ausbildung-von-pilgerbegleiterinnen-in-sachsen-hat-wieder-begonnen\/#breadcrumb"},"inLanguage":"de","potentialAction":[{"@type":"ReadAction","target":["https:\/\/www.ltv-sachsen.de\/wanderundpilgerakademie\/die-ausbildung-von-pilgerbegleiterinnen-in-sachsen-hat-wieder-begonnen\/"]}]},{"@type":"ImageObject","inLanguage":"de","@id":"https:\/\/www.ltv-sachsen.de\/wanderundpilgerakademie\/die-ausbildung-von-pilgerbegleiterinnen-in-sachsen-hat-wieder-begonnen\/#primaryimage","url":"https:\/\/www.ltv-sachsen.de\/wp-content\/uploads\/sites\/2\/2023\/05\/Pilgern-1-scaled-e1684842855239.jpg","contentUrl":"https:\/\/www.ltv-sachsen.de\/wp-content\/uploads\/sites\/2\/2023\/05\/Pilgern-1-scaled-e1684842855239.jpg","width":1920,"height":1363},{"@type":"BreadcrumbList","@id":"https:\/\/www.ltv-sachsen.de\/wanderundpilgerakademie\/die-ausbildung-von-pilgerbegleiterinnen-in-sachsen-hat-wieder-begonnen\/#breadcrumb","itemListElement":[{"@type":"ListItem","position":1,"name":"Home","item":"https:\/\/www.ltv-sachsen.de\/wanderundpilgerakademie\/"},{"@type":"ListItem","position":2,"name":"Die Ausbildung von Pilgerbegleiter*innen in Sachsen hat wieder begonnen"}]},{"@type":"WebSite","@id":"https:\/\/www.ltv-sachsen.de\/wanderundpilgerakademie\/#website","url":"https:\/\/www.ltv-sachsen.de\/wanderundpilgerakademie\/","name":"Wander- und Pilgerakademie","description":"Allgemeine Infos zur Wander- und Pilgerakademie","potentialAction":[{"@type":"SearchAction","target":{"@type":"EntryPoint","urlTemplate":"https:\/\/www.ltv-sachsen.de\/wanderundpilgerakademie\/?s={search_term_string}"},"query-input":{"@type":"PropertyValueSpecification","valueRequired":true,"valueName":"search_term_string"}}],"inLanguage":"de"},{"@type":"Person","@id":"https:\/\/www.ltv-sachsen.de\/wanderundpilgerakademie\/#\/schema\/person\/c9b358ac1d6549fcc45ce3f905d1358c","name":"wanderundpilgerakademie","image":{"@type":"ImageObject","inLanguage":"de","@id":"https:\/\/www.ltv-sachsen.de\/wanderundpilgerakademie\/#\/schema\/person\/image\/","url":"https:\/\/secure.gravatar.com\/avatar\/992f6ea3d0f7e2edcbe1a2de25ad878fb8e5d09adc136f8fbaad6b574c799c34?s=96&d=mm&r=g","contentUrl":"https:\/\/secure.gravatar.com\/avatar\/992f6ea3d0f7e2edcbe1a2de25ad878fb8e5d09adc136f8fbaad6b574c799c34?s=96&d=mm&r=g","caption":"wanderundpilgerakademie"},"url":"https:\/\/www.ltv-sachsen.de\/wanderundpilgerakademie\/author\/wanderundpilgerakademie\/"}]}},"_links":{"self":[{"href":"https:\/\/www.ltv-sachsen.de\/wanderundpilgerakademie\/wp-json\/wp\/v2\/posts\/653","targetHints":{"allow":["GET"]}}],"collection":[{"href":"https:\/\/www.ltv-sachsen.de\/wanderundpilgerakademie\/wp-json\/wp\/v2\/posts"}],"about":[{"href":"https:\/\/www.ltv-sachsen.de\/wanderundpilgerakademie\/wp-json\/wp\/v2\/types\/post"}],"author":[{"embeddable":true,"href":"https:\/\/www.ltv-sachsen.de\/wanderundpilgerakademie\/wp-json\/wp\/v2\/users\/5"}],"replies":[{"embeddable":true,"href":"https:\/\/www.ltv-sachsen.de\/wanderundpilgerakademie\/wp-json\/wp\/v2\/comments?post=653"}],"version-history":[{"count":4,"href":"https:\/\/www.ltv-sachsen.de\/wanderundpilgerakademie\/wp-json\/wp\/v2\/posts\/653\/revisions"}],"predecessor-version":[{"id":659,"href":"https:\/\/www.ltv-sachsen.de\/wanderundpilgerakademie\/wp-json\/wp\/v2\/posts\/653\/revisions\/659"}],"wp:featuredmedia":[{"embeddable":true,"href":"https:\/\/www.ltv-sachsen.de\/wanderundpilgerakademie\/wp-json\/wp\/v2\/media\/654"}],"wp:attachment":[{"href":"https:\/\/www.ltv-sachsen.de\/wanderundpilgerakademie\/wp-json\/wp\/v2\/media?parent=653"}],"wp:term":[{"taxonomy":"category","embeddable":true,"href":"https:\/\/www.ltv-sachsen.de\/wanderundpilgerakademie\/wp-json\/wp\/v2\/categories?post=653"},{"taxonomy":"post_tag","embeddable":true,"href":"https:\/\/www.ltv-sachsen.de\/wanderundpilgerakademie\/wp-json\/wp\/v2\/tags?post=653"}],"curies":[{"name":"wp","href":"https:\/\/api.w.org\/{rel}","templated":true}]}}