{"id":641,"date":"2023-05-22T14:43:10","date_gmt":"2023-05-22T12:43:10","guid":{"rendered":"https:\/\/www.ltv-sachsen.de\/wanderundpilgerakademie\/?p=641"},"modified":"2023-06-06T13:51:03","modified_gmt":"2023-06-06T11:51:03","slug":"werkstatt-tag-der-evangelisch-lutherischen-landeskirche-sachsens-jetzt-anmelden","status":"publish","type":"post","link":"https:\/\/www.ltv-sachsen.de\/wanderundpilgerakademie\/werkstatt-tag-der-evangelisch-lutherischen-landeskirche-sachsens-jetzt-anmelden\/","title":{"rendered":"Werkstatt-Tag der Evangelisch-Lutherischen Landeskirche Sachsens"},"content":{"rendered":"<div class=\"wpb-content-wrapper\"><p>[vc_row ppi_row_padding=&#8220;ppi_remove_padding_top&#8220; full_width=&#8220;ppi_small_row&#8220;][vc_column][vc_column_text]Die Evangelisch-Lutherischen Landeskirche Sachsens l\u00e4dt am Samstag, den\u00a0<strong>03.06.2023<\/strong>\u00a0von 9:30-16:00 Uhr unter dem Motto \u201ewer aufbricht, der kann hoffen\u2026\u201c in die Kirche und Heimvolkshochschule Kohren-Sahlis zum\u00a0<strong>Werkstatt-Tag<\/strong>\u00a0ein!\u00a0 Hier treffen Menschen \u2013 die ihre Kirchen auch au\u00dferhalb der Gottesdienstzeiten f\u00fcr Besucherinnen und Besucher \u00f6ffnen wollen \u2013 auf Engagierte aus dem Bereich der Pilgerinitiativen in Mitteldeutschland. Eine Anreise am Vorabend ist in diesem Jahr (mit einfachem Abendimbiss, Vortrag, Tagesausklang, \u00a0musikalischem Gebet und Unterbringung in Mehrbettzimmern) m\u00f6glich. Weitere Informationen erhalten Sie hier im Flyer:<\/p>\n<p><a href=\"https:\/\/www.ltv-sachsen.de\/wp-content\/uploads\/sites\/2\/2023\/05\/Flyer-Werkstatttag_03_Juni_2023.pdf\">Flyer Werkstatttag 03. Juni 2023<\/a><\/p>\n<p>Anmelden k\u00f6nnen Sie sich\u00a0<strong><a href=\"https:\/\/www.eeb-sachsen.de\/werkstatt-tag-%E2%80%9Eoffene-kirche%E2%80%9C.html?fart=1\" target=\"_blank\" rel=\"noopener\"><u>hier<\/u><\/a><\/strong>![\/vc_column_text][\/vc_column][\/vc_row]<\/p>\n<\/div>","protected":false},"excerpt":{"rendered":"<p>[vc_row ppi_row_padding=&#8220;ppi_remove_padding_top&#8220; full_width=&#8220;ppi_small_row&#8220;][vc_column][vc_column_text]Die Evangelisch-Lutherischen Landeskirche Sachsens l\u00e4dt am Samstag, den\u00a003.06.2023\u00a0von 9:30-16:00 Uhr unter dem Motto \u201ewer aufbricht, der kann hoffen\u2026\u201c in die Kirche und Heimvolkshochschule Kohren-Sahlis zum\u00a0Werkstatt-Tag\u00a0ein!\u00a0 Hier treffen Menschen \u2013 die ihre Kirchen auch au\u00dferhalb der Gottesdienstzeiten f\u00fcr Besucherinnen und Besucher \u00f6ffnen wollen \u2013 auf Engagierte aus dem Bereich der Pilgerinitiativen in Mitteldeutschland. Eine [&hellip;]<\/p>\n","protected":false},"author":6,"featured_media":649,"comment_status":"closed","ping_status":"open","sticky":false,"template":"","format":"standard","meta":{"_acf_changed":false,"inline_featured_image":false,"footnotes":""},"categories":[37],"tags":[],"class_list":["post-641","post","type-post","status-publish","format-standard","has-post-thumbnail","hentry","category-news"],"acf":[],"yoast_head":"<!-- This site is optimized with the Yoast SEO plugin v26.4 - https:\/\/yoast.com\/wordpress\/plugins\/seo\/ -->\n<title>Werkstatt-Tag der Evangelisch-Lutherischen Landeskirche Sachsens - Wander- und Pilgerakademie<\/title>\n<meta name=\"robots\" content=\"index, follow, max-snippet:-1, max-image-preview:large, max-video-preview:-1\" \/>\n<link rel=\"canonical\" href=\"https:\/\/www.ltv-sachsen.de\/wanderundpilgerakademie\/werkstatt-tag-der-evangelisch-lutherischen-landeskirche-sachsens-jetzt-anmelden\/\" \/>\n<meta property=\"og:locale\" content=\"de_DE\" \/>\n<meta property=\"og:type\" content=\"article\" \/>\n<meta property=\"og:title\" content=\"Werkstatt-Tag der Evangelisch-Lutherischen Landeskirche Sachsens - Wander- und Pilgerakademie\" \/>\n<meta property=\"og:description\" content=\"[vc_row ppi_row_padding=&#8220;ppi_remove_padding_top&#8220; full_width=&#8220;ppi_small_row&#8220;][vc_column][vc_column_text]Die Evangelisch-Lutherischen Landeskirche Sachsens l\u00e4dt am Samstag, den\u00a003.06.2023\u00a0von 9:30-16:00 Uhr unter dem Motto \u201ewer aufbricht, der kann hoffen\u2026\u201c in die Kirche und Heimvolkshochschule Kohren-Sahlis zum\u00a0Werkstatt-Tag\u00a0ein!\u00a0 Hier treffen Menschen \u2013 die ihre Kirchen auch au\u00dferhalb der Gottesdienstzeiten f\u00fcr Besucherinnen und Besucher \u00f6ffnen wollen \u2013 auf Engagierte aus dem Bereich der Pilgerinitiativen in Mitteldeutschland. Eine [&hellip;]\" \/>\n<meta property=\"og:url\" content=\"https:\/\/www.ltv-sachsen.de\/wanderundpilgerakademie\/werkstatt-tag-der-evangelisch-lutherischen-landeskirche-sachsens-jetzt-anmelden\/\" \/>\n<meta property=\"og:site_name\" content=\"Wander- und Pilgerakademie\" \/>\n<meta property=\"article:published_time\" content=\"2023-05-22T12:43:10+00:00\" \/>\n<meta property=\"article:modified_time\" content=\"2023-06-06T11:51:03+00:00\" \/>\n<meta property=\"og:image\" content=\"https:\/\/www.ltv-sachsen.de\/wp-content\/uploads\/sites\/2\/2023\/05\/wandern_zur_Kirche11042023_FotoKKracht-1.jpg\" \/>\n\t<meta property=\"og:image:width\" content=\"1913\" \/>\n\t<meta property=\"og:image:height\" content=\"1292\" \/>\n\t<meta property=\"og:image:type\" content=\"image\/jpeg\" \/>\n<meta name=\"author\" content=\"Anna Haferland\" \/>\n<meta name=\"twitter:card\" content=\"summary_large_image\" \/>\n<meta name=\"twitter:label1\" content=\"Verfasst von\" \/>\n\t<meta name=\"twitter:data1\" content=\"Anna Haferland\" \/>\n\t<meta name=\"twitter:label2\" content=\"Gesch\u00e4tzte Lesezeit\" \/>\n\t<meta name=\"twitter:data2\" content=\"1\u00a0Minute\" \/>\n<script type=\"application\/ld+json\" class=\"yoast-schema-graph\">{\"@context\":\"https:\/\/schema.org\",\"@graph\":[{\"@type\":\"WebPage\",\"@id\":\"https:\/\/www.ltv-sachsen.de\/wanderundpilgerakademie\/werkstatt-tag-der-evangelisch-lutherischen-landeskirche-sachsens-jetzt-anmelden\/\",\"url\":\"https:\/\/www.ltv-sachsen.de\/wanderundpilgerakademie\/werkstatt-tag-der-evangelisch-lutherischen-landeskirche-sachsens-jetzt-anmelden\/\",\"name\":\"Werkstatt-Tag der Evangelisch-Lutherischen Landeskirche Sachsens - Wander- und Pilgerakademie\",\"isPartOf\":{\"@id\":\"https:\/\/www.ltv-sachsen.de\/wanderundpilgerakademie\/#website\"},\"primaryImageOfPage\":{\"@id\":\"https:\/\/www.ltv-sachsen.de\/wanderundpilgerakademie\/werkstatt-tag-der-evangelisch-lutherischen-landeskirche-sachsens-jetzt-anmelden\/#primaryimage\"},\"image\":{\"@id\":\"https:\/\/www.ltv-sachsen.de\/wanderundpilgerakademie\/werkstatt-tag-der-evangelisch-lutherischen-landeskirche-sachsens-jetzt-anmelden\/#primaryimage\"},\"thumbnailUrl\":\"https:\/\/www.ltv-sachsen.de\/wp-content\/uploads\/sites\/2\/2023\/05\/wandern_zur_Kirche11042023_FotoKKracht-1.jpg\",\"datePublished\":\"2023-05-22T12:43:10+00:00\",\"dateModified\":\"2023-06-06T11:51:03+00:00\",\"author\":{\"@id\":\"https:\/\/www.ltv-sachsen.de\/wanderundpilgerakademie\/#\/schema\/person\/8dbc356137f641c7e232b5deb1e29fce\"},\"breadcrumb\":{\"@id\":\"https:\/\/www.ltv-sachsen.de\/wanderundpilgerakademie\/werkstatt-tag-der-evangelisch-lutherischen-landeskirche-sachsens-jetzt-anmelden\/#breadcrumb\"},\"inLanguage\":\"de\",\"potentialAction\":[{\"@type\":\"ReadAction\",\"target\":[\"https:\/\/www.ltv-sachsen.de\/wanderundpilgerakademie\/werkstatt-tag-der-evangelisch-lutherischen-landeskirche-sachsens-jetzt-anmelden\/\"]}]},{\"@type\":\"ImageObject\",\"inLanguage\":\"de\",\"@id\":\"https:\/\/www.ltv-sachsen.de\/wanderundpilgerakademie\/werkstatt-tag-der-evangelisch-lutherischen-landeskirche-sachsens-jetzt-anmelden\/#primaryimage\",\"url\":\"https:\/\/www.ltv-sachsen.de\/wp-content\/uploads\/sites\/2\/2023\/05\/wandern_zur_Kirche11042023_FotoKKracht-1.jpg\",\"contentUrl\":\"https:\/\/www.ltv-sachsen.de\/wp-content\/uploads\/sites\/2\/2023\/05\/wandern_zur_Kirche11042023_FotoKKracht-1.jpg\",\"width\":1913,\"height\":1292},{\"@type\":\"BreadcrumbList\",\"@id\":\"https:\/\/www.ltv-sachsen.de\/wanderundpilgerakademie\/werkstatt-tag-der-evangelisch-lutherischen-landeskirche-sachsens-jetzt-anmelden\/#breadcrumb\",\"itemListElement\":[{\"@type\":\"ListItem\",\"position\":1,\"name\":\"Home\",\"item\":\"https:\/\/www.ltv-sachsen.de\/wanderundpilgerakademie\/\"},{\"@type\":\"ListItem\",\"position\":2,\"name\":\"Werkstatt-Tag der Evangelisch-Lutherischen Landeskirche Sachsens\"}]},{\"@type\":\"WebSite\",\"@id\":\"https:\/\/www.ltv-sachsen.de\/wanderundpilgerakademie\/#website\",\"url\":\"https:\/\/www.ltv-sachsen.de\/wanderundpilgerakademie\/\",\"name\":\"Wander- und Pilgerakademie\",\"description\":\"Allgemeine Infos zur Wander- und Pilgerakademie\",\"potentialAction\":[{\"@type\":\"SearchAction\",\"target\":{\"@type\":\"EntryPoint\",\"urlTemplate\":\"https:\/\/www.ltv-sachsen.de\/wanderundpilgerakademie\/?s={search_term_string}\"},\"query-input\":{\"@type\":\"PropertyValueSpecification\",\"valueRequired\":true,\"valueName\":\"search_term_string\"}}],\"inLanguage\":\"de\"},{\"@type\":\"Person\",\"@id\":\"https:\/\/www.ltv-sachsen.de\/wanderundpilgerakademie\/#\/schema\/person\/8dbc356137f641c7e232b5deb1e29fce\",\"name\":\"Anna Haferland\",\"image\":{\"@type\":\"ImageObject\",\"inLanguage\":\"de\",\"@id\":\"https:\/\/www.ltv-sachsen.de\/wanderundpilgerakademie\/#\/schema\/person\/image\/\",\"url\":\"https:\/\/secure.gravatar.com\/avatar\/17507e53c893a765fae59615b6e938af1540b200e93b9bacf1ad50f4d192be0b?s=96&d=mm&r=g\",\"contentUrl\":\"https:\/\/secure.gravatar.com\/avatar\/17507e53c893a765fae59615b6e938af1540b200e93b9bacf1ad50f4d192be0b?s=96&d=mm&r=g\",\"caption\":\"Anna Haferland\"},\"url\":\"https:\/\/www.ltv-sachsen.de\/wanderundpilgerakademie\/author\/schulze\/\"}]}<\/script>\n<!-- \/ Yoast SEO plugin. -->","yoast_head_json":{"title":"Werkstatt-Tag der Evangelisch-Lutherischen Landeskirche Sachsens - Wander- und Pilgerakademie","robots":{"index":"index","follow":"follow","max-snippet":"max-snippet:-1","max-image-preview":"max-image-preview:large","max-video-preview":"max-video-preview:-1"},"canonical":"https:\/\/www.ltv-sachsen.de\/wanderundpilgerakademie\/werkstatt-tag-der-evangelisch-lutherischen-landeskirche-sachsens-jetzt-anmelden\/","og_locale":"de_DE","og_type":"article","og_title":"Werkstatt-Tag der Evangelisch-Lutherischen Landeskirche Sachsens - Wander- und Pilgerakademie","og_description":"[vc_row ppi_row_padding=&#8220;ppi_remove_padding_top&#8220; full_width=&#8220;ppi_small_row&#8220;][vc_column][vc_column_text]Die Evangelisch-Lutherischen Landeskirche Sachsens l\u00e4dt am Samstag, den\u00a003.06.2023\u00a0von 9:30-16:00 Uhr unter dem Motto \u201ewer aufbricht, der kann hoffen\u2026\u201c in die Kirche und Heimvolkshochschule Kohren-Sahlis zum\u00a0Werkstatt-Tag\u00a0ein!\u00a0 Hier treffen Menschen \u2013 die ihre Kirchen auch au\u00dferhalb der Gottesdienstzeiten f\u00fcr Besucherinnen und Besucher \u00f6ffnen wollen \u2013 auf Engagierte aus dem Bereich der Pilgerinitiativen in Mitteldeutschland. Eine [&hellip;]","og_url":"https:\/\/www.ltv-sachsen.de\/wanderundpilgerakademie\/werkstatt-tag-der-evangelisch-lutherischen-landeskirche-sachsens-jetzt-anmelden\/","og_site_name":"Wander- und Pilgerakademie","article_published_time":"2023-05-22T12:43:10+00:00","article_modified_time":"2023-06-06T11:51:03+00:00","og_image":[{"width":1913,"height":1292,"url":"https:\/\/www.ltv-sachsen.de\/wp-content\/uploads\/sites\/2\/2023\/05\/wandern_zur_Kirche11042023_FotoKKracht-1.jpg","type":"image\/jpeg"}],"author":"Anna Haferland","twitter_card":"summary_large_image","twitter_misc":{"Verfasst von":"Anna Haferland","Gesch\u00e4tzte Lesezeit":"1\u00a0Minute"},"schema":{"@context":"https:\/\/schema.org","@graph":[{"@type":"WebPage","@id":"https:\/\/www.ltv-sachsen.de\/wanderundpilgerakademie\/werkstatt-tag-der-evangelisch-lutherischen-landeskirche-sachsens-jetzt-anmelden\/","url":"https:\/\/www.ltv-sachsen.de\/wanderundpilgerakademie\/werkstatt-tag-der-evangelisch-lutherischen-landeskirche-sachsens-jetzt-anmelden\/","name":"Werkstatt-Tag der Evangelisch-Lutherischen Landeskirche Sachsens - Wander- und Pilgerakademie","isPartOf":{"@id":"https:\/\/www.ltv-sachsen.de\/wanderundpilgerakademie\/#website"},"primaryImageOfPage":{"@id":"https:\/\/www.ltv-sachsen.de\/wanderundpilgerakademie\/werkstatt-tag-der-evangelisch-lutherischen-landeskirche-sachsens-jetzt-anmelden\/#primaryimage"},"image":{"@id":"https:\/\/www.ltv-sachsen.de\/wanderundpilgerakademie\/werkstatt-tag-der-evangelisch-lutherischen-landeskirche-sachsens-jetzt-anmelden\/#primaryimage"},"thumbnailUrl":"https:\/\/www.ltv-sachsen.de\/wp-content\/uploads\/sites\/2\/2023\/05\/wandern_zur_Kirche11042023_FotoKKracht-1.jpg","datePublished":"2023-05-22T12:43:10+00:00","dateModified":"2023-06-06T11:51:03+00:00","author":{"@id":"https:\/\/www.ltv-sachsen.de\/wanderundpilgerakademie\/#\/schema\/person\/8dbc356137f641c7e232b5deb1e29fce"},"breadcrumb":{"@id":"https:\/\/www.ltv-sachsen.de\/wanderundpilgerakademie\/werkstatt-tag-der-evangelisch-lutherischen-landeskirche-sachsens-jetzt-anmelden\/#breadcrumb"},"inLanguage":"de","potentialAction":[{"@type":"ReadAction","target":["https:\/\/www.ltv-sachsen.de\/wanderundpilgerakademie\/werkstatt-tag-der-evangelisch-lutherischen-landeskirche-sachsens-jetzt-anmelden\/"]}]},{"@type":"ImageObject","inLanguage":"de","@id":"https:\/\/www.ltv-sachsen.de\/wanderundpilgerakademie\/werkstatt-tag-der-evangelisch-lutherischen-landeskirche-sachsens-jetzt-anmelden\/#primaryimage","url":"https:\/\/www.ltv-sachsen.de\/wp-content\/uploads\/sites\/2\/2023\/05\/wandern_zur_Kirche11042023_FotoKKracht-1.jpg","contentUrl":"https:\/\/www.ltv-sachsen.de\/wp-content\/uploads\/sites\/2\/2023\/05\/wandern_zur_Kirche11042023_FotoKKracht-1.jpg","width":1913,"height":1292},{"@type":"BreadcrumbList","@id":"https:\/\/www.ltv-sachsen.de\/wanderundpilgerakademie\/werkstatt-tag-der-evangelisch-lutherischen-landeskirche-sachsens-jetzt-anmelden\/#breadcrumb","itemListElement":[{"@type":"ListItem","position":1,"name":"Home","item":"https:\/\/www.ltv-sachsen.de\/wanderundpilgerakademie\/"},{"@type":"ListItem","position":2,"name":"Werkstatt-Tag der Evangelisch-Lutherischen Landeskirche Sachsens"}]},{"@type":"WebSite","@id":"https:\/\/www.ltv-sachsen.de\/wanderundpilgerakademie\/#website","url":"https:\/\/www.ltv-sachsen.de\/wanderundpilgerakademie\/","name":"Wander- und Pilgerakademie","description":"Allgemeine Infos zur Wander- und Pilgerakademie","potentialAction":[{"@type":"SearchAction","target":{"@type":"EntryPoint","urlTemplate":"https:\/\/www.ltv-sachsen.de\/wanderundpilgerakademie\/?s={search_term_string}"},"query-input":{"@type":"PropertyValueSpecification","valueRequired":true,"valueName":"search_term_string"}}],"inLanguage":"de"},{"@type":"Person","@id":"https:\/\/www.ltv-sachsen.de\/wanderundpilgerakademie\/#\/schema\/person\/8dbc356137f641c7e232b5deb1e29fce","name":"Anna Haferland","image":{"@type":"ImageObject","inLanguage":"de","@id":"https:\/\/www.ltv-sachsen.de\/wanderundpilgerakademie\/#\/schema\/person\/image\/","url":"https:\/\/secure.gravatar.com\/avatar\/17507e53c893a765fae59615b6e938af1540b200e93b9bacf1ad50f4d192be0b?s=96&d=mm&r=g","contentUrl":"https:\/\/secure.gravatar.com\/avatar\/17507e53c893a765fae59615b6e938af1540b200e93b9bacf1ad50f4d192be0b?s=96&d=mm&r=g","caption":"Anna Haferland"},"url":"https:\/\/www.ltv-sachsen.de\/wanderundpilgerakademie\/author\/schulze\/"}]}},"_links":{"self":[{"href":"https:\/\/www.ltv-sachsen.de\/wanderundpilgerakademie\/wp-json\/wp\/v2\/posts\/641","targetHints":{"allow":["GET"]}}],"collection":[{"href":"https:\/\/www.ltv-sachsen.de\/wanderundpilgerakademie\/wp-json\/wp\/v2\/posts"}],"about":[{"href":"https:\/\/www.ltv-sachsen.de\/wanderundpilgerakademie\/wp-json\/wp\/v2\/types\/post"}],"author":[{"embeddable":true,"href":"https:\/\/www.ltv-sachsen.de\/wanderundpilgerakademie\/wp-json\/wp\/v2\/users\/6"}],"replies":[{"embeddable":true,"href":"https:\/\/www.ltv-sachsen.de\/wanderundpilgerakademie\/wp-json\/wp\/v2\/comments?post=641"}],"version-history":[{"count":6,"href":"https:\/\/www.ltv-sachsen.de\/wanderundpilgerakademie\/wp-json\/wp\/v2\/posts\/641\/revisions"}],"predecessor-version":[{"id":690,"href":"https:\/\/www.ltv-sachsen.de\/wanderundpilgerakademie\/wp-json\/wp\/v2\/posts\/641\/revisions\/690"}],"wp:featuredmedia":[{"embeddable":true,"href":"https:\/\/www.ltv-sachsen.de\/wanderundpilgerakademie\/wp-json\/wp\/v2\/media\/649"}],"wp:attachment":[{"href":"https:\/\/www.ltv-sachsen.de\/wanderundpilgerakademie\/wp-json\/wp\/v2\/media?parent=641"}],"wp:term":[{"taxonomy":"category","embeddable":true,"href":"https:\/\/www.ltv-sachsen.de\/wanderundpilgerakademie\/wp-json\/wp\/v2\/categories?post=641"},{"taxonomy":"post_tag","embeddable":true,"href":"https:\/\/www.ltv-sachsen.de\/wanderundpilgerakademie\/wp-json\/wp\/v2\/tags?post=641"}],"curies":[{"name":"wp","href":"https:\/\/api.w.org\/{rel}","templated":true}]}}