{"id":581,"date":"2022-11-30T11:05:18","date_gmt":"2022-11-30T10:05:18","guid":{"rendered":"https:\/\/www.ltv-sachsen.de\/wanderundpilgerakademie\/?p=581"},"modified":"2022-11-30T11:08:41","modified_gmt":"2022-11-30T10:08:41","slug":"rueckblick-wegewartetreffen-im-vogtland-am-23-11-2022","status":"publish","type":"post","link":"https:\/\/www.ltv-sachsen.de\/wanderundpilgerakademie\/rueckblick-wegewartetreffen-im-vogtland-am-23-11-2022\/","title":{"rendered":"R\u00fcckblick: Wegewart*innentreffen im Vogtland am 23.11.2022"},"content":{"rendered":"<div class=\"wpb-content-wrapper\"><p>[vc_row][vc_column][vc_column_text]<\/p>\n<div class=\"\" dir=\"auto\">\n<div id=\"jsc_c_b\" class=\"x1iorvi4 x1pi30zi x1l90r2v x1swvt13\" data-ad-comet-preview=\"message\" data-ad-preview=\"message\">\n<div class=\"x78zum5 xdt5ytf xz62fqu x16ldp7u\">\n<div class=\"xu06os2 x1ok221b\">\n<div class=\"x11i5rnm xat24cr x1mh8g0r x1vvkbs xdj266r x126k92a\">\n<div dir=\"auto\">Der Herrnhuter Stern leuchtet und verk\u00fcndet frohe Botschaft. \u2013 Jetzt in der Adventszeit planen wir schon f\u00fcr 2023 und so waren wir in der letzten Woche als Wander- und Pilgerakademie Sachsen eingeladen zum Treffen der Wegewart*innen in Gr\u00fcnheide (bei Auerbach\/Vogtland). Etwa 30 Wegewart*innen kamen zusammen und wir konnten \u00fcber unsere Ausbildung zur\/zum Wegewart*in berichten und neue Kontakte kn\u00fcpfen.<\/div>\n<\/div>\n<div class=\"x11i5rnm xat24cr x1mh8g0r x1vvkbs xtlvy1s x126k92a\">\n<div dir=\"auto\">N\u00e4chstes Jahr im April werden wir f\u00fcr drei Tage im Waldpark Gr\u00fcnheide ausbilden. Wer Wanderwege oder Pilgerwege als Wegewart*in betreut oder betreuen will, ist herzlich willkommen!<\/div>\n<div dir=\"auto\">F\u00fcr Nachfragen oder Voranmeldungen einfach eine E-Mail senden an: holger.richter@evlks.de.<\/div>\n<\/div>\n<\/div>\n<\/div>\n<\/div>\n<\/div>\n<p>[\/vc_column_text][\/vc_column][\/vc_row]<\/p>\n<\/div>","protected":false},"excerpt":{"rendered":"<p>[vc_row][vc_column][vc_column_text] Der Herrnhuter Stern leuchtet und verk\u00fcndet frohe Botschaft. \u2013 Jetzt in der Adventszeit planen wir schon f\u00fcr 2023 und so waren wir in der letzten Woche als Wander- und Pilgerakademie Sachsen eingeladen zum Treffen der Wegewart*innen in Gr\u00fcnheide (bei Auerbach\/Vogtland). Etwa 30 Wegewart*innen kamen zusammen und wir konnten \u00fcber unsere Ausbildung zur\/zum Wegewart*in berichten [&hellip;]<\/p>\n","protected":false},"author":5,"featured_media":584,"comment_status":"open","ping_status":"open","sticky":false,"template":"","format":"standard","meta":{"_acf_changed":false,"inline_featured_image":false,"footnotes":""},"categories":[1],"tags":[],"class_list":["post-581","post","type-post","status-publish","format-standard","has-post-thumbnail","hentry","category-unkategorisiert"],"acf":[],"yoast_head":"<!-- This site is optimized with the Yoast SEO plugin v26.4 - https:\/\/yoast.com\/wordpress\/plugins\/seo\/ -->\n<title>R\u00fcckblick: Wegewart*innentreffen im Vogtland am 23.11.2022 - Wander- und Pilgerakademie<\/title>\n<meta name=\"robots\" content=\"index, follow, max-snippet:-1, max-image-preview:large, max-video-preview:-1\" \/>\n<link rel=\"canonical\" href=\"https:\/\/www.ltv-sachsen.de\/wanderundpilgerakademie\/rueckblick-wegewartetreffen-im-vogtland-am-23-11-2022\/\" \/>\n<meta property=\"og:locale\" content=\"de_DE\" \/>\n<meta property=\"og:type\" content=\"article\" \/>\n<meta property=\"og:title\" content=\"R\u00fcckblick: Wegewart*innentreffen im Vogtland am 23.11.2022 - Wander- und Pilgerakademie\" \/>\n<meta property=\"og:description\" content=\"[vc_row][vc_column][vc_column_text] Der Herrnhuter Stern leuchtet und verk\u00fcndet frohe Botschaft. \u2013 Jetzt in der Adventszeit planen wir schon f\u00fcr 2023 und so waren wir in der letzten Woche als Wander- und Pilgerakademie Sachsen eingeladen zum Treffen der Wegewart*innen in Gr\u00fcnheide (bei Auerbach\/Vogtland). Etwa 30 Wegewart*innen kamen zusammen und wir konnten \u00fcber unsere Ausbildung zur\/zum Wegewart*in berichten [&hellip;]\" \/>\n<meta property=\"og:url\" content=\"https:\/\/www.ltv-sachsen.de\/wanderundpilgerakademie\/rueckblick-wegewartetreffen-im-vogtland-am-23-11-2022\/\" \/>\n<meta property=\"og:site_name\" content=\"Wander- und Pilgerakademie\" \/>\n<meta property=\"article:published_time\" content=\"2022-11-30T10:05:18+00:00\" \/>\n<meta property=\"article:modified_time\" content=\"2022-11-30T10:08:41+00:00\" \/>\n<meta property=\"og:image\" content=\"https:\/\/www.ltv-sachsen.de\/wp-content\/uploads\/sites\/2\/2022\/11\/IMG_20221123_1416492.jpg\" \/>\n\t<meta property=\"og:image:width\" content=\"1279\" \/>\n\t<meta property=\"og:image:height\" content=\"984\" \/>\n\t<meta property=\"og:image:type\" content=\"image\/jpeg\" \/>\n<meta name=\"author\" content=\"wanderundpilgerakademie\" \/>\n<meta name=\"twitter:card\" content=\"summary_large_image\" \/>\n<meta name=\"twitter:label1\" content=\"Verfasst von\" \/>\n\t<meta name=\"twitter:data1\" content=\"wanderundpilgerakademie\" \/>\n\t<meta name=\"twitter:label2\" content=\"Gesch\u00e4tzte Lesezeit\" \/>\n\t<meta name=\"twitter:data2\" content=\"1\u00a0Minute\" \/>\n<script type=\"application\/ld+json\" class=\"yoast-schema-graph\">{\"@context\":\"https:\/\/schema.org\",\"@graph\":[{\"@type\":\"WebPage\",\"@id\":\"https:\/\/www.ltv-sachsen.de\/wanderundpilgerakademie\/rueckblick-wegewartetreffen-im-vogtland-am-23-11-2022\/\",\"url\":\"https:\/\/www.ltv-sachsen.de\/wanderundpilgerakademie\/rueckblick-wegewartetreffen-im-vogtland-am-23-11-2022\/\",\"name\":\"R\u00fcckblick: Wegewart*innentreffen im Vogtland am 23.11.2022 - Wander- und Pilgerakademie\",\"isPartOf\":{\"@id\":\"https:\/\/www.ltv-sachsen.de\/wanderundpilgerakademie\/#website\"},\"primaryImageOfPage\":{\"@id\":\"https:\/\/www.ltv-sachsen.de\/wanderundpilgerakademie\/rueckblick-wegewartetreffen-im-vogtland-am-23-11-2022\/#primaryimage\"},\"image\":{\"@id\":\"https:\/\/www.ltv-sachsen.de\/wanderundpilgerakademie\/rueckblick-wegewartetreffen-im-vogtland-am-23-11-2022\/#primaryimage\"},\"thumbnailUrl\":\"https:\/\/www.ltv-sachsen.de\/wp-content\/uploads\/sites\/2\/2022\/11\/IMG_20221123_1416492.jpg\",\"datePublished\":\"2022-11-30T10:05:18+00:00\",\"dateModified\":\"2022-11-30T10:08:41+00:00\",\"author\":{\"@id\":\"https:\/\/www.ltv-sachsen.de\/wanderundpilgerakademie\/#\/schema\/person\/c9b358ac1d6549fcc45ce3f905d1358c\"},\"breadcrumb\":{\"@id\":\"https:\/\/www.ltv-sachsen.de\/wanderundpilgerakademie\/rueckblick-wegewartetreffen-im-vogtland-am-23-11-2022\/#breadcrumb\"},\"inLanguage\":\"de\",\"potentialAction\":[{\"@type\":\"ReadAction\",\"target\":[\"https:\/\/www.ltv-sachsen.de\/wanderundpilgerakademie\/rueckblick-wegewartetreffen-im-vogtland-am-23-11-2022\/\"]}]},{\"@type\":\"ImageObject\",\"inLanguage\":\"de\",\"@id\":\"https:\/\/www.ltv-sachsen.de\/wanderundpilgerakademie\/rueckblick-wegewartetreffen-im-vogtland-am-23-11-2022\/#primaryimage\",\"url\":\"https:\/\/www.ltv-sachsen.de\/wp-content\/uploads\/sites\/2\/2022\/11\/IMG_20221123_1416492.jpg\",\"contentUrl\":\"https:\/\/www.ltv-sachsen.de\/wp-content\/uploads\/sites\/2\/2022\/11\/IMG_20221123_1416492.jpg\",\"width\":1279,\"height\":984},{\"@type\":\"BreadcrumbList\",\"@id\":\"https:\/\/www.ltv-sachsen.de\/wanderundpilgerakademie\/rueckblick-wegewartetreffen-im-vogtland-am-23-11-2022\/#breadcrumb\",\"itemListElement\":[{\"@type\":\"ListItem\",\"position\":1,\"name\":\"Home\",\"item\":\"https:\/\/www.ltv-sachsen.de\/wanderundpilgerakademie\/\"},{\"@type\":\"ListItem\",\"position\":2,\"name\":\"R\u00fcckblick: Wegewart*innentreffen im Vogtland am 23.11.2022\"}]},{\"@type\":\"WebSite\",\"@id\":\"https:\/\/www.ltv-sachsen.de\/wanderundpilgerakademie\/#website\",\"url\":\"https:\/\/www.ltv-sachsen.de\/wanderundpilgerakademie\/\",\"name\":\"Wander- und Pilgerakademie\",\"description\":\"Allgemeine Infos zur Wander- und Pilgerakademie\",\"potentialAction\":[{\"@type\":\"SearchAction\",\"target\":{\"@type\":\"EntryPoint\",\"urlTemplate\":\"https:\/\/www.ltv-sachsen.de\/wanderundpilgerakademie\/?s={search_term_string}\"},\"query-input\":{\"@type\":\"PropertyValueSpecification\",\"valueRequired\":true,\"valueName\":\"search_term_string\"}}],\"inLanguage\":\"de\"},{\"@type\":\"Person\",\"@id\":\"https:\/\/www.ltv-sachsen.de\/wanderundpilgerakademie\/#\/schema\/person\/c9b358ac1d6549fcc45ce3f905d1358c\",\"name\":\"wanderundpilgerakademie\",\"image\":{\"@type\":\"ImageObject\",\"inLanguage\":\"de\",\"@id\":\"https:\/\/www.ltv-sachsen.de\/wanderundpilgerakademie\/#\/schema\/person\/image\/\",\"url\":\"https:\/\/secure.gravatar.com\/avatar\/992f6ea3d0f7e2edcbe1a2de25ad878fb8e5d09adc136f8fbaad6b574c799c34?s=96&d=mm&r=g\",\"contentUrl\":\"https:\/\/secure.gravatar.com\/avatar\/992f6ea3d0f7e2edcbe1a2de25ad878fb8e5d09adc136f8fbaad6b574c799c34?s=96&d=mm&r=g\",\"caption\":\"wanderundpilgerakademie\"},\"url\":\"https:\/\/www.ltv-sachsen.de\/wanderundpilgerakademie\/author\/wanderundpilgerakademie\/\"}]}<\/script>\n<!-- \/ Yoast SEO plugin. -->","yoast_head_json":{"title":"R\u00fcckblick: Wegewart*innentreffen im Vogtland am 23.11.2022 - Wander- und Pilgerakademie","robots":{"index":"index","follow":"follow","max-snippet":"max-snippet:-1","max-image-preview":"max-image-preview:large","max-video-preview":"max-video-preview:-1"},"canonical":"https:\/\/www.ltv-sachsen.de\/wanderundpilgerakademie\/rueckblick-wegewartetreffen-im-vogtland-am-23-11-2022\/","og_locale":"de_DE","og_type":"article","og_title":"R\u00fcckblick: Wegewart*innentreffen im Vogtland am 23.11.2022 - Wander- und Pilgerakademie","og_description":"[vc_row][vc_column][vc_column_text] Der Herrnhuter Stern leuchtet und verk\u00fcndet frohe Botschaft. \u2013 Jetzt in der Adventszeit planen wir schon f\u00fcr 2023 und so waren wir in der letzten Woche als Wander- und Pilgerakademie Sachsen eingeladen zum Treffen der Wegewart*innen in Gr\u00fcnheide (bei Auerbach\/Vogtland). Etwa 30 Wegewart*innen kamen zusammen und wir konnten \u00fcber unsere Ausbildung zur\/zum Wegewart*in berichten [&hellip;]","og_url":"https:\/\/www.ltv-sachsen.de\/wanderundpilgerakademie\/rueckblick-wegewartetreffen-im-vogtland-am-23-11-2022\/","og_site_name":"Wander- und Pilgerakademie","article_published_time":"2022-11-30T10:05:18+00:00","article_modified_time":"2022-11-30T10:08:41+00:00","og_image":[{"width":1279,"height":984,"url":"https:\/\/www.ltv-sachsen.de\/wp-content\/uploads\/sites\/2\/2022\/11\/IMG_20221123_1416492.jpg","type":"image\/jpeg"}],"author":"wanderundpilgerakademie","twitter_card":"summary_large_image","twitter_misc":{"Verfasst von":"wanderundpilgerakademie","Gesch\u00e4tzte Lesezeit":"1\u00a0Minute"},"schema":{"@context":"https:\/\/schema.org","@graph":[{"@type":"WebPage","@id":"https:\/\/www.ltv-sachsen.de\/wanderundpilgerakademie\/rueckblick-wegewartetreffen-im-vogtland-am-23-11-2022\/","url":"https:\/\/www.ltv-sachsen.de\/wanderundpilgerakademie\/rueckblick-wegewartetreffen-im-vogtland-am-23-11-2022\/","name":"R\u00fcckblick: Wegewart*innentreffen im Vogtland am 23.11.2022 - Wander- und Pilgerakademie","isPartOf":{"@id":"https:\/\/www.ltv-sachsen.de\/wanderundpilgerakademie\/#website"},"primaryImageOfPage":{"@id":"https:\/\/www.ltv-sachsen.de\/wanderundpilgerakademie\/rueckblick-wegewartetreffen-im-vogtland-am-23-11-2022\/#primaryimage"},"image":{"@id":"https:\/\/www.ltv-sachsen.de\/wanderundpilgerakademie\/rueckblick-wegewartetreffen-im-vogtland-am-23-11-2022\/#primaryimage"},"thumbnailUrl":"https:\/\/www.ltv-sachsen.de\/wp-content\/uploads\/sites\/2\/2022\/11\/IMG_20221123_1416492.jpg","datePublished":"2022-11-30T10:05:18+00:00","dateModified":"2022-11-30T10:08:41+00:00","author":{"@id":"https:\/\/www.ltv-sachsen.de\/wanderundpilgerakademie\/#\/schema\/person\/c9b358ac1d6549fcc45ce3f905d1358c"},"breadcrumb":{"@id":"https:\/\/www.ltv-sachsen.de\/wanderundpilgerakademie\/rueckblick-wegewartetreffen-im-vogtland-am-23-11-2022\/#breadcrumb"},"inLanguage":"de","potentialAction":[{"@type":"ReadAction","target":["https:\/\/www.ltv-sachsen.de\/wanderundpilgerakademie\/rueckblick-wegewartetreffen-im-vogtland-am-23-11-2022\/"]}]},{"@type":"ImageObject","inLanguage":"de","@id":"https:\/\/www.ltv-sachsen.de\/wanderundpilgerakademie\/rueckblick-wegewartetreffen-im-vogtland-am-23-11-2022\/#primaryimage","url":"https:\/\/www.ltv-sachsen.de\/wp-content\/uploads\/sites\/2\/2022\/11\/IMG_20221123_1416492.jpg","contentUrl":"https:\/\/www.ltv-sachsen.de\/wp-content\/uploads\/sites\/2\/2022\/11\/IMG_20221123_1416492.jpg","width":1279,"height":984},{"@type":"BreadcrumbList","@id":"https:\/\/www.ltv-sachsen.de\/wanderundpilgerakademie\/rueckblick-wegewartetreffen-im-vogtland-am-23-11-2022\/#breadcrumb","itemListElement":[{"@type":"ListItem","position":1,"name":"Home","item":"https:\/\/www.ltv-sachsen.de\/wanderundpilgerakademie\/"},{"@type":"ListItem","position":2,"name":"R\u00fcckblick: Wegewart*innentreffen im Vogtland am 23.11.2022"}]},{"@type":"WebSite","@id":"https:\/\/www.ltv-sachsen.de\/wanderundpilgerakademie\/#website","url":"https:\/\/www.ltv-sachsen.de\/wanderundpilgerakademie\/","name":"Wander- und Pilgerakademie","description":"Allgemeine Infos zur Wander- und Pilgerakademie","potentialAction":[{"@type":"SearchAction","target":{"@type":"EntryPoint","urlTemplate":"https:\/\/www.ltv-sachsen.de\/wanderundpilgerakademie\/?s={search_term_string}"},"query-input":{"@type":"PropertyValueSpecification","valueRequired":true,"valueName":"search_term_string"}}],"inLanguage":"de"},{"@type":"Person","@id":"https:\/\/www.ltv-sachsen.de\/wanderundpilgerakademie\/#\/schema\/person\/c9b358ac1d6549fcc45ce3f905d1358c","name":"wanderundpilgerakademie","image":{"@type":"ImageObject","inLanguage":"de","@id":"https:\/\/www.ltv-sachsen.de\/wanderundpilgerakademie\/#\/schema\/person\/image\/","url":"https:\/\/secure.gravatar.com\/avatar\/992f6ea3d0f7e2edcbe1a2de25ad878fb8e5d09adc136f8fbaad6b574c799c34?s=96&d=mm&r=g","contentUrl":"https:\/\/secure.gravatar.com\/avatar\/992f6ea3d0f7e2edcbe1a2de25ad878fb8e5d09adc136f8fbaad6b574c799c34?s=96&d=mm&r=g","caption":"wanderundpilgerakademie"},"url":"https:\/\/www.ltv-sachsen.de\/wanderundpilgerakademie\/author\/wanderundpilgerakademie\/"}]}},"_links":{"self":[{"href":"https:\/\/www.ltv-sachsen.de\/wanderundpilgerakademie\/wp-json\/wp\/v2\/posts\/581","targetHints":{"allow":["GET"]}}],"collection":[{"href":"https:\/\/www.ltv-sachsen.de\/wanderundpilgerakademie\/wp-json\/wp\/v2\/posts"}],"about":[{"href":"https:\/\/www.ltv-sachsen.de\/wanderundpilgerakademie\/wp-json\/wp\/v2\/types\/post"}],"author":[{"embeddable":true,"href":"https:\/\/www.ltv-sachsen.de\/wanderundpilgerakademie\/wp-json\/wp\/v2\/users\/5"}],"replies":[{"embeddable":true,"href":"https:\/\/www.ltv-sachsen.de\/wanderundpilgerakademie\/wp-json\/wp\/v2\/comments?post=581"}],"version-history":[{"count":3,"href":"https:\/\/www.ltv-sachsen.de\/wanderundpilgerakademie\/wp-json\/wp\/v2\/posts\/581\/revisions"}],"predecessor-version":[{"id":589,"href":"https:\/\/www.ltv-sachsen.de\/wanderundpilgerakademie\/wp-json\/wp\/v2\/posts\/581\/revisions\/589"}],"wp:featuredmedia":[{"embeddable":true,"href":"https:\/\/www.ltv-sachsen.de\/wanderundpilgerakademie\/wp-json\/wp\/v2\/media\/584"}],"wp:attachment":[{"href":"https:\/\/www.ltv-sachsen.de\/wanderundpilgerakademie\/wp-json\/wp\/v2\/media?parent=581"}],"wp:term":[{"taxonomy":"category","embeddable":true,"href":"https:\/\/www.ltv-sachsen.de\/wanderundpilgerakademie\/wp-json\/wp\/v2\/categories?post=581"},{"taxonomy":"post_tag","embeddable":true,"href":"https:\/\/www.ltv-sachsen.de\/wanderundpilgerakademie\/wp-json\/wp\/v2\/tags?post=581"}],"curies":[{"name":"wp","href":"https:\/\/api.w.org\/{rel}","templated":true}]}}