{"id":570,"date":"2022-11-28T11:36:58","date_gmt":"2022-11-28T10:36:58","guid":{"rendered":"https:\/\/www.ltv-sachsen.de\/wanderundpilgerakademie\/?p=570"},"modified":"2022-11-28T11:36:58","modified_gmt":"2022-11-28T10:36:58","slug":"gehen-suchen-innehalten-tagung-zu-wandern-und-spiritualitaet-in-bensberg","status":"publish","type":"post","link":"https:\/\/www.ltv-sachsen.de\/wanderundpilgerakademie\/gehen-suchen-innehalten-tagung-zu-wandern-und-spiritualitaet-in-bensberg\/","title":{"rendered":"Gehen, suchen, innehalten\u2026 Tagung zu Wandern und Spiritualit\u00e4t in Bensberg"},"content":{"rendered":"<div class=\"wpb-content-wrapper\"><p>[vc_row][vc_column][vc_column_text]Nun hat die leuchtende Adventszeit begonnen und die Vorfreude auf die Weihnachtstage stellt sich allm\u00e4hlich ein. Aber in der letzten Woche gab es in der Wander- und Pilgerakademie noch einige Termine. &#8211; Hat das Wandern eigentlich eine spirituelle Seite? Welche Verbindungen und Abgrenzungen gibt es zwischen Wandern und Pilgern? Mit diesen Fragen setzte sich letzte Woche eine Tagung in der Thomas-Morus-Akademie in Bensberg auseinander und es kamen DJK-Sportverband, Deutscher Wanderverband (DWV), Katholische AG Freizeit und Tourismus u.a. zusammen. Diese Tagung traf die Fragen, die sich uns auch immer wieder stellen. Holger Richter \u2013 unser Projektkoordinator der Wander- und Pilgerakademie Sachsen \u2013 war vor Ort im Gespr\u00e4ch mit den Kolleginnen und Kollegen und auch mit Erik Neumeyer, dem stellvertretenden Gesch\u00e4ftsf\u00fchrer vom Deutschen Wanderverband. Wenn m\u00f6glich gibt es 2023 ein Treffen in Kohren-Sahlis. Es lassen sich nicht alle Fragen w\u00e4hrend einer Tagung beantworten \u2013 aber neue Ideen durch den bundesweiten Austausch werden wir aufgreifen.<\/p>\n<p>Mehr Informationen erhalten Sie <a href=\"https:\/\/tma-bensberg.de\/aktuelles-fachtagung-wandern\/\">hier<\/a>[\/vc_column_text][\/vc_column][\/vc_row][vc_row][vc_column]<div class=\"ltv-element image-gallery\" ><div class=\"swiper-container swiper-container-69f2a4e483c6a\" data-swiper-id=\"69f2a4e483c6a\"><div class=\"swiper-wrapper\"><div class=\"ppi_col-md-3 swiper-slide\"><div class=\"vertical-spacing\"><a data-lightbox=\"lightbox-69f2a4e483c6a\" class=\"image-gallery__image__link\" href=\"https:\/\/www.ltv-sachsen.de\/wp-content\/uploads\/sites\/2\/2022\/11\/Bensberg-3-scaled.jpg\" rel=\"lightbox\"><img decoding=\"async\" src=\"https:\/\/www.ltv-sachsen.de\/wp-content\/uploads\/sites\/2\/2022\/11\/Bensberg-3-scaled.jpg\" srcset=\"https:\/\/www.ltv-sachsen.de\/wp-content\/uploads\/sites\/2\/2022\/11\/Bensberg-3-300x219.jpg 300w, https:\/\/www.ltv-sachsen.de\/wp-content\/uploads\/sites\/2\/2022\/11\/Bensberg-3-1024x746.jpg 1024w, https:\/\/www.ltv-sachsen.de\/wp-content\/uploads\/sites\/2\/2022\/11\/Bensberg-3-768x559.jpg 768w, https:\/\/www.ltv-sachsen.de\/wp-content\/uploads\/sites\/2\/2022\/11\/Bensberg-3-1920x1399.jpg 1920w, https:\/\/www.ltv-sachsen.de\/wp-content\/uploads\/sites\/2\/2022\/11\/Bensberg-3-1200x874.jpg 1200w, https:\/\/www.ltv-sachsen.de\/wp-content\/uploads\/sites\/2\/2022\/11\/Bensberg-3-992x723.jpg 992w, https:\/\/www.ltv-sachsen.de\/wp-content\/uploads\/sites\/2\/2022\/11\/Bensberg-3-480x350.jpg 480w\" sizes=\"(max-width: 992px) 100vw, 992px\" ><div class=\"image-gallery__image__link__overlay\"><div class=\"image-gallery__image__link__overlay__icon icon icon--camera\"><\/div><\/div><\/a><div class=\"image-gallery__description\">sdr<\/div><\/div><\/div><div class=\"ppi_col-md-3 swiper-slide\"><div class=\"vertical-spacing\"><a data-lightbox=\"lightbox-69f2a4e483c6a\" class=\"image-gallery__image__link\" href=\"https:\/\/www.ltv-sachsen.de\/wp-content\/uploads\/sites\/2\/2022\/11\/Bensberg2-scaled.jpg\" rel=\"lightbox\"><img decoding=\"async\" src=\"https:\/\/www.ltv-sachsen.de\/wp-content\/uploads\/sites\/2\/2022\/11\/Bensberg2-scaled.jpg\" srcset=\"https:\/\/www.ltv-sachsen.de\/wp-content\/uploads\/sites\/2\/2022\/11\/Bensberg2-300x158.jpg 300w, https:\/\/www.ltv-sachsen.de\/wp-content\/uploads\/sites\/2\/2022\/11\/Bensberg2-1024x541.jpg 1024w, https:\/\/www.ltv-sachsen.de\/wp-content\/uploads\/sites\/2\/2022\/11\/Bensberg2-768x405.jpg 768w, https:\/\/www.ltv-sachsen.de\/wp-content\/uploads\/sites\/2\/2022\/11\/Bensberg2-1920x1014.jpg 1920w, https:\/\/www.ltv-sachsen.de\/wp-content\/uploads\/sites\/2\/2022\/11\/Bensberg2-1200x634.jpg 1200w, https:\/\/www.ltv-sachsen.de\/wp-content\/uploads\/sites\/2\/2022\/11\/Bensberg2-992x524.jpg 992w, https:\/\/www.ltv-sachsen.de\/wp-content\/uploads\/sites\/2\/2022\/11\/Bensberg2-480x253.jpg 480w\" sizes=\"(max-width: 992px) 100vw, 992px\" ><div class=\"image-gallery__image__link__overlay\"><div class=\"image-gallery__image__link__overlay__icon icon icon--camera\"><\/div><\/div><\/a><div class=\"image-gallery__description\">dav<\/div><\/div><\/div><\/div><\/div><button class=\"button--primary icon--right1 swiper-button-prev swiper-button-prev-69f2a4e483c6a\" style=\"transform: scaleX(-1);\"><\/button><button class=\"button--primary icon--right1 swiper-button-next swiper-button-next-69f2a4e483c6a\"><\/button><\/div><script>jQuery( document ).ready(function() {lightbox.option({\"albumLabel\": \"Bild %1 von %2\" });})<\/script>[\/vc_column][\/vc_row]<\/p>\n<\/div>","protected":false},"excerpt":{"rendered":"<p>[vc_row][vc_column][vc_column_text]Nun hat die leuchtende Adventszeit begonnen und die Vorfreude auf die Weihnachtstage stellt sich allm\u00e4hlich ein. Aber in der letzten Woche gab es in der Wander- und Pilgerakademie noch einige Termine. &#8211; Hat das Wandern eigentlich eine spirituelle Seite? Welche Verbindungen und Abgrenzungen gibt es zwischen Wandern und Pilgern? Mit diesen Fragen setzte sich letzte [&hellip;]<\/p>\n","protected":false},"author":5,"featured_media":573,"comment_status":"open","ping_status":"open","sticky":false,"template":"","format":"standard","meta":{"_acf_changed":false,"inline_featured_image":false,"footnotes":""},"categories":[1],"tags":[],"class_list":["post-570","post","type-post","status-publish","format-standard","has-post-thumbnail","hentry","category-unkategorisiert"],"acf":[],"yoast_head":"<!-- This site is optimized with the Yoast SEO plugin v26.4 - https:\/\/yoast.com\/wordpress\/plugins\/seo\/ -->\n<title>Gehen, suchen, innehalten\u2026 Tagung zu Wandern und Spiritualit\u00e4t in Bensberg - Wander- und Pilgerakademie<\/title>\n<meta name=\"robots\" content=\"index, follow, max-snippet:-1, max-image-preview:large, max-video-preview:-1\" \/>\n<link rel=\"canonical\" href=\"https:\/\/www.ltv-sachsen.de\/wanderundpilgerakademie\/gehen-suchen-innehalten-tagung-zu-wandern-und-spiritualitaet-in-bensberg\/\" \/>\n<meta property=\"og:locale\" content=\"de_DE\" \/>\n<meta property=\"og:type\" content=\"article\" \/>\n<meta property=\"og:title\" content=\"Gehen, suchen, innehalten\u2026 Tagung zu Wandern und Spiritualit\u00e4t in Bensberg - Wander- und Pilgerakademie\" \/>\n<meta property=\"og:description\" content=\"[vc_row][vc_column][vc_column_text]Nun hat die leuchtende Adventszeit begonnen und die Vorfreude auf die Weihnachtstage stellt sich allm\u00e4hlich ein. Aber in der letzten Woche gab es in der Wander- und Pilgerakademie noch einige Termine. &#8211; Hat das Wandern eigentlich eine spirituelle Seite? Welche Verbindungen und Abgrenzungen gibt es zwischen Wandern und Pilgern? Mit diesen Fragen setzte sich letzte [&hellip;]\" \/>\n<meta property=\"og:url\" content=\"https:\/\/www.ltv-sachsen.de\/wanderundpilgerakademie\/gehen-suchen-innehalten-tagung-zu-wandern-und-spiritualitaet-in-bensberg\/\" \/>\n<meta property=\"og:site_name\" content=\"Wander- und Pilgerakademie\" \/>\n<meta property=\"article:published_time\" content=\"2022-11-28T10:36:58+00:00\" \/>\n<meta property=\"og:image\" content=\"https:\/\/www.ltv-sachsen.de\/wp-content\/uploads\/sites\/2\/2022\/11\/Bensberg1-scaled.jpg\" \/>\n\t<meta property=\"og:image:width\" content=\"2560\" \/>\n\t<meta property=\"og:image:height\" content=\"1528\" \/>\n\t<meta property=\"og:image:type\" content=\"image\/jpeg\" \/>\n<meta name=\"author\" content=\"wanderundpilgerakademie\" \/>\n<meta name=\"twitter:card\" content=\"summary_large_image\" \/>\n<meta name=\"twitter:label1\" content=\"Verfasst von\" \/>\n\t<meta name=\"twitter:data1\" content=\"wanderundpilgerakademie\" \/>\n\t<meta name=\"twitter:label2\" content=\"Gesch\u00e4tzte Lesezeit\" \/>\n\t<meta name=\"twitter:data2\" content=\"1\u00a0Minute\" \/>\n<script type=\"application\/ld+json\" class=\"yoast-schema-graph\">{\"@context\":\"https:\/\/schema.org\",\"@graph\":[{\"@type\":\"WebPage\",\"@id\":\"https:\/\/www.ltv-sachsen.de\/wanderundpilgerakademie\/gehen-suchen-innehalten-tagung-zu-wandern-und-spiritualitaet-in-bensberg\/\",\"url\":\"https:\/\/www.ltv-sachsen.de\/wanderundpilgerakademie\/gehen-suchen-innehalten-tagung-zu-wandern-und-spiritualitaet-in-bensberg\/\",\"name\":\"Gehen, suchen, innehalten\u2026 Tagung zu Wandern und Spiritualit\u00e4t in Bensberg - Wander- und Pilgerakademie\",\"isPartOf\":{\"@id\":\"https:\/\/www.ltv-sachsen.de\/wanderundpilgerakademie\/#website\"},\"primaryImageOfPage\":{\"@id\":\"https:\/\/www.ltv-sachsen.de\/wanderundpilgerakademie\/gehen-suchen-innehalten-tagung-zu-wandern-und-spiritualitaet-in-bensberg\/#primaryimage\"},\"image\":{\"@id\":\"https:\/\/www.ltv-sachsen.de\/wanderundpilgerakademie\/gehen-suchen-innehalten-tagung-zu-wandern-und-spiritualitaet-in-bensberg\/#primaryimage\"},\"thumbnailUrl\":\"https:\/\/www.ltv-sachsen.de\/wp-content\/uploads\/sites\/2\/2022\/11\/Bensberg1-scaled.jpg\",\"datePublished\":\"2022-11-28T10:36:58+00:00\",\"author\":{\"@id\":\"https:\/\/www.ltv-sachsen.de\/wanderundpilgerakademie\/#\/schema\/person\/c9b358ac1d6549fcc45ce3f905d1358c\"},\"breadcrumb\":{\"@id\":\"https:\/\/www.ltv-sachsen.de\/wanderundpilgerakademie\/gehen-suchen-innehalten-tagung-zu-wandern-und-spiritualitaet-in-bensberg\/#breadcrumb\"},\"inLanguage\":\"de\",\"potentialAction\":[{\"@type\":\"ReadAction\",\"target\":[\"https:\/\/www.ltv-sachsen.de\/wanderundpilgerakademie\/gehen-suchen-innehalten-tagung-zu-wandern-und-spiritualitaet-in-bensberg\/\"]}]},{\"@type\":\"ImageObject\",\"inLanguage\":\"de\",\"@id\":\"https:\/\/www.ltv-sachsen.de\/wanderundpilgerakademie\/gehen-suchen-innehalten-tagung-zu-wandern-und-spiritualitaet-in-bensberg\/#primaryimage\",\"url\":\"https:\/\/www.ltv-sachsen.de\/wp-content\/uploads\/sites\/2\/2022\/11\/Bensberg1-scaled.jpg\",\"contentUrl\":\"https:\/\/www.ltv-sachsen.de\/wp-content\/uploads\/sites\/2\/2022\/11\/Bensberg1-scaled.jpg\",\"width\":2560,\"height\":1528,\"caption\":\"dav\"},{\"@type\":\"BreadcrumbList\",\"@id\":\"https:\/\/www.ltv-sachsen.de\/wanderundpilgerakademie\/gehen-suchen-innehalten-tagung-zu-wandern-und-spiritualitaet-in-bensberg\/#breadcrumb\",\"itemListElement\":[{\"@type\":\"ListItem\",\"position\":1,\"name\":\"Home\",\"item\":\"https:\/\/www.ltv-sachsen.de\/wanderundpilgerakademie\/\"},{\"@type\":\"ListItem\",\"position\":2,\"name\":\"Gehen, suchen, innehalten\u2026 Tagung zu Wandern und Spiritualit\u00e4t in Bensberg\"}]},{\"@type\":\"WebSite\",\"@id\":\"https:\/\/www.ltv-sachsen.de\/wanderundpilgerakademie\/#website\",\"url\":\"https:\/\/www.ltv-sachsen.de\/wanderundpilgerakademie\/\",\"name\":\"Wander- und Pilgerakademie\",\"description\":\"Allgemeine Infos zur Wander- und Pilgerakademie\",\"potentialAction\":[{\"@type\":\"SearchAction\",\"target\":{\"@type\":\"EntryPoint\",\"urlTemplate\":\"https:\/\/www.ltv-sachsen.de\/wanderundpilgerakademie\/?s={search_term_string}\"},\"query-input\":{\"@type\":\"PropertyValueSpecification\",\"valueRequired\":true,\"valueName\":\"search_term_string\"}}],\"inLanguage\":\"de\"},{\"@type\":\"Person\",\"@id\":\"https:\/\/www.ltv-sachsen.de\/wanderundpilgerakademie\/#\/schema\/person\/c9b358ac1d6549fcc45ce3f905d1358c\",\"name\":\"wanderundpilgerakademie\",\"image\":{\"@type\":\"ImageObject\",\"inLanguage\":\"de\",\"@id\":\"https:\/\/www.ltv-sachsen.de\/wanderundpilgerakademie\/#\/schema\/person\/image\/\",\"url\":\"https:\/\/secure.gravatar.com\/avatar\/992f6ea3d0f7e2edcbe1a2de25ad878fb8e5d09adc136f8fbaad6b574c799c34?s=96&d=mm&r=g\",\"contentUrl\":\"https:\/\/secure.gravatar.com\/avatar\/992f6ea3d0f7e2edcbe1a2de25ad878fb8e5d09adc136f8fbaad6b574c799c34?s=96&d=mm&r=g\",\"caption\":\"wanderundpilgerakademie\"},\"url\":\"https:\/\/www.ltv-sachsen.de\/wanderundpilgerakademie\/author\/wanderundpilgerakademie\/\"}]}<\/script>\n<!-- \/ Yoast SEO plugin. -->","yoast_head_json":{"title":"Gehen, suchen, innehalten\u2026 Tagung zu Wandern und Spiritualit\u00e4t in Bensberg - Wander- und Pilgerakademie","robots":{"index":"index","follow":"follow","max-snippet":"max-snippet:-1","max-image-preview":"max-image-preview:large","max-video-preview":"max-video-preview:-1"},"canonical":"https:\/\/www.ltv-sachsen.de\/wanderundpilgerakademie\/gehen-suchen-innehalten-tagung-zu-wandern-und-spiritualitaet-in-bensberg\/","og_locale":"de_DE","og_type":"article","og_title":"Gehen, suchen, innehalten\u2026 Tagung zu Wandern und Spiritualit\u00e4t in Bensberg - Wander- und Pilgerakademie","og_description":"[vc_row][vc_column][vc_column_text]Nun hat die leuchtende Adventszeit begonnen und die Vorfreude auf die Weihnachtstage stellt sich allm\u00e4hlich ein. Aber in der letzten Woche gab es in der Wander- und Pilgerakademie noch einige Termine. &#8211; Hat das Wandern eigentlich eine spirituelle Seite? Welche Verbindungen und Abgrenzungen gibt es zwischen Wandern und Pilgern? Mit diesen Fragen setzte sich letzte [&hellip;]","og_url":"https:\/\/www.ltv-sachsen.de\/wanderundpilgerakademie\/gehen-suchen-innehalten-tagung-zu-wandern-und-spiritualitaet-in-bensberg\/","og_site_name":"Wander- und Pilgerakademie","article_published_time":"2022-11-28T10:36:58+00:00","og_image":[{"width":2560,"height":1528,"url":"https:\/\/www.ltv-sachsen.de\/wp-content\/uploads\/sites\/2\/2022\/11\/Bensberg1-scaled.jpg","type":"image\/jpeg"}],"author":"wanderundpilgerakademie","twitter_card":"summary_large_image","twitter_misc":{"Verfasst von":"wanderundpilgerakademie","Gesch\u00e4tzte Lesezeit":"1\u00a0Minute"},"schema":{"@context":"https:\/\/schema.org","@graph":[{"@type":"WebPage","@id":"https:\/\/www.ltv-sachsen.de\/wanderundpilgerakademie\/gehen-suchen-innehalten-tagung-zu-wandern-und-spiritualitaet-in-bensberg\/","url":"https:\/\/www.ltv-sachsen.de\/wanderundpilgerakademie\/gehen-suchen-innehalten-tagung-zu-wandern-und-spiritualitaet-in-bensberg\/","name":"Gehen, suchen, innehalten\u2026 Tagung zu Wandern und Spiritualit\u00e4t in Bensberg - Wander- und Pilgerakademie","isPartOf":{"@id":"https:\/\/www.ltv-sachsen.de\/wanderundpilgerakademie\/#website"},"primaryImageOfPage":{"@id":"https:\/\/www.ltv-sachsen.de\/wanderundpilgerakademie\/gehen-suchen-innehalten-tagung-zu-wandern-und-spiritualitaet-in-bensberg\/#primaryimage"},"image":{"@id":"https:\/\/www.ltv-sachsen.de\/wanderundpilgerakademie\/gehen-suchen-innehalten-tagung-zu-wandern-und-spiritualitaet-in-bensberg\/#primaryimage"},"thumbnailUrl":"https:\/\/www.ltv-sachsen.de\/wp-content\/uploads\/sites\/2\/2022\/11\/Bensberg1-scaled.jpg","datePublished":"2022-11-28T10:36:58+00:00","author":{"@id":"https:\/\/www.ltv-sachsen.de\/wanderundpilgerakademie\/#\/schema\/person\/c9b358ac1d6549fcc45ce3f905d1358c"},"breadcrumb":{"@id":"https:\/\/www.ltv-sachsen.de\/wanderundpilgerakademie\/gehen-suchen-innehalten-tagung-zu-wandern-und-spiritualitaet-in-bensberg\/#breadcrumb"},"inLanguage":"de","potentialAction":[{"@type":"ReadAction","target":["https:\/\/www.ltv-sachsen.de\/wanderundpilgerakademie\/gehen-suchen-innehalten-tagung-zu-wandern-und-spiritualitaet-in-bensberg\/"]}]},{"@type":"ImageObject","inLanguage":"de","@id":"https:\/\/www.ltv-sachsen.de\/wanderundpilgerakademie\/gehen-suchen-innehalten-tagung-zu-wandern-und-spiritualitaet-in-bensberg\/#primaryimage","url":"https:\/\/www.ltv-sachsen.de\/wp-content\/uploads\/sites\/2\/2022\/11\/Bensberg1-scaled.jpg","contentUrl":"https:\/\/www.ltv-sachsen.de\/wp-content\/uploads\/sites\/2\/2022\/11\/Bensberg1-scaled.jpg","width":2560,"height":1528,"caption":"dav"},{"@type":"BreadcrumbList","@id":"https:\/\/www.ltv-sachsen.de\/wanderundpilgerakademie\/gehen-suchen-innehalten-tagung-zu-wandern-und-spiritualitaet-in-bensberg\/#breadcrumb","itemListElement":[{"@type":"ListItem","position":1,"name":"Home","item":"https:\/\/www.ltv-sachsen.de\/wanderundpilgerakademie\/"},{"@type":"ListItem","position":2,"name":"Gehen, suchen, innehalten\u2026 Tagung zu Wandern und Spiritualit\u00e4t in Bensberg"}]},{"@type":"WebSite","@id":"https:\/\/www.ltv-sachsen.de\/wanderundpilgerakademie\/#website","url":"https:\/\/www.ltv-sachsen.de\/wanderundpilgerakademie\/","name":"Wander- und Pilgerakademie","description":"Allgemeine Infos zur Wander- und Pilgerakademie","potentialAction":[{"@type":"SearchAction","target":{"@type":"EntryPoint","urlTemplate":"https:\/\/www.ltv-sachsen.de\/wanderundpilgerakademie\/?s={search_term_string}"},"query-input":{"@type":"PropertyValueSpecification","valueRequired":true,"valueName":"search_term_string"}}],"inLanguage":"de"},{"@type":"Person","@id":"https:\/\/www.ltv-sachsen.de\/wanderundpilgerakademie\/#\/schema\/person\/c9b358ac1d6549fcc45ce3f905d1358c","name":"wanderundpilgerakademie","image":{"@type":"ImageObject","inLanguage":"de","@id":"https:\/\/www.ltv-sachsen.de\/wanderundpilgerakademie\/#\/schema\/person\/image\/","url":"https:\/\/secure.gravatar.com\/avatar\/992f6ea3d0f7e2edcbe1a2de25ad878fb8e5d09adc136f8fbaad6b574c799c34?s=96&d=mm&r=g","contentUrl":"https:\/\/secure.gravatar.com\/avatar\/992f6ea3d0f7e2edcbe1a2de25ad878fb8e5d09adc136f8fbaad6b574c799c34?s=96&d=mm&r=g","caption":"wanderundpilgerakademie"},"url":"https:\/\/www.ltv-sachsen.de\/wanderundpilgerakademie\/author\/wanderundpilgerakademie\/"}]}},"_links":{"self":[{"href":"https:\/\/www.ltv-sachsen.de\/wanderundpilgerakademie\/wp-json\/wp\/v2\/posts\/570","targetHints":{"allow":["GET"]}}],"collection":[{"href":"https:\/\/www.ltv-sachsen.de\/wanderundpilgerakademie\/wp-json\/wp\/v2\/posts"}],"about":[{"href":"https:\/\/www.ltv-sachsen.de\/wanderundpilgerakademie\/wp-json\/wp\/v2\/types\/post"}],"author":[{"embeddable":true,"href":"https:\/\/www.ltv-sachsen.de\/wanderundpilgerakademie\/wp-json\/wp\/v2\/users\/5"}],"replies":[{"embeddable":true,"href":"https:\/\/www.ltv-sachsen.de\/wanderundpilgerakademie\/wp-json\/wp\/v2\/comments?post=570"}],"version-history":[{"count":3,"href":"https:\/\/www.ltv-sachsen.de\/wanderundpilgerakademie\/wp-json\/wp\/v2\/posts\/570\/revisions"}],"predecessor-version":[{"id":579,"href":"https:\/\/www.ltv-sachsen.de\/wanderundpilgerakademie\/wp-json\/wp\/v2\/posts\/570\/revisions\/579"}],"wp:featuredmedia":[{"embeddable":true,"href":"https:\/\/www.ltv-sachsen.de\/wanderundpilgerakademie\/wp-json\/wp\/v2\/media\/573"}],"wp:attachment":[{"href":"https:\/\/www.ltv-sachsen.de\/wanderundpilgerakademie\/wp-json\/wp\/v2\/media?parent=570"}],"wp:term":[{"taxonomy":"category","embeddable":true,"href":"https:\/\/www.ltv-sachsen.de\/wanderundpilgerakademie\/wp-json\/wp\/v2\/categories?post=570"},{"taxonomy":"post_tag","embeddable":true,"href":"https:\/\/www.ltv-sachsen.de\/wanderundpilgerakademie\/wp-json\/wp\/v2\/tags?post=570"}],"curies":[{"name":"wp","href":"https:\/\/api.w.org\/{rel}","templated":true}]}}