{"id":538,"date":"2022-11-11T11:02:46","date_gmt":"2022-11-11T10:02:46","guid":{"rendered":"https:\/\/www.ltv-sachsen.de\/wanderundpilgerakademie\/?p=538"},"modified":"2022-11-11T11:02:46","modified_gmt":"2022-11-11T10:02:46","slug":"rueckblick-fachgespraech-wanderwege-bleiben-wegewarte-auch","status":"publish","type":"post","link":"https:\/\/www.ltv-sachsen.de\/wanderundpilgerakademie\/rueckblick-fachgespraech-wanderwege-bleiben-wegewarte-auch\/","title":{"rendered":"R\u00fcckblick &#8211; Fachgespr\u00e4ch: Wanderwege bleiben, Wegewarte auch?"},"content":{"rendered":"<div class=\"wpb-content-wrapper\"><p>[vc_row][vc_column][vc_column_text]Am 1.11.2022 fand in der Heimvolkshochschule Kohren-Sahlis ein <strong>Fachgespr\u00e4ch zur Zukunft der ehrenamtlichen T\u00e4tigkeit der Wegewarte<\/strong> statt. Mit einer kurzen Einf\u00fchrung zum Grundlagenwissen und zu Motiven ehrenamtlicher T\u00e4tigkeit von Joachim Wilzki (Ehrenamtsakademie der Ev.-Luth. Landeskirche Sachsens). Mit drei best-practice-Beispielen von Kollegen und Kolleginnen, die mit Wegewarten zusammenarbeiten: Claudia Steglich (Regionalmanagements des LEADER-Gebietes Oberlausitzer Heide- und Teichlandschaft), Jens Habermann (Touristisches Wegemanagement beim Tourismusverband LEIPZIG REGION e.V) und Rita Bretschneider (Naturschutzzentrum Zittau). \u00a0Es folgte ein reger Austausch. Deutlich wurde, dass sich Menschen ansprechen lassen, als Wegewarte t\u00e4tig zu werden. Wichtig sind Unterst\u00fctzung und W\u00fcrdigung des Engagements. Es war ein guter Tag. Die Ergebnisse des Fachgespr\u00e4chs mit etwa 30 Teilnehmenden aus Tourismusverb\u00e4nden, Landrats\u00e4mtern und Vereinen, etc. sind beigef\u00fcgt.<\/p>\n<p><a href=\"https:\/\/www.ltv-sachsen.de\/wp-content\/uploads\/sites\/2\/2022\/11\/PPP01112022_Zusammenfassung_Kracht.pdf\">Ergebnisse des Fachgespr\u00e4chs<\/a>[\/vc_column_text][\/vc_column][\/vc_row][vc_row][vc_column]<div class=\"ltv-element image-gallery\" ><div class=\"swiper-container swiper-container-69f2a47aac1cb\" data-swiper-id=\"69f2a47aac1cb\"><div class=\"swiper-wrapper\"><div class=\"ppi_col-md-3 swiper-slide\"><div class=\"vertical-spacing\"><a data-lightbox=\"lightbox-69f2a47aac1cb\" class=\"image-gallery__image__link\" href=\"https:\/\/www.ltv-sachsen.de\/wp-content\/uploads\/sites\/2\/2022\/11\/IMG_20221101_104440-scaled.jpg\" rel=\"lightbox\"><img decoding=\"async\" src=\"https:\/\/www.ltv-sachsen.de\/wp-content\/uploads\/sites\/2\/2022\/11\/IMG_20221101_104440-scaled.jpg\" srcset=\"https:\/\/www.ltv-sachsen.de\/wp-content\/uploads\/sites\/2\/2022\/11\/IMG_20221101_104440-300x225.jpg 300w, https:\/\/www.ltv-sachsen.de\/wp-content\/uploads\/sites\/2\/2022\/11\/IMG_20221101_104440-1024x768.jpg 1024w, https:\/\/www.ltv-sachsen.de\/wp-content\/uploads\/sites\/2\/2022\/11\/IMG_20221101_104440-768x576.jpg 768w, https:\/\/www.ltv-sachsen.de\/wp-content\/uploads\/sites\/2\/2022\/11\/IMG_20221101_104440-1920x1440.jpg 1920w, https:\/\/www.ltv-sachsen.de\/wp-content\/uploads\/sites\/2\/2022\/11\/IMG_20221101_104440-1200x900.jpg 1200w, https:\/\/www.ltv-sachsen.de\/wp-content\/uploads\/sites\/2\/2022\/11\/IMG_20221101_104440-992x744.jpg 992w, https:\/\/www.ltv-sachsen.de\/wp-content\/uploads\/sites\/2\/2022\/11\/IMG_20221101_104440-480x360.jpg 480w\" sizes=\"(max-width: 992px) 100vw, 992px\" ><div class=\"image-gallery__image__link__overlay\"><div class=\"image-gallery__image__link__overlay__icon icon icon--camera\"><\/div><\/div><\/a><div class=\"image-gallery__description\">sdr<\/div><\/div><\/div><div class=\"ppi_col-md-3 swiper-slide\"><div class=\"vertical-spacing\"><a data-lightbox=\"lightbox-69f2a47aac1cb\" class=\"image-gallery__image__link\" href=\"https:\/\/www.ltv-sachsen.de\/wp-content\/uploads\/sites\/2\/2022\/11\/IMG_20221101_102700-scaled.jpg\" rel=\"lightbox\"><img decoding=\"async\" src=\"https:\/\/www.ltv-sachsen.de\/wp-content\/uploads\/sites\/2\/2022\/11\/IMG_20221101_102700-scaled.jpg\" srcset=\"https:\/\/www.ltv-sachsen.de\/wp-content\/uploads\/sites\/2\/2022\/11\/IMG_20221101_102700-300x225.jpg 300w, https:\/\/www.ltv-sachsen.de\/wp-content\/uploads\/sites\/2\/2022\/11\/IMG_20221101_102700-1024x768.jpg 1024w, https:\/\/www.ltv-sachsen.de\/wp-content\/uploads\/sites\/2\/2022\/11\/IMG_20221101_102700-768x576.jpg 768w, https:\/\/www.ltv-sachsen.de\/wp-content\/uploads\/sites\/2\/2022\/11\/IMG_20221101_102700-1920x1440.jpg 1920w, https:\/\/www.ltv-sachsen.de\/wp-content\/uploads\/sites\/2\/2022\/11\/IMG_20221101_102700-1200x900.jpg 1200w, https:\/\/www.ltv-sachsen.de\/wp-content\/uploads\/sites\/2\/2022\/11\/IMG_20221101_102700-992x744.jpg 992w, https:\/\/www.ltv-sachsen.de\/wp-content\/uploads\/sites\/2\/2022\/11\/IMG_20221101_102700-480x360.jpg 480w\" sizes=\"(max-width: 992px) 100vw, 992px\" ><div class=\"image-gallery__image__link__overlay\"><div class=\"image-gallery__image__link__overlay__icon icon icon--camera\"><\/div><\/div><\/a><div class=\"image-gallery__description\">dav<\/div><\/div><\/div><div class=\"ppi_col-md-3 swiper-slide\"><div class=\"vertical-spacing\"><a data-lightbox=\"lightbox-69f2a47aac1cb\" class=\"image-gallery__image__link\" href=\"https:\/\/www.ltv-sachsen.de\/wp-content\/uploads\/sites\/2\/2022\/11\/IMG_20221101_154336-scaled.jpg\" rel=\"lightbox\"><img decoding=\"async\" src=\"https:\/\/www.ltv-sachsen.de\/wp-content\/uploads\/sites\/2\/2022\/11\/IMG_20221101_154336-scaled.jpg\" srcset=\"https:\/\/www.ltv-sachsen.de\/wp-content\/uploads\/sites\/2\/2022\/11\/IMG_20221101_154336-300x225.jpg 300w, https:\/\/www.ltv-sachsen.de\/wp-content\/uploads\/sites\/2\/2022\/11\/IMG_20221101_154336-1024x768.jpg 1024w, https:\/\/www.ltv-sachsen.de\/wp-content\/uploads\/sites\/2\/2022\/11\/IMG_20221101_154336-768x576.jpg 768w, https:\/\/www.ltv-sachsen.de\/wp-content\/uploads\/sites\/2\/2022\/11\/IMG_20221101_154336-1920x1440.jpg 1920w, https:\/\/www.ltv-sachsen.de\/wp-content\/uploads\/sites\/2\/2022\/11\/IMG_20221101_154336-1200x900.jpg 1200w, https:\/\/www.ltv-sachsen.de\/wp-content\/uploads\/sites\/2\/2022\/11\/IMG_20221101_154336-992x744.jpg 992w, https:\/\/www.ltv-sachsen.de\/wp-content\/uploads\/sites\/2\/2022\/11\/IMG_20221101_154336-480x360.jpg 480w\" sizes=\"(max-width: 992px) 100vw, 992px\" ><div class=\"image-gallery__image__link__overlay\"><div class=\"image-gallery__image__link__overlay__icon icon icon--camera\"><\/div><\/div><\/a><div class=\"image-gallery__description\">sdr<\/div><\/div><\/div><div class=\"ppi_col-md-3 swiper-slide\"><div class=\"vertical-spacing\"><a data-lightbox=\"lightbox-69f2a47aac1cb\" class=\"image-gallery__image__link\" href=\"https:\/\/www.ltv-sachsen.de\/wp-content\/uploads\/sites\/2\/2022\/11\/IMG_20221101_154247-scaled.jpg\" rel=\"lightbox\"><img decoding=\"async\" src=\"https:\/\/www.ltv-sachsen.de\/wp-content\/uploads\/sites\/2\/2022\/11\/IMG_20221101_154247-scaled.jpg\" srcset=\"https:\/\/www.ltv-sachsen.de\/wp-content\/uploads\/sites\/2\/2022\/11\/IMG_20221101_154247-300x225.jpg 300w, https:\/\/www.ltv-sachsen.de\/wp-content\/uploads\/sites\/2\/2022\/11\/IMG_20221101_154247-1024x768.jpg 1024w, https:\/\/www.ltv-sachsen.de\/wp-content\/uploads\/sites\/2\/2022\/11\/IMG_20221101_154247-768x576.jpg 768w, https:\/\/www.ltv-sachsen.de\/wp-content\/uploads\/sites\/2\/2022\/11\/IMG_20221101_154247-1920x1440.jpg 1920w, https:\/\/www.ltv-sachsen.de\/wp-content\/uploads\/sites\/2\/2022\/11\/IMG_20221101_154247-1200x900.jpg 1200w, https:\/\/www.ltv-sachsen.de\/wp-content\/uploads\/sites\/2\/2022\/11\/IMG_20221101_154247-992x744.jpg 992w, https:\/\/www.ltv-sachsen.de\/wp-content\/uploads\/sites\/2\/2022\/11\/IMG_20221101_154247-480x360.jpg 480w\" sizes=\"(max-width: 992px) 100vw, 992px\" ><div class=\"image-gallery__image__link__overlay\"><div class=\"image-gallery__image__link__overlay__icon icon icon--camera\"><\/div><\/div><\/a><div class=\"image-gallery__description\">sdr<\/div><\/div><\/div><\/div><\/div><button class=\"button--primary icon--right1 swiper-button-prev swiper-button-prev-69f2a47aac1cb\" style=\"transform: scaleX(-1);\"><\/button><button class=\"button--primary icon--right1 swiper-button-next swiper-button-next-69f2a47aac1cb\"><\/button><\/div><script>jQuery( document ).ready(function() {lightbox.option({\"albumLabel\": \"Bild %1 von %2\" });})<\/script>[\/vc_column][\/vc_row]<\/p>\n<\/div>","protected":false},"excerpt":{"rendered":"<p>[vc_row][vc_column][vc_column_text]Am 1.11.2022 fand in der Heimvolkshochschule Kohren-Sahlis ein Fachgespr\u00e4ch zur Zukunft der ehrenamtlichen T\u00e4tigkeit der Wegewarte statt. Mit einer kurzen Einf\u00fchrung zum Grundlagenwissen und zu Motiven ehrenamtlicher T\u00e4tigkeit von Joachim Wilzki (Ehrenamtsakademie der Ev.-Luth. Landeskirche Sachsens). Mit drei best-practice-Beispielen von Kollegen und Kolleginnen, die mit Wegewarten zusammenarbeiten: Claudia Steglich (Regionalmanagements des LEADER-Gebietes Oberlausitzer Heide- und [&hellip;]<\/p>\n","protected":false},"author":5,"featured_media":541,"comment_status":"open","ping_status":"open","sticky":false,"template":"","format":"standard","meta":{"_acf_changed":false,"inline_featured_image":false,"footnotes":""},"categories":[1],"tags":[],"class_list":["post-538","post","type-post","status-publish","format-standard","has-post-thumbnail","hentry","category-unkategorisiert"],"acf":[],"yoast_head":"<!-- This site is optimized with the Yoast SEO plugin v26.4 - https:\/\/yoast.com\/wordpress\/plugins\/seo\/ -->\n<title>R\u00fcckblick - Fachgespr\u00e4ch: Wanderwege bleiben, Wegewarte auch? - Wander- und Pilgerakademie<\/title>\n<meta name=\"robots\" content=\"index, follow, max-snippet:-1, max-image-preview:large, max-video-preview:-1\" \/>\n<link rel=\"canonical\" href=\"https:\/\/www.ltv-sachsen.de\/wanderundpilgerakademie\/rueckblick-fachgespraech-wanderwege-bleiben-wegewarte-auch\/\" \/>\n<meta property=\"og:locale\" content=\"de_DE\" \/>\n<meta property=\"og:type\" content=\"article\" \/>\n<meta property=\"og:title\" content=\"R\u00fcckblick - Fachgespr\u00e4ch: Wanderwege bleiben, Wegewarte auch? - Wander- und Pilgerakademie\" \/>\n<meta property=\"og:description\" content=\"[vc_row][vc_column][vc_column_text]Am 1.11.2022 fand in der Heimvolkshochschule Kohren-Sahlis ein Fachgespr\u00e4ch zur Zukunft der ehrenamtlichen T\u00e4tigkeit der Wegewarte statt. Mit einer kurzen Einf\u00fchrung zum Grundlagenwissen und zu Motiven ehrenamtlicher T\u00e4tigkeit von Joachim Wilzki (Ehrenamtsakademie der Ev.-Luth. Landeskirche Sachsens). Mit drei best-practice-Beispielen von Kollegen und Kolleginnen, die mit Wegewarten zusammenarbeiten: Claudia Steglich (Regionalmanagements des LEADER-Gebietes Oberlausitzer Heide- und [&hellip;]\" \/>\n<meta property=\"og:url\" content=\"https:\/\/www.ltv-sachsen.de\/wanderundpilgerakademie\/rueckblick-fachgespraech-wanderwege-bleiben-wegewarte-auch\/\" \/>\n<meta property=\"og:site_name\" content=\"Wander- und Pilgerakademie\" \/>\n<meta property=\"article:published_time\" content=\"2022-11-11T10:02:46+00:00\" \/>\n<meta property=\"og:image\" content=\"https:\/\/www.ltv-sachsen.de\/wp-content\/uploads\/sites\/2\/2022\/11\/IMG_20221101_104440-scaled.jpg\" \/>\n\t<meta property=\"og:image:width\" content=\"2560\" \/>\n\t<meta property=\"og:image:height\" content=\"1920\" \/>\n\t<meta property=\"og:image:type\" content=\"image\/jpeg\" \/>\n<meta name=\"author\" content=\"wanderundpilgerakademie\" \/>\n<meta name=\"twitter:card\" content=\"summary_large_image\" \/>\n<meta name=\"twitter:label1\" content=\"Verfasst von\" \/>\n\t<meta name=\"twitter:data1\" content=\"wanderundpilgerakademie\" \/>\n\t<meta name=\"twitter:label2\" content=\"Gesch\u00e4tzte Lesezeit\" \/>\n\t<meta name=\"twitter:data2\" content=\"1\u00a0Minute\" \/>\n<script type=\"application\/ld+json\" class=\"yoast-schema-graph\">{\"@context\":\"https:\/\/schema.org\",\"@graph\":[{\"@type\":\"WebPage\",\"@id\":\"https:\/\/www.ltv-sachsen.de\/wanderundpilgerakademie\/rueckblick-fachgespraech-wanderwege-bleiben-wegewarte-auch\/\",\"url\":\"https:\/\/www.ltv-sachsen.de\/wanderundpilgerakademie\/rueckblick-fachgespraech-wanderwege-bleiben-wegewarte-auch\/\",\"name\":\"R\u00fcckblick - Fachgespr\u00e4ch: Wanderwege bleiben, Wegewarte auch? - Wander- und Pilgerakademie\",\"isPartOf\":{\"@id\":\"https:\/\/www.ltv-sachsen.de\/wanderundpilgerakademie\/#website\"},\"primaryImageOfPage\":{\"@id\":\"https:\/\/www.ltv-sachsen.de\/wanderundpilgerakademie\/rueckblick-fachgespraech-wanderwege-bleiben-wegewarte-auch\/#primaryimage\"},\"image\":{\"@id\":\"https:\/\/www.ltv-sachsen.de\/wanderundpilgerakademie\/rueckblick-fachgespraech-wanderwege-bleiben-wegewarte-auch\/#primaryimage\"},\"thumbnailUrl\":\"https:\/\/www.ltv-sachsen.de\/wp-content\/uploads\/sites\/2\/2022\/11\/IMG_20221101_104440-scaled.jpg\",\"datePublished\":\"2022-11-11T10:02:46+00:00\",\"author\":{\"@id\":\"https:\/\/www.ltv-sachsen.de\/wanderundpilgerakademie\/#\/schema\/person\/c9b358ac1d6549fcc45ce3f905d1358c\"},\"breadcrumb\":{\"@id\":\"https:\/\/www.ltv-sachsen.de\/wanderundpilgerakademie\/rueckblick-fachgespraech-wanderwege-bleiben-wegewarte-auch\/#breadcrumb\"},\"inLanguage\":\"de\",\"potentialAction\":[{\"@type\":\"ReadAction\",\"target\":[\"https:\/\/www.ltv-sachsen.de\/wanderundpilgerakademie\/rueckblick-fachgespraech-wanderwege-bleiben-wegewarte-auch\/\"]}]},{\"@type\":\"ImageObject\",\"inLanguage\":\"de\",\"@id\":\"https:\/\/www.ltv-sachsen.de\/wanderundpilgerakademie\/rueckblick-fachgespraech-wanderwege-bleiben-wegewarte-auch\/#primaryimage\",\"url\":\"https:\/\/www.ltv-sachsen.de\/wp-content\/uploads\/sites\/2\/2022\/11\/IMG_20221101_104440-scaled.jpg\",\"contentUrl\":\"https:\/\/www.ltv-sachsen.de\/wp-content\/uploads\/sites\/2\/2022\/11\/IMG_20221101_104440-scaled.jpg\",\"width\":2560,\"height\":1920,\"caption\":\"sdr\"},{\"@type\":\"BreadcrumbList\",\"@id\":\"https:\/\/www.ltv-sachsen.de\/wanderundpilgerakademie\/rueckblick-fachgespraech-wanderwege-bleiben-wegewarte-auch\/#breadcrumb\",\"itemListElement\":[{\"@type\":\"ListItem\",\"position\":1,\"name\":\"Home\",\"item\":\"https:\/\/www.ltv-sachsen.de\/wanderundpilgerakademie\/\"},{\"@type\":\"ListItem\",\"position\":2,\"name\":\"R\u00fcckblick &#8211; Fachgespr\u00e4ch: Wanderwege bleiben, Wegewarte auch?\"}]},{\"@type\":\"WebSite\",\"@id\":\"https:\/\/www.ltv-sachsen.de\/wanderundpilgerakademie\/#website\",\"url\":\"https:\/\/www.ltv-sachsen.de\/wanderundpilgerakademie\/\",\"name\":\"Wander- und Pilgerakademie\",\"description\":\"Allgemeine Infos zur Wander- und Pilgerakademie\",\"potentialAction\":[{\"@type\":\"SearchAction\",\"target\":{\"@type\":\"EntryPoint\",\"urlTemplate\":\"https:\/\/www.ltv-sachsen.de\/wanderundpilgerakademie\/?s={search_term_string}\"},\"query-input\":{\"@type\":\"PropertyValueSpecification\",\"valueRequired\":true,\"valueName\":\"search_term_string\"}}],\"inLanguage\":\"de\"},{\"@type\":\"Person\",\"@id\":\"https:\/\/www.ltv-sachsen.de\/wanderundpilgerakademie\/#\/schema\/person\/c9b358ac1d6549fcc45ce3f905d1358c\",\"name\":\"wanderundpilgerakademie\",\"image\":{\"@type\":\"ImageObject\",\"inLanguage\":\"de\",\"@id\":\"https:\/\/www.ltv-sachsen.de\/wanderundpilgerakademie\/#\/schema\/person\/image\/\",\"url\":\"https:\/\/secure.gravatar.com\/avatar\/992f6ea3d0f7e2edcbe1a2de25ad878fb8e5d09adc136f8fbaad6b574c799c34?s=96&d=mm&r=g\",\"contentUrl\":\"https:\/\/secure.gravatar.com\/avatar\/992f6ea3d0f7e2edcbe1a2de25ad878fb8e5d09adc136f8fbaad6b574c799c34?s=96&d=mm&r=g\",\"caption\":\"wanderundpilgerakademie\"},\"url\":\"https:\/\/www.ltv-sachsen.de\/wanderundpilgerakademie\/author\/wanderundpilgerakademie\/\"}]}<\/script>\n<!-- \/ Yoast SEO plugin. -->","yoast_head_json":{"title":"R\u00fcckblick - Fachgespr\u00e4ch: Wanderwege bleiben, Wegewarte auch? - Wander- und Pilgerakademie","robots":{"index":"index","follow":"follow","max-snippet":"max-snippet:-1","max-image-preview":"max-image-preview:large","max-video-preview":"max-video-preview:-1"},"canonical":"https:\/\/www.ltv-sachsen.de\/wanderundpilgerakademie\/rueckblick-fachgespraech-wanderwege-bleiben-wegewarte-auch\/","og_locale":"de_DE","og_type":"article","og_title":"R\u00fcckblick - Fachgespr\u00e4ch: Wanderwege bleiben, Wegewarte auch? - Wander- und Pilgerakademie","og_description":"[vc_row][vc_column][vc_column_text]Am 1.11.2022 fand in der Heimvolkshochschule Kohren-Sahlis ein Fachgespr\u00e4ch zur Zukunft der ehrenamtlichen T\u00e4tigkeit der Wegewarte statt. Mit einer kurzen Einf\u00fchrung zum Grundlagenwissen und zu Motiven ehrenamtlicher T\u00e4tigkeit von Joachim Wilzki (Ehrenamtsakademie der Ev.-Luth. Landeskirche Sachsens). Mit drei best-practice-Beispielen von Kollegen und Kolleginnen, die mit Wegewarten zusammenarbeiten: Claudia Steglich (Regionalmanagements des LEADER-Gebietes Oberlausitzer Heide- und [&hellip;]","og_url":"https:\/\/www.ltv-sachsen.de\/wanderundpilgerakademie\/rueckblick-fachgespraech-wanderwege-bleiben-wegewarte-auch\/","og_site_name":"Wander- und Pilgerakademie","article_published_time":"2022-11-11T10:02:46+00:00","og_image":[{"width":2560,"height":1920,"url":"https:\/\/www.ltv-sachsen.de\/wp-content\/uploads\/sites\/2\/2022\/11\/IMG_20221101_104440-scaled.jpg","type":"image\/jpeg"}],"author":"wanderundpilgerakademie","twitter_card":"summary_large_image","twitter_misc":{"Verfasst von":"wanderundpilgerakademie","Gesch\u00e4tzte Lesezeit":"1\u00a0Minute"},"schema":{"@context":"https:\/\/schema.org","@graph":[{"@type":"WebPage","@id":"https:\/\/www.ltv-sachsen.de\/wanderundpilgerakademie\/rueckblick-fachgespraech-wanderwege-bleiben-wegewarte-auch\/","url":"https:\/\/www.ltv-sachsen.de\/wanderundpilgerakademie\/rueckblick-fachgespraech-wanderwege-bleiben-wegewarte-auch\/","name":"R\u00fcckblick - Fachgespr\u00e4ch: Wanderwege bleiben, Wegewarte auch? - Wander- und Pilgerakademie","isPartOf":{"@id":"https:\/\/www.ltv-sachsen.de\/wanderundpilgerakademie\/#website"},"primaryImageOfPage":{"@id":"https:\/\/www.ltv-sachsen.de\/wanderundpilgerakademie\/rueckblick-fachgespraech-wanderwege-bleiben-wegewarte-auch\/#primaryimage"},"image":{"@id":"https:\/\/www.ltv-sachsen.de\/wanderundpilgerakademie\/rueckblick-fachgespraech-wanderwege-bleiben-wegewarte-auch\/#primaryimage"},"thumbnailUrl":"https:\/\/www.ltv-sachsen.de\/wp-content\/uploads\/sites\/2\/2022\/11\/IMG_20221101_104440-scaled.jpg","datePublished":"2022-11-11T10:02:46+00:00","author":{"@id":"https:\/\/www.ltv-sachsen.de\/wanderundpilgerakademie\/#\/schema\/person\/c9b358ac1d6549fcc45ce3f905d1358c"},"breadcrumb":{"@id":"https:\/\/www.ltv-sachsen.de\/wanderundpilgerakademie\/rueckblick-fachgespraech-wanderwege-bleiben-wegewarte-auch\/#breadcrumb"},"inLanguage":"de","potentialAction":[{"@type":"ReadAction","target":["https:\/\/www.ltv-sachsen.de\/wanderundpilgerakademie\/rueckblick-fachgespraech-wanderwege-bleiben-wegewarte-auch\/"]}]},{"@type":"ImageObject","inLanguage":"de","@id":"https:\/\/www.ltv-sachsen.de\/wanderundpilgerakademie\/rueckblick-fachgespraech-wanderwege-bleiben-wegewarte-auch\/#primaryimage","url":"https:\/\/www.ltv-sachsen.de\/wp-content\/uploads\/sites\/2\/2022\/11\/IMG_20221101_104440-scaled.jpg","contentUrl":"https:\/\/www.ltv-sachsen.de\/wp-content\/uploads\/sites\/2\/2022\/11\/IMG_20221101_104440-scaled.jpg","width":2560,"height":1920,"caption":"sdr"},{"@type":"BreadcrumbList","@id":"https:\/\/www.ltv-sachsen.de\/wanderundpilgerakademie\/rueckblick-fachgespraech-wanderwege-bleiben-wegewarte-auch\/#breadcrumb","itemListElement":[{"@type":"ListItem","position":1,"name":"Home","item":"https:\/\/www.ltv-sachsen.de\/wanderundpilgerakademie\/"},{"@type":"ListItem","position":2,"name":"R\u00fcckblick &#8211; Fachgespr\u00e4ch: Wanderwege bleiben, Wegewarte auch?"}]},{"@type":"WebSite","@id":"https:\/\/www.ltv-sachsen.de\/wanderundpilgerakademie\/#website","url":"https:\/\/www.ltv-sachsen.de\/wanderundpilgerakademie\/","name":"Wander- und Pilgerakademie","description":"Allgemeine Infos zur Wander- und Pilgerakademie","potentialAction":[{"@type":"SearchAction","target":{"@type":"EntryPoint","urlTemplate":"https:\/\/www.ltv-sachsen.de\/wanderundpilgerakademie\/?s={search_term_string}"},"query-input":{"@type":"PropertyValueSpecification","valueRequired":true,"valueName":"search_term_string"}}],"inLanguage":"de"},{"@type":"Person","@id":"https:\/\/www.ltv-sachsen.de\/wanderundpilgerakademie\/#\/schema\/person\/c9b358ac1d6549fcc45ce3f905d1358c","name":"wanderundpilgerakademie","image":{"@type":"ImageObject","inLanguage":"de","@id":"https:\/\/www.ltv-sachsen.de\/wanderundpilgerakademie\/#\/schema\/person\/image\/","url":"https:\/\/secure.gravatar.com\/avatar\/992f6ea3d0f7e2edcbe1a2de25ad878fb8e5d09adc136f8fbaad6b574c799c34?s=96&d=mm&r=g","contentUrl":"https:\/\/secure.gravatar.com\/avatar\/992f6ea3d0f7e2edcbe1a2de25ad878fb8e5d09adc136f8fbaad6b574c799c34?s=96&d=mm&r=g","caption":"wanderundpilgerakademie"},"url":"https:\/\/www.ltv-sachsen.de\/wanderundpilgerakademie\/author\/wanderundpilgerakademie\/"}]}},"_links":{"self":[{"href":"https:\/\/www.ltv-sachsen.de\/wanderundpilgerakademie\/wp-json\/wp\/v2\/posts\/538","targetHints":{"allow":["GET"]}}],"collection":[{"href":"https:\/\/www.ltv-sachsen.de\/wanderundpilgerakademie\/wp-json\/wp\/v2\/posts"}],"about":[{"href":"https:\/\/www.ltv-sachsen.de\/wanderundpilgerakademie\/wp-json\/wp\/v2\/types\/post"}],"author":[{"embeddable":true,"href":"https:\/\/www.ltv-sachsen.de\/wanderundpilgerakademie\/wp-json\/wp\/v2\/users\/5"}],"replies":[{"embeddable":true,"href":"https:\/\/www.ltv-sachsen.de\/wanderundpilgerakademie\/wp-json\/wp\/v2\/comments?post=538"}],"version-history":[{"count":2,"href":"https:\/\/www.ltv-sachsen.de\/wanderundpilgerakademie\/wp-json\/wp\/v2\/posts\/538\/revisions"}],"predecessor-version":[{"id":550,"href":"https:\/\/www.ltv-sachsen.de\/wanderundpilgerakademie\/wp-json\/wp\/v2\/posts\/538\/revisions\/550"}],"wp:featuredmedia":[{"embeddable":true,"href":"https:\/\/www.ltv-sachsen.de\/wanderundpilgerakademie\/wp-json\/wp\/v2\/media\/541"}],"wp:attachment":[{"href":"https:\/\/www.ltv-sachsen.de\/wanderundpilgerakademie\/wp-json\/wp\/v2\/media?parent=538"}],"wp:term":[{"taxonomy":"category","embeddable":true,"href":"https:\/\/www.ltv-sachsen.de\/wanderundpilgerakademie\/wp-json\/wp\/v2\/categories?post=538"},{"taxonomy":"post_tag","embeddable":true,"href":"https:\/\/www.ltv-sachsen.de\/wanderundpilgerakademie\/wp-json\/wp\/v2\/tags?post=538"}],"curies":[{"name":"wp","href":"https:\/\/api.w.org\/{rel}","templated":true}]}}