{"id":528,"date":"2022-11-10T13:48:49","date_gmt":"2022-11-10T12:48:49","guid":{"rendered":"https:\/\/www.ltv-sachsen.de\/wanderundpilgerakademie\/?p=528"},"modified":"2022-11-10T14:13:56","modified_gmt":"2022-11-10T13:13:56","slug":"einladung-zum-regionalen-erfahrungsaustausch-in-der-saechsischen-schweiz","status":"publish","type":"post","link":"https:\/\/www.ltv-sachsen.de\/wanderundpilgerakademie\/einladung-zum-regionalen-erfahrungsaustausch-in-der-saechsischen-schweiz\/","title":{"rendered":"Einladung zum regionalen Erfahrungsaustausch in der S\u00e4chsischen Schweiz"},"content":{"rendered":"<div class=\"wpb-content-wrapper\"><p>[vc_row][vc_column][vc_column_text]<strong>Die Wander- und Pilgerakademie Sachsen m\u00f6chte den Erfahrungsaustausch unterschiedlicher Akteure vor Ort erm\u00f6glichen. <\/strong><\/p>\n<p>Wir m\u00f6chten, dass sich Menschen aus den Kirchgemeinden, die sich f\u00fcr das Thema \u201eOffene Kirchen\u201c einsetzen, mit Menschen aus dem regionalen Umfeld, die sich mit dem Themenfeld \u201eWandern, Pilgern, Kirche und Tourismus\u201c besch\u00e4ftigen, begegnen k\u00f6nnen.<\/p>\n<p>Dazu wird es im Jahr 2022 an sieben unterschiedlichen Orten in Sachsen Freitagnachmittags die Gelegenheit zum Austausch geben. Bereits am Vormittag startet jeweils ein hochkar\u00e4tiger Fachvortrag in Verbindung mit der Besichtigung einer bedeutenden Kirchen oder eines anderen geschichtlich relevanten Ortes. Es folgt ein Angebot f\u00fcr das Mittagessen. Nach dem Mittagessen gibt es Informationen aus der touristischen Destination und wir laden zum Erfahrungsaustausch und zum Gespr\u00e4ch ein.<\/p>\n<p>Wir freuen uns, wenn Sie interessiert sind und sich anmelden!<br \/>\nSie k\u00f6nnen sich auch nur zu Besichtigung und Fachvortrag am Vormittag anmelden.<\/p>\n<p>Thematisch wird es in Pirna um die Einbindung der Stadt in die Geschichte Sachsens gehen. Unser Gast, der Dombaumeister i.R. G\u00fcnter Donath, wird das u.a. an Hand der gotische Klosterkirche des ehemaligen Dominikanerklosters am Rand der Altstadt und der Marienkirche (eine der gr\u00f6\u00dften sp\u00e4tgotischen Hallenkirchen) im Zentrum der Altstadt entfalten.<\/p>\n<p>Dazu laden wir Sie am Freitag, dem <strong>18.11.2022<\/strong>, nach Pirna ein<strong>. Ab 9.30 Uhr<\/strong> k\u00f6nnen Sie im Pretiosensaal des Canalettohauses, Am Markt 7, 01796 Pirna, ankommen. 10.00 Uhr ist der offizielle Beginn der Veranstaltung. Es entstehen Ihnen keine Kosten.<\/p>\n<p>Eingeladen sind Akteure der \u201eOffenen Kirchen\u201c, der Pilgerinitiativen, der Wanderverb\u00e4nde, sowie Menschen, die sich als Wegewarte oder im Bereich Kirche und Tourismus in der Region S\u00e4chsische Schweiz engagieren. Diese Veranstaltung wird mitfinanziert durch Steuermittel auf der Grundlage des vom S\u00e4chsischen Landtag beschlossenen Haushalts.<\/p>\n<p><a href=\"https:\/\/www.eeb-sachsen.de\/regionaler-erfahrungsaustausch-in-der-s%C3%A4chsischen-schweiz.html?fart=1\">Anmeldung<\/a>[\/vc_column_text][\/vc_column][\/vc_row]<\/p>\n<\/div>","protected":false},"excerpt":{"rendered":"<p>[vc_row][vc_column][vc_column_text]Die Wander- und Pilgerakademie Sachsen m\u00f6chte den Erfahrungsaustausch unterschiedlicher Akteure vor Ort erm\u00f6glichen. Wir m\u00f6chten, dass sich Menschen aus den Kirchgemeinden, die sich f\u00fcr das Thema \u201eOffene Kirchen\u201c einsetzen, mit Menschen aus dem regionalen Umfeld, die sich mit dem Themenfeld \u201eWandern, Pilgern, Kirche und Tourismus\u201c besch\u00e4ftigen, begegnen k\u00f6nnen. Dazu wird es im Jahr 2022 an [&hellip;]<\/p>\n","protected":false},"author":5,"featured_media":301,"comment_status":"open","ping_status":"open","sticky":false,"template":"","format":"standard","meta":{"_acf_changed":false,"inline_featured_image":false,"footnotes":""},"categories":[1],"tags":[],"class_list":["post-528","post","type-post","status-publish","format-standard","has-post-thumbnail","hentry","category-unkategorisiert"],"acf":[],"yoast_head":"<!-- This site is optimized with the Yoast SEO plugin v26.4 - https:\/\/yoast.com\/wordpress\/plugins\/seo\/ -->\n<title>Einladung zum regionalen Erfahrungsaustausch in der S\u00e4chsischen Schweiz - Wander- und Pilgerakademie<\/title>\n<meta name=\"robots\" content=\"index, follow, max-snippet:-1, max-image-preview:large, max-video-preview:-1\" \/>\n<link rel=\"canonical\" href=\"https:\/\/www.ltv-sachsen.de\/wanderundpilgerakademie\/einladung-zum-regionalen-erfahrungsaustausch-in-der-saechsischen-schweiz\/\" \/>\n<meta property=\"og:locale\" content=\"de_DE\" \/>\n<meta property=\"og:type\" content=\"article\" \/>\n<meta property=\"og:title\" content=\"Einladung zum regionalen Erfahrungsaustausch in der S\u00e4chsischen Schweiz - Wander- und Pilgerakademie\" \/>\n<meta property=\"og:description\" content=\"[vc_row][vc_column][vc_column_text]Die Wander- und Pilgerakademie Sachsen m\u00f6chte den Erfahrungsaustausch unterschiedlicher Akteure vor Ort erm\u00f6glichen. Wir m\u00f6chten, dass sich Menschen aus den Kirchgemeinden, die sich f\u00fcr das Thema \u201eOffene Kirchen\u201c einsetzen, mit Menschen aus dem regionalen Umfeld, die sich mit dem Themenfeld \u201eWandern, Pilgern, Kirche und Tourismus\u201c besch\u00e4ftigen, begegnen k\u00f6nnen. Dazu wird es im Jahr 2022 an [&hellip;]\" \/>\n<meta property=\"og:url\" content=\"https:\/\/www.ltv-sachsen.de\/wanderundpilgerakademie\/einladung-zum-regionalen-erfahrungsaustausch-in-der-saechsischen-schweiz\/\" \/>\n<meta property=\"og:site_name\" content=\"Wander- und Pilgerakademie\" \/>\n<meta property=\"article:published_time\" content=\"2022-11-10T12:48:49+00:00\" \/>\n<meta property=\"article:modified_time\" content=\"2022-11-10T13:13:56+00:00\" \/>\n<meta property=\"og:image\" content=\"https:\/\/www.ltv-sachsen.de\/wp-content\/uploads\/sites\/2\/2022\/07\/pirna_66450_600.jpg\" \/>\n\t<meta property=\"og:image:width\" content=\"600\" \/>\n\t<meta property=\"og:image:height\" content=\"400\" \/>\n\t<meta property=\"og:image:type\" content=\"image\/jpeg\" \/>\n<meta name=\"author\" content=\"wanderundpilgerakademie\" \/>\n<meta name=\"twitter:card\" content=\"summary_large_image\" \/>\n<meta name=\"twitter:label1\" content=\"Verfasst von\" \/>\n\t<meta name=\"twitter:data1\" content=\"wanderundpilgerakademie\" \/>\n\t<meta name=\"twitter:label2\" content=\"Gesch\u00e4tzte Lesezeit\" \/>\n\t<meta name=\"twitter:data2\" content=\"2\u00a0Minuten\" \/>\n<script type=\"application\/ld+json\" class=\"yoast-schema-graph\">{\"@context\":\"https:\/\/schema.org\",\"@graph\":[{\"@type\":\"WebPage\",\"@id\":\"https:\/\/www.ltv-sachsen.de\/wanderundpilgerakademie\/einladung-zum-regionalen-erfahrungsaustausch-in-der-saechsischen-schweiz\/\",\"url\":\"https:\/\/www.ltv-sachsen.de\/wanderundpilgerakademie\/einladung-zum-regionalen-erfahrungsaustausch-in-der-saechsischen-schweiz\/\",\"name\":\"Einladung zum regionalen Erfahrungsaustausch in der S\u00e4chsischen Schweiz - Wander- und Pilgerakademie\",\"isPartOf\":{\"@id\":\"https:\/\/www.ltv-sachsen.de\/wanderundpilgerakademie\/#website\"},\"primaryImageOfPage\":{\"@id\":\"https:\/\/www.ltv-sachsen.de\/wanderundpilgerakademie\/einladung-zum-regionalen-erfahrungsaustausch-in-der-saechsischen-schweiz\/#primaryimage\"},\"image\":{\"@id\":\"https:\/\/www.ltv-sachsen.de\/wanderundpilgerakademie\/einladung-zum-regionalen-erfahrungsaustausch-in-der-saechsischen-schweiz\/#primaryimage\"},\"thumbnailUrl\":\"https:\/\/www.ltv-sachsen.de\/wp-content\/uploads\/sites\/2\/2022\/07\/pirna_66450_600.jpg\",\"datePublished\":\"2022-11-10T12:48:49+00:00\",\"dateModified\":\"2022-11-10T13:13:56+00:00\",\"author\":{\"@id\":\"https:\/\/www.ltv-sachsen.de\/wanderundpilgerakademie\/#\/schema\/person\/c9b358ac1d6549fcc45ce3f905d1358c\"},\"breadcrumb\":{\"@id\":\"https:\/\/www.ltv-sachsen.de\/wanderundpilgerakademie\/einladung-zum-regionalen-erfahrungsaustausch-in-der-saechsischen-schweiz\/#breadcrumb\"},\"inLanguage\":\"de\",\"potentialAction\":[{\"@type\":\"ReadAction\",\"target\":[\"https:\/\/www.ltv-sachsen.de\/wanderundpilgerakademie\/einladung-zum-regionalen-erfahrungsaustausch-in-der-saechsischen-schweiz\/\"]}]},{\"@type\":\"ImageObject\",\"inLanguage\":\"de\",\"@id\":\"https:\/\/www.ltv-sachsen.de\/wanderundpilgerakademie\/einladung-zum-regionalen-erfahrungsaustausch-in-der-saechsischen-schweiz\/#primaryimage\",\"url\":\"https:\/\/www.ltv-sachsen.de\/wp-content\/uploads\/sites\/2\/2022\/07\/pirna_66450_600.jpg\",\"contentUrl\":\"https:\/\/www.ltv-sachsen.de\/wp-content\/uploads\/sites\/2\/2022\/07\/pirna_66450_600.jpg\",\"width\":600,\"height\":400},{\"@type\":\"BreadcrumbList\",\"@id\":\"https:\/\/www.ltv-sachsen.de\/wanderundpilgerakademie\/einladung-zum-regionalen-erfahrungsaustausch-in-der-saechsischen-schweiz\/#breadcrumb\",\"itemListElement\":[{\"@type\":\"ListItem\",\"position\":1,\"name\":\"Home\",\"item\":\"https:\/\/www.ltv-sachsen.de\/wanderundpilgerakademie\/\"},{\"@type\":\"ListItem\",\"position\":2,\"name\":\"Einladung zum regionalen Erfahrungsaustausch in der S\u00e4chsischen Schweiz\"}]},{\"@type\":\"WebSite\",\"@id\":\"https:\/\/www.ltv-sachsen.de\/wanderundpilgerakademie\/#website\",\"url\":\"https:\/\/www.ltv-sachsen.de\/wanderundpilgerakademie\/\",\"name\":\"Wander- und Pilgerakademie\",\"description\":\"Allgemeine Infos zur Wander- und Pilgerakademie\",\"potentialAction\":[{\"@type\":\"SearchAction\",\"target\":{\"@type\":\"EntryPoint\",\"urlTemplate\":\"https:\/\/www.ltv-sachsen.de\/wanderundpilgerakademie\/?s={search_term_string}\"},\"query-input\":{\"@type\":\"PropertyValueSpecification\",\"valueRequired\":true,\"valueName\":\"search_term_string\"}}],\"inLanguage\":\"de\"},{\"@type\":\"Person\",\"@id\":\"https:\/\/www.ltv-sachsen.de\/wanderundpilgerakademie\/#\/schema\/person\/c9b358ac1d6549fcc45ce3f905d1358c\",\"name\":\"wanderundpilgerakademie\",\"image\":{\"@type\":\"ImageObject\",\"inLanguage\":\"de\",\"@id\":\"https:\/\/www.ltv-sachsen.de\/wanderundpilgerakademie\/#\/schema\/person\/image\/\",\"url\":\"https:\/\/secure.gravatar.com\/avatar\/992f6ea3d0f7e2edcbe1a2de25ad878fb8e5d09adc136f8fbaad6b574c799c34?s=96&d=mm&r=g\",\"contentUrl\":\"https:\/\/secure.gravatar.com\/avatar\/992f6ea3d0f7e2edcbe1a2de25ad878fb8e5d09adc136f8fbaad6b574c799c34?s=96&d=mm&r=g\",\"caption\":\"wanderundpilgerakademie\"},\"url\":\"https:\/\/www.ltv-sachsen.de\/wanderundpilgerakademie\/author\/wanderundpilgerakademie\/\"}]}<\/script>\n<!-- \/ Yoast SEO plugin. -->","yoast_head_json":{"title":"Einladung zum regionalen Erfahrungsaustausch in der S\u00e4chsischen Schweiz - Wander- und Pilgerakademie","robots":{"index":"index","follow":"follow","max-snippet":"max-snippet:-1","max-image-preview":"max-image-preview:large","max-video-preview":"max-video-preview:-1"},"canonical":"https:\/\/www.ltv-sachsen.de\/wanderundpilgerakademie\/einladung-zum-regionalen-erfahrungsaustausch-in-der-saechsischen-schweiz\/","og_locale":"de_DE","og_type":"article","og_title":"Einladung zum regionalen Erfahrungsaustausch in der S\u00e4chsischen Schweiz - Wander- und Pilgerakademie","og_description":"[vc_row][vc_column][vc_column_text]Die Wander- und Pilgerakademie Sachsen m\u00f6chte den Erfahrungsaustausch unterschiedlicher Akteure vor Ort erm\u00f6glichen. Wir m\u00f6chten, dass sich Menschen aus den Kirchgemeinden, die sich f\u00fcr das Thema \u201eOffene Kirchen\u201c einsetzen, mit Menschen aus dem regionalen Umfeld, die sich mit dem Themenfeld \u201eWandern, Pilgern, Kirche und Tourismus\u201c besch\u00e4ftigen, begegnen k\u00f6nnen. Dazu wird es im Jahr 2022 an [&hellip;]","og_url":"https:\/\/www.ltv-sachsen.de\/wanderundpilgerakademie\/einladung-zum-regionalen-erfahrungsaustausch-in-der-saechsischen-schweiz\/","og_site_name":"Wander- und Pilgerakademie","article_published_time":"2022-11-10T12:48:49+00:00","article_modified_time":"2022-11-10T13:13:56+00:00","og_image":[{"width":600,"height":400,"url":"https:\/\/www.ltv-sachsen.de\/wp-content\/uploads\/sites\/2\/2022\/07\/pirna_66450_600.jpg","type":"image\/jpeg"}],"author":"wanderundpilgerakademie","twitter_card":"summary_large_image","twitter_misc":{"Verfasst von":"wanderundpilgerakademie","Gesch\u00e4tzte Lesezeit":"2\u00a0Minuten"},"schema":{"@context":"https:\/\/schema.org","@graph":[{"@type":"WebPage","@id":"https:\/\/www.ltv-sachsen.de\/wanderundpilgerakademie\/einladung-zum-regionalen-erfahrungsaustausch-in-der-saechsischen-schweiz\/","url":"https:\/\/www.ltv-sachsen.de\/wanderundpilgerakademie\/einladung-zum-regionalen-erfahrungsaustausch-in-der-saechsischen-schweiz\/","name":"Einladung zum regionalen Erfahrungsaustausch in der S\u00e4chsischen Schweiz - Wander- und Pilgerakademie","isPartOf":{"@id":"https:\/\/www.ltv-sachsen.de\/wanderundpilgerakademie\/#website"},"primaryImageOfPage":{"@id":"https:\/\/www.ltv-sachsen.de\/wanderundpilgerakademie\/einladung-zum-regionalen-erfahrungsaustausch-in-der-saechsischen-schweiz\/#primaryimage"},"image":{"@id":"https:\/\/www.ltv-sachsen.de\/wanderundpilgerakademie\/einladung-zum-regionalen-erfahrungsaustausch-in-der-saechsischen-schweiz\/#primaryimage"},"thumbnailUrl":"https:\/\/www.ltv-sachsen.de\/wp-content\/uploads\/sites\/2\/2022\/07\/pirna_66450_600.jpg","datePublished":"2022-11-10T12:48:49+00:00","dateModified":"2022-11-10T13:13:56+00:00","author":{"@id":"https:\/\/www.ltv-sachsen.de\/wanderundpilgerakademie\/#\/schema\/person\/c9b358ac1d6549fcc45ce3f905d1358c"},"breadcrumb":{"@id":"https:\/\/www.ltv-sachsen.de\/wanderundpilgerakademie\/einladung-zum-regionalen-erfahrungsaustausch-in-der-saechsischen-schweiz\/#breadcrumb"},"inLanguage":"de","potentialAction":[{"@type":"ReadAction","target":["https:\/\/www.ltv-sachsen.de\/wanderundpilgerakademie\/einladung-zum-regionalen-erfahrungsaustausch-in-der-saechsischen-schweiz\/"]}]},{"@type":"ImageObject","inLanguage":"de","@id":"https:\/\/www.ltv-sachsen.de\/wanderundpilgerakademie\/einladung-zum-regionalen-erfahrungsaustausch-in-der-saechsischen-schweiz\/#primaryimage","url":"https:\/\/www.ltv-sachsen.de\/wp-content\/uploads\/sites\/2\/2022\/07\/pirna_66450_600.jpg","contentUrl":"https:\/\/www.ltv-sachsen.de\/wp-content\/uploads\/sites\/2\/2022\/07\/pirna_66450_600.jpg","width":600,"height":400},{"@type":"BreadcrumbList","@id":"https:\/\/www.ltv-sachsen.de\/wanderundpilgerakademie\/einladung-zum-regionalen-erfahrungsaustausch-in-der-saechsischen-schweiz\/#breadcrumb","itemListElement":[{"@type":"ListItem","position":1,"name":"Home","item":"https:\/\/www.ltv-sachsen.de\/wanderundpilgerakademie\/"},{"@type":"ListItem","position":2,"name":"Einladung zum regionalen Erfahrungsaustausch in der S\u00e4chsischen Schweiz"}]},{"@type":"WebSite","@id":"https:\/\/www.ltv-sachsen.de\/wanderundpilgerakademie\/#website","url":"https:\/\/www.ltv-sachsen.de\/wanderundpilgerakademie\/","name":"Wander- und Pilgerakademie","description":"Allgemeine Infos zur Wander- und Pilgerakademie","potentialAction":[{"@type":"SearchAction","target":{"@type":"EntryPoint","urlTemplate":"https:\/\/www.ltv-sachsen.de\/wanderundpilgerakademie\/?s={search_term_string}"},"query-input":{"@type":"PropertyValueSpecification","valueRequired":true,"valueName":"search_term_string"}}],"inLanguage":"de"},{"@type":"Person","@id":"https:\/\/www.ltv-sachsen.de\/wanderundpilgerakademie\/#\/schema\/person\/c9b358ac1d6549fcc45ce3f905d1358c","name":"wanderundpilgerakademie","image":{"@type":"ImageObject","inLanguage":"de","@id":"https:\/\/www.ltv-sachsen.de\/wanderundpilgerakademie\/#\/schema\/person\/image\/","url":"https:\/\/secure.gravatar.com\/avatar\/992f6ea3d0f7e2edcbe1a2de25ad878fb8e5d09adc136f8fbaad6b574c799c34?s=96&d=mm&r=g","contentUrl":"https:\/\/secure.gravatar.com\/avatar\/992f6ea3d0f7e2edcbe1a2de25ad878fb8e5d09adc136f8fbaad6b574c799c34?s=96&d=mm&r=g","caption":"wanderundpilgerakademie"},"url":"https:\/\/www.ltv-sachsen.de\/wanderundpilgerakademie\/author\/wanderundpilgerakademie\/"}]}},"_links":{"self":[{"href":"https:\/\/www.ltv-sachsen.de\/wanderundpilgerakademie\/wp-json\/wp\/v2\/posts\/528","targetHints":{"allow":["GET"]}}],"collection":[{"href":"https:\/\/www.ltv-sachsen.de\/wanderundpilgerakademie\/wp-json\/wp\/v2\/posts"}],"about":[{"href":"https:\/\/www.ltv-sachsen.de\/wanderundpilgerakademie\/wp-json\/wp\/v2\/types\/post"}],"author":[{"embeddable":true,"href":"https:\/\/www.ltv-sachsen.de\/wanderundpilgerakademie\/wp-json\/wp\/v2\/users\/5"}],"replies":[{"embeddable":true,"href":"https:\/\/www.ltv-sachsen.de\/wanderundpilgerakademie\/wp-json\/wp\/v2\/comments?post=528"}],"version-history":[{"count":8,"href":"https:\/\/www.ltv-sachsen.de\/wanderundpilgerakademie\/wp-json\/wp\/v2\/posts\/528\/revisions"}],"predecessor-version":[{"id":536,"href":"https:\/\/www.ltv-sachsen.de\/wanderundpilgerakademie\/wp-json\/wp\/v2\/posts\/528\/revisions\/536"}],"wp:featuredmedia":[{"embeddable":true,"href":"https:\/\/www.ltv-sachsen.de\/wanderundpilgerakademie\/wp-json\/wp\/v2\/media\/301"}],"wp:attachment":[{"href":"https:\/\/www.ltv-sachsen.de\/wanderundpilgerakademie\/wp-json\/wp\/v2\/media?parent=528"}],"wp:term":[{"taxonomy":"category","embeddable":true,"href":"https:\/\/www.ltv-sachsen.de\/wanderundpilgerakademie\/wp-json\/wp\/v2\/categories?post=528"},{"taxonomy":"post_tag","embeddable":true,"href":"https:\/\/www.ltv-sachsen.de\/wanderundpilgerakademie\/wp-json\/wp\/v2\/tags?post=528"}],"curies":[{"name":"wp","href":"https:\/\/api.w.org\/{rel}","templated":true}]}}