{"id":522,"date":"2022-11-10T12:43:11","date_gmt":"2022-11-10T11:43:11","guid":{"rendered":"https:\/\/www.ltv-sachsen.de\/wanderundpilgerakademie\/?p=522"},"modified":"2022-11-10T12:55:49","modified_gmt":"2022-11-10T11:55:49","slug":"spaetmittelalterliche-schaetze-in-zwickau-und-in-der-region","status":"publish","type":"post","link":"https:\/\/www.ltv-sachsen.de\/wanderundpilgerakademie\/spaetmittelalterliche-schaetze-in-zwickau-und-in-der-region\/","title":{"rendered":"Sp\u00e4tmittelalterliche Sch\u00e4tze in Zwickau und in der Region"},"content":{"rendered":"<div class=\"wpb-content-wrapper\"><p>[vc_row][vc_column][vc_column_text]<img loading=\"lazy\" decoding=\"async\" class=\"size-medium wp-image-519 alignleft\" src=\"https:\/\/www.ltv-sachsen.de\/wp-content\/uploads\/sites\/2\/2022\/11\/Zwickau6_04112022Ausschnitt-300x218.jpg\" alt=\"\" width=\"300\" height=\"218\" srcset=\"https:\/\/www.ltv-sachsen.de\/wp-content\/uploads\/sites\/2\/2022\/11\/Zwickau6_04112022Ausschnitt-300x218.jpg 300w, https:\/\/www.ltv-sachsen.de\/wp-content\/uploads\/sites\/2\/2022\/11\/Zwickau6_04112022Ausschnitt-480x349.jpg 480w, https:\/\/www.ltv-sachsen.de\/wp-content\/uploads\/sites\/2\/2022\/11\/Zwickau6_04112022Ausschnitt.jpg 717w\" sizes=\"auto, (max-width: 300px) 100vw, 300px\" \/>Am 04.11.2022 waren wir als Wander- und Pilgerakademie in der neu entstehenden touristischen Region \u201eChemnitz. Zwickau. Region.\u201c im Rahmen eines Regionalen Erfahrungsaustausches zu Gast. Wieder versammelten sich zahlreiche Akteure aus den Bereichen \u201eWandern, Pilgern, Kirche und Tourismus\u201c an einem wunderbaren Ort. Diesmal trafen wir uns in den Kunstsammlungen Zwickau. Begr\u00fc\u00dft wurden wir in der Kuppelhalle der Kunstsammlungen von Mitgliedern des F\u00f6rdervereines der St. Katharinenkirche Zwickau e.V. mit selbst gebackenem Kuchen und frisch gekochtem Kaffee. So konnte schon vor dem offiziellen Beginn der Veranstaltung erste Gespr\u00e4che im wunderbaren Ambiente der Kuppelhalle dieses denkmalgesch\u00fctzten Hauses gef\u00fchrt werden. In unserem Tagungsraum, einem dekorativen Ausstellungsraum, war schon alles f\u00fcr den ersten H\u00f6hepunkt des Tages vorbereitet.<\/p>\n<p>P\u00fcnktlich um 10 Uhr wurde unser Zusammensein er\u00f6ffnet. Professor Dr. Thomas P\u00f6pper von der Wests\u00e4chsischen Hochschule Zwickau f\u00fchrte uns mit seinem Vortrag in die Welt des Peter Breuer (1472-1541) und brachte uns die sp\u00e4tmittelalterliche Schnitzkunst des K\u00fcnstlers sehr einpr\u00e4gsam n\u00e4her. Wir bekamen ungeahnte Einblicke in die aktuelle Forschung und in das Leben des Bildschnitzers. Erstaunt waren wir dar\u00fcber, was Werk- und Archivstudien alles enth\u00fcllen k\u00f6nnen. Besonders interessant war es den K\u00fcnstler selbst, \u201ehinter seinen Schnitzfiguren\u201c zu entdecken\u2026<\/p>\n<p>In seinem Gru\u00dfwort dr\u00fcckte der Superintendent des Kirchenbezirkes Zwickau sehr deutlich seinen Wunsch aus, dass m\u00f6glichst viele Kirchen in seiner Region verl\u00e4sslich ge\u00f6ffnet sind. Auch in den Kirchen der Region gibt es viele Sch\u00e4tze zu entdecken und Kirchen sind immer Orte der Begegnung mit Gott und zwischen den Menschen.<\/p>\n<p>Nach der Mittagspause im Wirtshaus \u201eAlte Remise\u201c f\u00fchrte uns die Leiterin der Kunstsammlungen, Frau Dr. Petra Lewey, durch die Ausstellung \u201eIm Himmel zu Hause\u201c. Besonders deutlich wurde in der F\u00fchrung auch die interessante Geschichte der heutigen Kunstsammlungen. Ebenso konnten wir verstehen, dass die ausgestellten Schnitzwerke nicht nur zu den Glanzst\u00fccken des Museums, sondern auch zu den bedeutendsten ihrer Art in ganz Sachsen geh\u00f6ren.<\/p>\n<p>Der weitere Nachmittag war durch vielseitige Informationen und durch intensive Gespr\u00e4che gepr\u00e4gt. Frau Sandra Loos erl\u00e4uterte uns die Vorhaben der zuk\u00fcnftigen Destination \u201eChemnitz. Zwickau. Region.\u201c. Pfarrer Andreas Marosi beschrieb uns in einer anschaulichen Pr\u00e4sentation den Weg der St. Katharinen Kirche zu einer zuk\u00fcnftigen Kulturkirche f\u00fcr Stadt und die Region. Es folgte der Austausch aller Anwesenden zu den Inhalten ihres Engagements und zu aktuellen Fragen ihrer T\u00e4tigkeit. Nun geht es darum, diese \u201eSch\u00e4tze\u201c genauer betrachten und f\u00fcr die konkrete Arbeit vor Ort nutzbar zu machen. Aus der Sicht aller Anwesenden ist das entstehende Netzwerk zwischen den Akteuren von unsch\u00e4tzbarem Wert.[\/vc_column_text][\/vc_column][\/vc_row][vc_row][vc_column]<div class=\"ltv-element image-gallery\" ><div class=\"swiper-container swiper-container-69f2a448a1fc3\" data-swiper-id=\"69f2a448a1fc3\"><div class=\"swiper-wrapper\"><div class=\"ppi_col-md-3 swiper-slide\"><div class=\"vertical-spacing\"><a data-lightbox=\"lightbox-69f2a448a1fc3\" class=\"image-gallery__image__link\" href=\"https:\/\/www.ltv-sachsen.de\/wp-content\/uploads\/sites\/2\/2022\/11\/Zwickau4_04112022-scaled.jpg\" rel=\"lightbox\"><img decoding=\"async\" src=\"https:\/\/www.ltv-sachsen.de\/wp-content\/uploads\/sites\/2\/2022\/11\/Zwickau4_04112022-scaled.jpg\" srcset=\"https:\/\/www.ltv-sachsen.de\/wp-content\/uploads\/sites\/2\/2022\/11\/Zwickau4_04112022-300x220.jpg 300w, https:\/\/www.ltv-sachsen.de\/wp-content\/uploads\/sites\/2\/2022\/11\/Zwickau4_04112022-1024x750.jpg 1024w, https:\/\/www.ltv-sachsen.de\/wp-content\/uploads\/sites\/2\/2022\/11\/Zwickau4_04112022-768x562.jpg 768w, https:\/\/www.ltv-sachsen.de\/wp-content\/uploads\/sites\/2\/2022\/11\/Zwickau4_04112022-1920x1406.jpg 1920w, https:\/\/www.ltv-sachsen.de\/wp-content\/uploads\/sites\/2\/2022\/11\/Zwickau4_04112022-1200x879.jpg 1200w, https:\/\/www.ltv-sachsen.de\/wp-content\/uploads\/sites\/2\/2022\/11\/Zwickau4_04112022-992x726.jpg 992w, https:\/\/www.ltv-sachsen.de\/wp-content\/uploads\/sites\/2\/2022\/11\/Zwickau4_04112022-480x351.jpg 480w\" sizes=\"(max-width: 992px) 100vw, 992px\" ><div class=\"image-gallery__image__link__overlay\"><div class=\"image-gallery__image__link__overlay__icon icon icon--camera\"><\/div><\/div><\/a><div class=\"image-gallery__description\">dav<\/div><\/div><\/div><div class=\"ppi_col-md-3 swiper-slide\"><div class=\"vertical-spacing\"><a data-lightbox=\"lightbox-69f2a448a1fc3\" class=\"image-gallery__image__link\" href=\"https:\/\/www.ltv-sachsen.de\/wp-content\/uploads\/sites\/2\/2022\/11\/Zwickau3_04112022-scaled.jpg\" rel=\"lightbox\"><img decoding=\"async\" src=\"https:\/\/www.ltv-sachsen.de\/wp-content\/uploads\/sites\/2\/2022\/11\/Zwickau3_04112022-scaled.jpg\" srcset=\"https:\/\/www.ltv-sachsen.de\/wp-content\/uploads\/sites\/2\/2022\/11\/Zwickau3_04112022-300x203.jpg 300w, https:\/\/www.ltv-sachsen.de\/wp-content\/uploads\/sites\/2\/2022\/11\/Zwickau3_04112022-1024x694.jpg 1024w, https:\/\/www.ltv-sachsen.de\/wp-content\/uploads\/sites\/2\/2022\/11\/Zwickau3_04112022-768x521.jpg 768w, https:\/\/www.ltv-sachsen.de\/wp-content\/uploads\/sites\/2\/2022\/11\/Zwickau3_04112022-1920x1302.jpg 1920w, https:\/\/www.ltv-sachsen.de\/wp-content\/uploads\/sites\/2\/2022\/11\/Zwickau3_04112022-1200x814.jpg 1200w, https:\/\/www.ltv-sachsen.de\/wp-content\/uploads\/sites\/2\/2022\/11\/Zwickau3_04112022-992x673.jpg 992w, https:\/\/www.ltv-sachsen.de\/wp-content\/uploads\/sites\/2\/2022\/11\/Zwickau3_04112022-480x325.jpg 480w\" sizes=\"(max-width: 992px) 100vw, 992px\" ><div class=\"image-gallery__image__link__overlay\"><div class=\"image-gallery__image__link__overlay__icon icon icon--camera\"><\/div><\/div><\/a><div class=\"image-gallery__description\">dav<\/div><\/div><\/div><div class=\"ppi_col-md-3 swiper-slide\"><div class=\"vertical-spacing\"><a data-lightbox=\"lightbox-69f2a448a1fc3\" class=\"image-gallery__image__link\" href=\"https:\/\/www.ltv-sachsen.de\/wp-content\/uploads\/sites\/2\/2022\/11\/Zwickau1_04112022-scaled.jpg\" rel=\"lightbox\"><img decoding=\"async\" src=\"https:\/\/www.ltv-sachsen.de\/wp-content\/uploads\/sites\/2\/2022\/11\/Zwickau1_04112022-scaled.jpg\" srcset=\"https:\/\/www.ltv-sachsen.de\/wp-content\/uploads\/sites\/2\/2022\/11\/Zwickau1_04112022-300x159.jpg 300w, https:\/\/www.ltv-sachsen.de\/wp-content\/uploads\/sites\/2\/2022\/11\/Zwickau1_04112022-1024x541.jpg 1024w, https:\/\/www.ltv-sachsen.de\/wp-content\/uploads\/sites\/2\/2022\/11\/Zwickau1_04112022-768x406.jpg 768w, https:\/\/www.ltv-sachsen.de\/wp-content\/uploads\/sites\/2\/2022\/11\/Zwickau1_04112022-1920x1015.jpg 1920w, https:\/\/www.ltv-sachsen.de\/wp-content\/uploads\/sites\/2\/2022\/11\/Zwickau1_04112022-1200x635.jpg 1200w, https:\/\/www.ltv-sachsen.de\/wp-content\/uploads\/sites\/2\/2022\/11\/Zwickau1_04112022-992x525.jpg 992w, https:\/\/www.ltv-sachsen.de\/wp-content\/uploads\/sites\/2\/2022\/11\/Zwickau1_04112022-480x254.jpg 480w\" sizes=\"(max-width: 992px) 100vw, 992px\" ><div class=\"image-gallery__image__link__overlay\"><div class=\"image-gallery__image__link__overlay__icon icon icon--camera\"><\/div><\/div><\/a><div class=\"image-gallery__description\">mde<\/div><\/div><\/div><div class=\"ppi_col-md-3 swiper-slide\"><div class=\"vertical-spacing\"><a data-lightbox=\"lightbox-69f2a448a1fc3\" class=\"image-gallery__image__link\" href=\"https:\/\/www.ltv-sachsen.de\/wp-content\/uploads\/sites\/2\/2022\/11\/Vortrag-Prof.-Poepper-zu-Beter-Breuer-04112022.jpg\" rel=\"lightbox\"><img decoding=\"async\" src=\"https:\/\/www.ltv-sachsen.de\/wp-content\/uploads\/sites\/2\/2022\/11\/Vortrag-Prof.-Poepper-zu-Beter-Breuer-04112022.jpg\" srcset=\"https:\/\/www.ltv-sachsen.de\/wp-content\/uploads\/sites\/2\/2022\/11\/Vortrag-Prof.-Poepper-zu-Beter-Breuer-04112022-300x201.jpg 300w, https:\/\/www.ltv-sachsen.de\/wp-content\/uploads\/sites\/2\/2022\/11\/Vortrag-Prof.-Poepper-zu-Beter-Breuer-04112022-1024x685.jpg 1024w, https:\/\/www.ltv-sachsen.de\/wp-content\/uploads\/sites\/2\/2022\/11\/Vortrag-Prof.-Poepper-zu-Beter-Breuer-04112022-768x514.jpg 768w, https:\/\/www.ltv-sachsen.de\/wp-content\/uploads\/sites\/2\/2022\/11\/Vortrag-Prof.-Poepper-zu-Beter-Breuer-04112022-1200x803.jpg 1200w, https:\/\/www.ltv-sachsen.de\/wp-content\/uploads\/sites\/2\/2022\/11\/Vortrag-Prof.-Poepper-zu-Beter-Breuer-04112022-992x664.jpg 992w, https:\/\/www.ltv-sachsen.de\/wp-content\/uploads\/sites\/2\/2022\/11\/Vortrag-Prof.-Poepper-zu-Beter-Breuer-04112022-480x321.jpg 480w, https:\/\/www.ltv-sachsen.de\/wp-content\/uploads\/sites\/2\/2022\/11\/Vortrag-Prof.-Poepper-zu-Beter-Breuer-04112022.jpg 1279w\" sizes=\"(max-width: 992px) 100vw, 992px\" ><div class=\"image-gallery__image__link__overlay\"><div class=\"image-gallery__image__link__overlay__icon icon icon--camera\"><\/div><\/div><\/a><div class=\"image-gallery__description\"><\/div><\/div><\/div><\/div><\/div><button class=\"button--primary icon--right1 swiper-button-prev swiper-button-prev-69f2a448a1fc3\" style=\"transform: scaleX(-1);\"><\/button><button class=\"button--primary icon--right1 swiper-button-next swiper-button-next-69f2a448a1fc3\"><\/button><\/div><script>jQuery( document ).ready(function() {lightbox.option({\"albumLabel\": \"Bild %1 von %2\" });})<\/script>[\/vc_column][\/vc_row]<\/p>\n<\/div>","protected":false},"excerpt":{"rendered":"<p>[vc_row][vc_column][vc_column_text]Am 04.11.2022 waren wir als Wander- und Pilgerakademie in der neu entstehenden touristischen Region \u201eChemnitz. Zwickau. Region.\u201c im Rahmen eines Regionalen Erfahrungsaustausches zu Gast. Wieder versammelten sich zahlreiche Akteure aus den Bereichen \u201eWandern, Pilgern, Kirche und Tourismus\u201c an einem wunderbaren Ort. Diesmal trafen wir uns in den Kunstsammlungen Zwickau. Begr\u00fc\u00dft wurden wir in der Kuppelhalle [&hellip;]<\/p>\n","protected":false},"author":5,"featured_media":519,"comment_status":"open","ping_status":"open","sticky":false,"template":"","format":"standard","meta":{"_acf_changed":false,"inline_featured_image":false,"footnotes":""},"categories":[1],"tags":[],"class_list":["post-522","post","type-post","status-publish","format-standard","has-post-thumbnail","hentry","category-unkategorisiert"],"acf":[],"yoast_head":"<!-- This site is optimized with the Yoast SEO plugin v26.4 - https:\/\/yoast.com\/wordpress\/plugins\/seo\/ -->\n<title>Sp\u00e4tmittelalterliche Sch\u00e4tze in Zwickau und in der Region - Wander- und Pilgerakademie<\/title>\n<meta name=\"robots\" content=\"index, follow, max-snippet:-1, max-image-preview:large, max-video-preview:-1\" \/>\n<link rel=\"canonical\" href=\"https:\/\/www.ltv-sachsen.de\/wanderundpilgerakademie\/spaetmittelalterliche-schaetze-in-zwickau-und-in-der-region\/\" \/>\n<meta property=\"og:locale\" content=\"de_DE\" \/>\n<meta property=\"og:type\" content=\"article\" \/>\n<meta property=\"og:title\" content=\"Sp\u00e4tmittelalterliche Sch\u00e4tze in Zwickau und in der Region - Wander- und Pilgerakademie\" \/>\n<meta property=\"og:description\" content=\"[vc_row][vc_column][vc_column_text]Am 04.11.2022 waren wir als Wander- und Pilgerakademie in der neu entstehenden touristischen Region \u201eChemnitz. Zwickau. Region.\u201c im Rahmen eines Regionalen Erfahrungsaustausches zu Gast. Wieder versammelten sich zahlreiche Akteure aus den Bereichen \u201eWandern, Pilgern, Kirche und Tourismus\u201c an einem wunderbaren Ort. Diesmal trafen wir uns in den Kunstsammlungen Zwickau. Begr\u00fc\u00dft wurden wir in der Kuppelhalle [&hellip;]\" \/>\n<meta property=\"og:url\" content=\"https:\/\/www.ltv-sachsen.de\/wanderundpilgerakademie\/spaetmittelalterliche-schaetze-in-zwickau-und-in-der-region\/\" \/>\n<meta property=\"og:site_name\" content=\"Wander- und Pilgerakademie\" \/>\n<meta property=\"article:published_time\" content=\"2022-11-10T11:43:11+00:00\" \/>\n<meta property=\"article:modified_time\" content=\"2022-11-10T11:55:49+00:00\" \/>\n<meta property=\"og:image\" content=\"https:\/\/www.ltv-sachsen.de\/wp-content\/uploads\/sites\/2\/2022\/11\/Zwickau6_04112022Ausschnitt.jpg\" \/>\n\t<meta property=\"og:image:width\" content=\"717\" \/>\n\t<meta property=\"og:image:height\" content=\"522\" \/>\n\t<meta property=\"og:image:type\" content=\"image\/jpeg\" \/>\n<meta name=\"author\" content=\"wanderundpilgerakademie\" \/>\n<meta name=\"twitter:card\" content=\"summary_large_image\" \/>\n<meta name=\"twitter:label1\" content=\"Verfasst von\" \/>\n\t<meta name=\"twitter:data1\" content=\"wanderundpilgerakademie\" \/>\n\t<meta name=\"twitter:label2\" content=\"Gesch\u00e4tzte Lesezeit\" \/>\n\t<meta name=\"twitter:data2\" content=\"3\u00a0Minuten\" \/>\n<script type=\"application\/ld+json\" class=\"yoast-schema-graph\">{\"@context\":\"https:\/\/schema.org\",\"@graph\":[{\"@type\":\"WebPage\",\"@id\":\"https:\/\/www.ltv-sachsen.de\/wanderundpilgerakademie\/spaetmittelalterliche-schaetze-in-zwickau-und-in-der-region\/\",\"url\":\"https:\/\/www.ltv-sachsen.de\/wanderundpilgerakademie\/spaetmittelalterliche-schaetze-in-zwickau-und-in-der-region\/\",\"name\":\"Sp\u00e4tmittelalterliche Sch\u00e4tze in Zwickau und in der Region - Wander- und Pilgerakademie\",\"isPartOf\":{\"@id\":\"https:\/\/www.ltv-sachsen.de\/wanderundpilgerakademie\/#website\"},\"primaryImageOfPage\":{\"@id\":\"https:\/\/www.ltv-sachsen.de\/wanderundpilgerakademie\/spaetmittelalterliche-schaetze-in-zwickau-und-in-der-region\/#primaryimage\"},\"image\":{\"@id\":\"https:\/\/www.ltv-sachsen.de\/wanderundpilgerakademie\/spaetmittelalterliche-schaetze-in-zwickau-und-in-der-region\/#primaryimage\"},\"thumbnailUrl\":\"https:\/\/www.ltv-sachsen.de\/wp-content\/uploads\/sites\/2\/2022\/11\/Zwickau6_04112022Ausschnitt.jpg\",\"datePublished\":\"2022-11-10T11:43:11+00:00\",\"dateModified\":\"2022-11-10T11:55:49+00:00\",\"author\":{\"@id\":\"https:\/\/www.ltv-sachsen.de\/wanderundpilgerakademie\/#\/schema\/person\/c9b358ac1d6549fcc45ce3f905d1358c\"},\"breadcrumb\":{\"@id\":\"https:\/\/www.ltv-sachsen.de\/wanderundpilgerakademie\/spaetmittelalterliche-schaetze-in-zwickau-und-in-der-region\/#breadcrumb\"},\"inLanguage\":\"de\",\"potentialAction\":[{\"@type\":\"ReadAction\",\"target\":[\"https:\/\/www.ltv-sachsen.de\/wanderundpilgerakademie\/spaetmittelalterliche-schaetze-in-zwickau-und-in-der-region\/\"]}]},{\"@type\":\"ImageObject\",\"inLanguage\":\"de\",\"@id\":\"https:\/\/www.ltv-sachsen.de\/wanderundpilgerakademie\/spaetmittelalterliche-schaetze-in-zwickau-und-in-der-region\/#primaryimage\",\"url\":\"https:\/\/www.ltv-sachsen.de\/wp-content\/uploads\/sites\/2\/2022\/11\/Zwickau6_04112022Ausschnitt.jpg\",\"contentUrl\":\"https:\/\/www.ltv-sachsen.de\/wp-content\/uploads\/sites\/2\/2022\/11\/Zwickau6_04112022Ausschnitt.jpg\",\"width\":717,\"height\":522},{\"@type\":\"BreadcrumbList\",\"@id\":\"https:\/\/www.ltv-sachsen.de\/wanderundpilgerakademie\/spaetmittelalterliche-schaetze-in-zwickau-und-in-der-region\/#breadcrumb\",\"itemListElement\":[{\"@type\":\"ListItem\",\"position\":1,\"name\":\"Home\",\"item\":\"https:\/\/www.ltv-sachsen.de\/wanderundpilgerakademie\/\"},{\"@type\":\"ListItem\",\"position\":2,\"name\":\"Sp\u00e4tmittelalterliche Sch\u00e4tze in Zwickau und in der Region\"}]},{\"@type\":\"WebSite\",\"@id\":\"https:\/\/www.ltv-sachsen.de\/wanderundpilgerakademie\/#website\",\"url\":\"https:\/\/www.ltv-sachsen.de\/wanderundpilgerakademie\/\",\"name\":\"Wander- und Pilgerakademie\",\"description\":\"Allgemeine Infos zur Wander- und Pilgerakademie\",\"potentialAction\":[{\"@type\":\"SearchAction\",\"target\":{\"@type\":\"EntryPoint\",\"urlTemplate\":\"https:\/\/www.ltv-sachsen.de\/wanderundpilgerakademie\/?s={search_term_string}\"},\"query-input\":{\"@type\":\"PropertyValueSpecification\",\"valueRequired\":true,\"valueName\":\"search_term_string\"}}],\"inLanguage\":\"de\"},{\"@type\":\"Person\",\"@id\":\"https:\/\/www.ltv-sachsen.de\/wanderundpilgerakademie\/#\/schema\/person\/c9b358ac1d6549fcc45ce3f905d1358c\",\"name\":\"wanderundpilgerakademie\",\"image\":{\"@type\":\"ImageObject\",\"inLanguage\":\"de\",\"@id\":\"https:\/\/www.ltv-sachsen.de\/wanderundpilgerakademie\/#\/schema\/person\/image\/\",\"url\":\"https:\/\/secure.gravatar.com\/avatar\/992f6ea3d0f7e2edcbe1a2de25ad878fb8e5d09adc136f8fbaad6b574c799c34?s=96&d=mm&r=g\",\"contentUrl\":\"https:\/\/secure.gravatar.com\/avatar\/992f6ea3d0f7e2edcbe1a2de25ad878fb8e5d09adc136f8fbaad6b574c799c34?s=96&d=mm&r=g\",\"caption\":\"wanderundpilgerakademie\"},\"url\":\"https:\/\/www.ltv-sachsen.de\/wanderundpilgerakademie\/author\/wanderundpilgerakademie\/\"}]}<\/script>\n<!-- \/ Yoast SEO plugin. -->","yoast_head_json":{"title":"Sp\u00e4tmittelalterliche Sch\u00e4tze in Zwickau und in der Region - Wander- und Pilgerakademie","robots":{"index":"index","follow":"follow","max-snippet":"max-snippet:-1","max-image-preview":"max-image-preview:large","max-video-preview":"max-video-preview:-1"},"canonical":"https:\/\/www.ltv-sachsen.de\/wanderundpilgerakademie\/spaetmittelalterliche-schaetze-in-zwickau-und-in-der-region\/","og_locale":"de_DE","og_type":"article","og_title":"Sp\u00e4tmittelalterliche Sch\u00e4tze in Zwickau und in der Region - Wander- und Pilgerakademie","og_description":"[vc_row][vc_column][vc_column_text]Am 04.11.2022 waren wir als Wander- und Pilgerakademie in der neu entstehenden touristischen Region \u201eChemnitz. Zwickau. Region.\u201c im Rahmen eines Regionalen Erfahrungsaustausches zu Gast. Wieder versammelten sich zahlreiche Akteure aus den Bereichen \u201eWandern, Pilgern, Kirche und Tourismus\u201c an einem wunderbaren Ort. Diesmal trafen wir uns in den Kunstsammlungen Zwickau. Begr\u00fc\u00dft wurden wir in der Kuppelhalle [&hellip;]","og_url":"https:\/\/www.ltv-sachsen.de\/wanderundpilgerakademie\/spaetmittelalterliche-schaetze-in-zwickau-und-in-der-region\/","og_site_name":"Wander- und Pilgerakademie","article_published_time":"2022-11-10T11:43:11+00:00","article_modified_time":"2022-11-10T11:55:49+00:00","og_image":[{"width":717,"height":522,"url":"https:\/\/www.ltv-sachsen.de\/wp-content\/uploads\/sites\/2\/2022\/11\/Zwickau6_04112022Ausschnitt.jpg","type":"image\/jpeg"}],"author":"wanderundpilgerakademie","twitter_card":"summary_large_image","twitter_misc":{"Verfasst von":"wanderundpilgerakademie","Gesch\u00e4tzte Lesezeit":"3\u00a0Minuten"},"schema":{"@context":"https:\/\/schema.org","@graph":[{"@type":"WebPage","@id":"https:\/\/www.ltv-sachsen.de\/wanderundpilgerakademie\/spaetmittelalterliche-schaetze-in-zwickau-und-in-der-region\/","url":"https:\/\/www.ltv-sachsen.de\/wanderundpilgerakademie\/spaetmittelalterliche-schaetze-in-zwickau-und-in-der-region\/","name":"Sp\u00e4tmittelalterliche Sch\u00e4tze in Zwickau und in der Region - Wander- und Pilgerakademie","isPartOf":{"@id":"https:\/\/www.ltv-sachsen.de\/wanderundpilgerakademie\/#website"},"primaryImageOfPage":{"@id":"https:\/\/www.ltv-sachsen.de\/wanderundpilgerakademie\/spaetmittelalterliche-schaetze-in-zwickau-und-in-der-region\/#primaryimage"},"image":{"@id":"https:\/\/www.ltv-sachsen.de\/wanderundpilgerakademie\/spaetmittelalterliche-schaetze-in-zwickau-und-in-der-region\/#primaryimage"},"thumbnailUrl":"https:\/\/www.ltv-sachsen.de\/wp-content\/uploads\/sites\/2\/2022\/11\/Zwickau6_04112022Ausschnitt.jpg","datePublished":"2022-11-10T11:43:11+00:00","dateModified":"2022-11-10T11:55:49+00:00","author":{"@id":"https:\/\/www.ltv-sachsen.de\/wanderundpilgerakademie\/#\/schema\/person\/c9b358ac1d6549fcc45ce3f905d1358c"},"breadcrumb":{"@id":"https:\/\/www.ltv-sachsen.de\/wanderundpilgerakademie\/spaetmittelalterliche-schaetze-in-zwickau-und-in-der-region\/#breadcrumb"},"inLanguage":"de","potentialAction":[{"@type":"ReadAction","target":["https:\/\/www.ltv-sachsen.de\/wanderundpilgerakademie\/spaetmittelalterliche-schaetze-in-zwickau-und-in-der-region\/"]}]},{"@type":"ImageObject","inLanguage":"de","@id":"https:\/\/www.ltv-sachsen.de\/wanderundpilgerakademie\/spaetmittelalterliche-schaetze-in-zwickau-und-in-der-region\/#primaryimage","url":"https:\/\/www.ltv-sachsen.de\/wp-content\/uploads\/sites\/2\/2022\/11\/Zwickau6_04112022Ausschnitt.jpg","contentUrl":"https:\/\/www.ltv-sachsen.de\/wp-content\/uploads\/sites\/2\/2022\/11\/Zwickau6_04112022Ausschnitt.jpg","width":717,"height":522},{"@type":"BreadcrumbList","@id":"https:\/\/www.ltv-sachsen.de\/wanderundpilgerakademie\/spaetmittelalterliche-schaetze-in-zwickau-und-in-der-region\/#breadcrumb","itemListElement":[{"@type":"ListItem","position":1,"name":"Home","item":"https:\/\/www.ltv-sachsen.de\/wanderundpilgerakademie\/"},{"@type":"ListItem","position":2,"name":"Sp\u00e4tmittelalterliche Sch\u00e4tze in Zwickau und in der Region"}]},{"@type":"WebSite","@id":"https:\/\/www.ltv-sachsen.de\/wanderundpilgerakademie\/#website","url":"https:\/\/www.ltv-sachsen.de\/wanderundpilgerakademie\/","name":"Wander- und Pilgerakademie","description":"Allgemeine Infos zur Wander- und Pilgerakademie","potentialAction":[{"@type":"SearchAction","target":{"@type":"EntryPoint","urlTemplate":"https:\/\/www.ltv-sachsen.de\/wanderundpilgerakademie\/?s={search_term_string}"},"query-input":{"@type":"PropertyValueSpecification","valueRequired":true,"valueName":"search_term_string"}}],"inLanguage":"de"},{"@type":"Person","@id":"https:\/\/www.ltv-sachsen.de\/wanderundpilgerakademie\/#\/schema\/person\/c9b358ac1d6549fcc45ce3f905d1358c","name":"wanderundpilgerakademie","image":{"@type":"ImageObject","inLanguage":"de","@id":"https:\/\/www.ltv-sachsen.de\/wanderundpilgerakademie\/#\/schema\/person\/image\/","url":"https:\/\/secure.gravatar.com\/avatar\/992f6ea3d0f7e2edcbe1a2de25ad878fb8e5d09adc136f8fbaad6b574c799c34?s=96&d=mm&r=g","contentUrl":"https:\/\/secure.gravatar.com\/avatar\/992f6ea3d0f7e2edcbe1a2de25ad878fb8e5d09adc136f8fbaad6b574c799c34?s=96&d=mm&r=g","caption":"wanderundpilgerakademie"},"url":"https:\/\/www.ltv-sachsen.de\/wanderundpilgerakademie\/author\/wanderundpilgerakademie\/"}]}},"_links":{"self":[{"href":"https:\/\/www.ltv-sachsen.de\/wanderundpilgerakademie\/wp-json\/wp\/v2\/posts\/522","targetHints":{"allow":["GET"]}}],"collection":[{"href":"https:\/\/www.ltv-sachsen.de\/wanderundpilgerakademie\/wp-json\/wp\/v2\/posts"}],"about":[{"href":"https:\/\/www.ltv-sachsen.de\/wanderundpilgerakademie\/wp-json\/wp\/v2\/types\/post"}],"author":[{"embeddable":true,"href":"https:\/\/www.ltv-sachsen.de\/wanderundpilgerakademie\/wp-json\/wp\/v2\/users\/5"}],"replies":[{"embeddable":true,"href":"https:\/\/www.ltv-sachsen.de\/wanderundpilgerakademie\/wp-json\/wp\/v2\/comments?post=522"}],"version-history":[{"count":5,"href":"https:\/\/www.ltv-sachsen.de\/wanderundpilgerakademie\/wp-json\/wp\/v2\/posts\/522\/revisions"}],"predecessor-version":[{"id":527,"href":"https:\/\/www.ltv-sachsen.de\/wanderundpilgerakademie\/wp-json\/wp\/v2\/posts\/522\/revisions\/527"}],"wp:featuredmedia":[{"embeddable":true,"href":"https:\/\/www.ltv-sachsen.de\/wanderundpilgerakademie\/wp-json\/wp\/v2\/media\/519"}],"wp:attachment":[{"href":"https:\/\/www.ltv-sachsen.de\/wanderundpilgerakademie\/wp-json\/wp\/v2\/media?parent=522"}],"wp:term":[{"taxonomy":"category","embeddable":true,"href":"https:\/\/www.ltv-sachsen.de\/wanderundpilgerakademie\/wp-json\/wp\/v2\/categories?post=522"},{"taxonomy":"post_tag","embeddable":true,"href":"https:\/\/www.ltv-sachsen.de\/wanderundpilgerakademie\/wp-json\/wp\/v2\/tags?post=522"}],"curies":[{"name":"wp","href":"https:\/\/api.w.org\/{rel}","templated":true}]}}