{"id":470,"date":"2022-10-20T16:26:46","date_gmt":"2022-10-20T14:26:46","guid":{"rendered":"https:\/\/www.ltv-sachsen.de\/wanderundpilgerakademie\/?p=470"},"modified":"2022-10-20T16:49:05","modified_gmt":"2022-10-20T14:49:05","slug":"einladung-zum-fachgespraech-ueber-die-zukunft-der-wegewarte-in-sachsen","status":"publish","type":"post","link":"https:\/\/www.ltv-sachsen.de\/wanderundpilgerakademie\/einladung-zum-fachgespraech-ueber-die-zukunft-der-wegewarte-in-sachsen\/","title":{"rendered":"Einladung zum Fachgespr\u00e4ch \u00fcber die Zukunft der Wegewarte in Sachsen"},"content":{"rendered":"<div class=\"wpb-content-wrapper\"><p>[vc_row full_width=&#8220;ppi_small_row&#8220;][vc_column][vc_column_text]Die Zukunft der Wegewarte in Sachsen liegt uns allen am Herzen. Wir w\u00fcnschen uns, dass aktuell t\u00e4tige Wegewarte mit Freude weiter t\u00e4tig bleiben. Aber gleichzeitig, dass Wissen weitergegeben wird an neue Interessierte. Wie ein guter Generationenwechsel im Ehrenamt \u2013 bezogen auf die Wegewarte gelingen k\u00f6nnte, dar\u00fcber wollen wir mit Ihnen im sch\u00f6nen St\u00e4dtchen Kohren-Sahlis ins Gespr\u00e4ch kommen. Wir werden an diesem Tag inhaltlich begleitet von Experten, die darauf eingehen, welche unterschiedlichen Motive einem Ehrenamt zugrunde liegen und wir wollen mehr erfahren \u00fcber das Rollenverst\u00e4ndnis von engagierten Menschen in Sachsen. Erst dann, wenn wir verstehen, was Menschen antreibt, sich ehrenamtlich einzusetzen, k\u00f6nnen wir ein solches Ehrenamt gut begleiten. Wir haben zum Fachgespr\u00e4ch den sch\u00f6nen Ort Kohren-Sahlis gew\u00e4hlt, der bereits 974 erstmals in der Schenkungsurkunde K\u00f6nig Ottos II an das Bistum Merseburg erw\u00e4hnt wurde.<\/p>\n<p>Das Fachgespr\u00e4ch findet statt:<\/p>\n<p>am Dienstag, dem 1.November 2022<\/p>\n<p>von 10:00 Uhr bis 15:00 Uhr<\/p>\n<p>in der Heimvolkshochschule Kohren-Sahlis, Pestalozzistra\u00dfe 3, 04654 Frohburg \/ OT Kohren-Sahlis<\/p>\n<p>(Telefon: 034348\/8399-15)<\/p>\n<p>Parkpl\u00e4tze stehen vor Ort zur Verf\u00fcgung.<\/p>\n<p>\u00dcber Ihre Teilnahme w\u00fcrden wir uns sehr freuen und bitten Sie um R\u00fcckmeldung per mail an <a href=\"mailto:wanderundpilgerakademie@eeb-sachsen.de\">wanderundpilgerakademie@eeb-sachsen.de<\/a> oder mittels beigef\u00fcgtem Antwortfax bis zum 26.10.2022. Die Teilnahme wird auf 25 Personen begrenzt.[\/vc_column_text][vc_column_text]<a href=\"https:\/\/www.ltv-sachsen.de\/wp-content\/uploads\/sites\/2\/2022\/10\/Einladung-Fachgespraech-Wegewarte-1.11.2022.pdf\">Einladung Fachgespr\u00e4ch Wegewarte 1.11.2022<\/a>[\/vc_column_text][\/vc_column][\/vc_row]<\/p>\n<\/div>","protected":false},"excerpt":{"rendered":"<p>[vc_row full_width=&#8220;ppi_small_row&#8220;][vc_column][vc_column_text]Die Zukunft der Wegewarte in Sachsen liegt uns allen am Herzen. Wir w\u00fcnschen uns, dass aktuell t\u00e4tige Wegewarte mit Freude weiter t\u00e4tig bleiben. Aber gleichzeitig, dass Wissen weitergegeben wird an neue Interessierte. Wie ein guter Generationenwechsel im Ehrenamt \u2013 bezogen auf die Wegewarte gelingen k\u00f6nnte, dar\u00fcber wollen wir mit Ihnen im sch\u00f6nen St\u00e4dtchen Kohren-Sahlis [&hellip;]<\/p>\n","protected":false},"author":3,"featured_media":475,"comment_status":"open","ping_status":"open","sticky":false,"template":"","format":"standard","meta":{"_acf_changed":false,"inline_featured_image":false,"footnotes":""},"categories":[1],"tags":[],"class_list":["post-470","post","type-post","status-publish","format-standard","has-post-thumbnail","hentry","category-unkategorisiert"],"acf":[],"yoast_head":"<!-- This site is optimized with the Yoast SEO plugin v26.4 - https:\/\/yoast.com\/wordpress\/plugins\/seo\/ -->\n<title>Einladung zum Fachgespr\u00e4ch \u00fcber die Zukunft der Wegewarte in Sachsen - Wander- und Pilgerakademie<\/title>\n<meta name=\"robots\" content=\"index, follow, max-snippet:-1, max-image-preview:large, max-video-preview:-1\" \/>\n<link rel=\"canonical\" href=\"https:\/\/www.ltv-sachsen.de\/wanderundpilgerakademie\/einladung-zum-fachgespraech-ueber-die-zukunft-der-wegewarte-in-sachsen\/\" \/>\n<meta property=\"og:locale\" content=\"de_DE\" \/>\n<meta property=\"og:type\" content=\"article\" \/>\n<meta property=\"og:title\" content=\"Einladung zum Fachgespr\u00e4ch \u00fcber die Zukunft der Wegewarte in Sachsen - Wander- und Pilgerakademie\" \/>\n<meta property=\"og:description\" content=\"[vc_row full_width=&#8220;ppi_small_row&#8220;][vc_column][vc_column_text]Die Zukunft der Wegewarte in Sachsen liegt uns allen am Herzen. Wir w\u00fcnschen uns, dass aktuell t\u00e4tige Wegewarte mit Freude weiter t\u00e4tig bleiben. Aber gleichzeitig, dass Wissen weitergegeben wird an neue Interessierte. Wie ein guter Generationenwechsel im Ehrenamt \u2013 bezogen auf die Wegewarte gelingen k\u00f6nnte, dar\u00fcber wollen wir mit Ihnen im sch\u00f6nen St\u00e4dtchen Kohren-Sahlis [&hellip;]\" \/>\n<meta property=\"og:url\" content=\"https:\/\/www.ltv-sachsen.de\/wanderundpilgerakademie\/einladung-zum-fachgespraech-ueber-die-zukunft-der-wegewarte-in-sachsen\/\" \/>\n<meta property=\"og:site_name\" content=\"Wander- und Pilgerakademie\" \/>\n<meta property=\"article:published_time\" content=\"2022-10-20T14:26:46+00:00\" \/>\n<meta property=\"article:modified_time\" content=\"2022-10-20T14:49:05+00:00\" \/>\n<meta property=\"og:image\" content=\"https:\/\/www.ltv-sachsen.de\/wp-content\/uploads\/sites\/2\/2022\/10\/Weg_Oberlausitz_bei_Koenigshain-e1666275890791.jpg\" \/>\n\t<meta property=\"og:image:width\" content=\"960\" \/>\n\t<meta property=\"og:image:height\" content=\"697\" \/>\n\t<meta property=\"og:image:type\" content=\"image\/jpeg\" \/>\n<meta name=\"author\" content=\"tovar\" \/>\n<meta name=\"twitter:card\" content=\"summary_large_image\" \/>\n<meta name=\"twitter:label1\" content=\"Verfasst von\" \/>\n\t<meta name=\"twitter:data1\" content=\"tovar\" \/>\n\t<meta name=\"twitter:label2\" content=\"Gesch\u00e4tzte Lesezeit\" \/>\n\t<meta name=\"twitter:data2\" content=\"2\u00a0Minuten\" \/>\n<script type=\"application\/ld+json\" class=\"yoast-schema-graph\">{\"@context\":\"https:\/\/schema.org\",\"@graph\":[{\"@type\":\"WebPage\",\"@id\":\"https:\/\/www.ltv-sachsen.de\/wanderundpilgerakademie\/einladung-zum-fachgespraech-ueber-die-zukunft-der-wegewarte-in-sachsen\/\",\"url\":\"https:\/\/www.ltv-sachsen.de\/wanderundpilgerakademie\/einladung-zum-fachgespraech-ueber-die-zukunft-der-wegewarte-in-sachsen\/\",\"name\":\"Einladung zum Fachgespr\u00e4ch \u00fcber die Zukunft der Wegewarte in Sachsen - Wander- und Pilgerakademie\",\"isPartOf\":{\"@id\":\"https:\/\/www.ltv-sachsen.de\/wanderundpilgerakademie\/#website\"},\"primaryImageOfPage\":{\"@id\":\"https:\/\/www.ltv-sachsen.de\/wanderundpilgerakademie\/einladung-zum-fachgespraech-ueber-die-zukunft-der-wegewarte-in-sachsen\/#primaryimage\"},\"image\":{\"@id\":\"https:\/\/www.ltv-sachsen.de\/wanderundpilgerakademie\/einladung-zum-fachgespraech-ueber-die-zukunft-der-wegewarte-in-sachsen\/#primaryimage\"},\"thumbnailUrl\":\"https:\/\/www.ltv-sachsen.de\/wp-content\/uploads\/sites\/2\/2022\/10\/Weg_Oberlausitz_bei_Koenigshain-e1666275890791.jpg\",\"datePublished\":\"2022-10-20T14:26:46+00:00\",\"dateModified\":\"2022-10-20T14:49:05+00:00\",\"author\":{\"@id\":\"https:\/\/www.ltv-sachsen.de\/wanderundpilgerakademie\/#\/schema\/person\/8cb7d8b92487a52a55db446aeb35bc92\"},\"breadcrumb\":{\"@id\":\"https:\/\/www.ltv-sachsen.de\/wanderundpilgerakademie\/einladung-zum-fachgespraech-ueber-die-zukunft-der-wegewarte-in-sachsen\/#breadcrumb\"},\"inLanguage\":\"de\",\"potentialAction\":[{\"@type\":\"ReadAction\",\"target\":[\"https:\/\/www.ltv-sachsen.de\/wanderundpilgerakademie\/einladung-zum-fachgespraech-ueber-die-zukunft-der-wegewarte-in-sachsen\/\"]}]},{\"@type\":\"ImageObject\",\"inLanguage\":\"de\",\"@id\":\"https:\/\/www.ltv-sachsen.de\/wanderundpilgerakademie\/einladung-zum-fachgespraech-ueber-die-zukunft-der-wegewarte-in-sachsen\/#primaryimage\",\"url\":\"https:\/\/www.ltv-sachsen.de\/wp-content\/uploads\/sites\/2\/2022\/10\/Weg_Oberlausitz_bei_Koenigshain-e1666275890791.jpg\",\"contentUrl\":\"https:\/\/www.ltv-sachsen.de\/wp-content\/uploads\/sites\/2\/2022\/10\/Weg_Oberlausitz_bei_Koenigshain-e1666275890791.jpg\",\"width\":960,\"height\":697},{\"@type\":\"BreadcrumbList\",\"@id\":\"https:\/\/www.ltv-sachsen.de\/wanderundpilgerakademie\/einladung-zum-fachgespraech-ueber-die-zukunft-der-wegewarte-in-sachsen\/#breadcrumb\",\"itemListElement\":[{\"@type\":\"ListItem\",\"position\":1,\"name\":\"Home\",\"item\":\"https:\/\/www.ltv-sachsen.de\/wanderundpilgerakademie\/\"},{\"@type\":\"ListItem\",\"position\":2,\"name\":\"Einladung zum Fachgespr\u00e4ch \u00fcber die Zukunft der Wegewarte in Sachsen\"}]},{\"@type\":\"WebSite\",\"@id\":\"https:\/\/www.ltv-sachsen.de\/wanderundpilgerakademie\/#website\",\"url\":\"https:\/\/www.ltv-sachsen.de\/wanderundpilgerakademie\/\",\"name\":\"Wander- und Pilgerakademie\",\"description\":\"Allgemeine Infos zur Wander- und Pilgerakademie\",\"potentialAction\":[{\"@type\":\"SearchAction\",\"target\":{\"@type\":\"EntryPoint\",\"urlTemplate\":\"https:\/\/www.ltv-sachsen.de\/wanderundpilgerakademie\/?s={search_term_string}\"},\"query-input\":{\"@type\":\"PropertyValueSpecification\",\"valueRequired\":true,\"valueName\":\"search_term_string\"}}],\"inLanguage\":\"de\"},{\"@type\":\"Person\",\"@id\":\"https:\/\/www.ltv-sachsen.de\/wanderundpilgerakademie\/#\/schema\/person\/8cb7d8b92487a52a55db446aeb35bc92\",\"name\":\"tovar\",\"image\":{\"@type\":\"ImageObject\",\"inLanguage\":\"de\",\"@id\":\"https:\/\/www.ltv-sachsen.de\/wanderundpilgerakademie\/#\/schema\/person\/image\/\",\"url\":\"https:\/\/secure.gravatar.com\/avatar\/f95970e628ba24c6b1705c520d322ed8ed3d8d96f04c6681b1233653434b6317?s=96&d=mm&r=g\",\"contentUrl\":\"https:\/\/secure.gravatar.com\/avatar\/f95970e628ba24c6b1705c520d322ed8ed3d8d96f04c6681b1233653434b6317?s=96&d=mm&r=g\",\"caption\":\"tovar\"},\"url\":\"https:\/\/www.ltv-sachsen.de\/wanderundpilgerakademie\/author\/tovar\/\"}]}<\/script>\n<!-- \/ Yoast SEO plugin. -->","yoast_head_json":{"title":"Einladung zum Fachgespr\u00e4ch \u00fcber die Zukunft der Wegewarte in Sachsen - Wander- und Pilgerakademie","robots":{"index":"index","follow":"follow","max-snippet":"max-snippet:-1","max-image-preview":"max-image-preview:large","max-video-preview":"max-video-preview:-1"},"canonical":"https:\/\/www.ltv-sachsen.de\/wanderundpilgerakademie\/einladung-zum-fachgespraech-ueber-die-zukunft-der-wegewarte-in-sachsen\/","og_locale":"de_DE","og_type":"article","og_title":"Einladung zum Fachgespr\u00e4ch \u00fcber die Zukunft der Wegewarte in Sachsen - Wander- und Pilgerakademie","og_description":"[vc_row full_width=&#8220;ppi_small_row&#8220;][vc_column][vc_column_text]Die Zukunft der Wegewarte in Sachsen liegt uns allen am Herzen. Wir w\u00fcnschen uns, dass aktuell t\u00e4tige Wegewarte mit Freude weiter t\u00e4tig bleiben. Aber gleichzeitig, dass Wissen weitergegeben wird an neue Interessierte. Wie ein guter Generationenwechsel im Ehrenamt \u2013 bezogen auf die Wegewarte gelingen k\u00f6nnte, dar\u00fcber wollen wir mit Ihnen im sch\u00f6nen St\u00e4dtchen Kohren-Sahlis [&hellip;]","og_url":"https:\/\/www.ltv-sachsen.de\/wanderundpilgerakademie\/einladung-zum-fachgespraech-ueber-die-zukunft-der-wegewarte-in-sachsen\/","og_site_name":"Wander- und Pilgerakademie","article_published_time":"2022-10-20T14:26:46+00:00","article_modified_time":"2022-10-20T14:49:05+00:00","og_image":[{"width":960,"height":697,"url":"https:\/\/www.ltv-sachsen.de\/wp-content\/uploads\/sites\/2\/2022\/10\/Weg_Oberlausitz_bei_Koenigshain-e1666275890791.jpg","type":"image\/jpeg"}],"author":"tovar","twitter_card":"summary_large_image","twitter_misc":{"Verfasst von":"tovar","Gesch\u00e4tzte Lesezeit":"2\u00a0Minuten"},"schema":{"@context":"https:\/\/schema.org","@graph":[{"@type":"WebPage","@id":"https:\/\/www.ltv-sachsen.de\/wanderundpilgerakademie\/einladung-zum-fachgespraech-ueber-die-zukunft-der-wegewarte-in-sachsen\/","url":"https:\/\/www.ltv-sachsen.de\/wanderundpilgerakademie\/einladung-zum-fachgespraech-ueber-die-zukunft-der-wegewarte-in-sachsen\/","name":"Einladung zum Fachgespr\u00e4ch \u00fcber die Zukunft der Wegewarte in Sachsen - Wander- und Pilgerakademie","isPartOf":{"@id":"https:\/\/www.ltv-sachsen.de\/wanderundpilgerakademie\/#website"},"primaryImageOfPage":{"@id":"https:\/\/www.ltv-sachsen.de\/wanderundpilgerakademie\/einladung-zum-fachgespraech-ueber-die-zukunft-der-wegewarte-in-sachsen\/#primaryimage"},"image":{"@id":"https:\/\/www.ltv-sachsen.de\/wanderundpilgerakademie\/einladung-zum-fachgespraech-ueber-die-zukunft-der-wegewarte-in-sachsen\/#primaryimage"},"thumbnailUrl":"https:\/\/www.ltv-sachsen.de\/wp-content\/uploads\/sites\/2\/2022\/10\/Weg_Oberlausitz_bei_Koenigshain-e1666275890791.jpg","datePublished":"2022-10-20T14:26:46+00:00","dateModified":"2022-10-20T14:49:05+00:00","author":{"@id":"https:\/\/www.ltv-sachsen.de\/wanderundpilgerakademie\/#\/schema\/person\/8cb7d8b92487a52a55db446aeb35bc92"},"breadcrumb":{"@id":"https:\/\/www.ltv-sachsen.de\/wanderundpilgerakademie\/einladung-zum-fachgespraech-ueber-die-zukunft-der-wegewarte-in-sachsen\/#breadcrumb"},"inLanguage":"de","potentialAction":[{"@type":"ReadAction","target":["https:\/\/www.ltv-sachsen.de\/wanderundpilgerakademie\/einladung-zum-fachgespraech-ueber-die-zukunft-der-wegewarte-in-sachsen\/"]}]},{"@type":"ImageObject","inLanguage":"de","@id":"https:\/\/www.ltv-sachsen.de\/wanderundpilgerakademie\/einladung-zum-fachgespraech-ueber-die-zukunft-der-wegewarte-in-sachsen\/#primaryimage","url":"https:\/\/www.ltv-sachsen.de\/wp-content\/uploads\/sites\/2\/2022\/10\/Weg_Oberlausitz_bei_Koenigshain-e1666275890791.jpg","contentUrl":"https:\/\/www.ltv-sachsen.de\/wp-content\/uploads\/sites\/2\/2022\/10\/Weg_Oberlausitz_bei_Koenigshain-e1666275890791.jpg","width":960,"height":697},{"@type":"BreadcrumbList","@id":"https:\/\/www.ltv-sachsen.de\/wanderundpilgerakademie\/einladung-zum-fachgespraech-ueber-die-zukunft-der-wegewarte-in-sachsen\/#breadcrumb","itemListElement":[{"@type":"ListItem","position":1,"name":"Home","item":"https:\/\/www.ltv-sachsen.de\/wanderundpilgerakademie\/"},{"@type":"ListItem","position":2,"name":"Einladung zum Fachgespr\u00e4ch \u00fcber die Zukunft der Wegewarte in Sachsen"}]},{"@type":"WebSite","@id":"https:\/\/www.ltv-sachsen.de\/wanderundpilgerakademie\/#website","url":"https:\/\/www.ltv-sachsen.de\/wanderundpilgerakademie\/","name":"Wander- und Pilgerakademie","description":"Allgemeine Infos zur Wander- und Pilgerakademie","potentialAction":[{"@type":"SearchAction","target":{"@type":"EntryPoint","urlTemplate":"https:\/\/www.ltv-sachsen.de\/wanderundpilgerakademie\/?s={search_term_string}"},"query-input":{"@type":"PropertyValueSpecification","valueRequired":true,"valueName":"search_term_string"}}],"inLanguage":"de"},{"@type":"Person","@id":"https:\/\/www.ltv-sachsen.de\/wanderundpilgerakademie\/#\/schema\/person\/8cb7d8b92487a52a55db446aeb35bc92","name":"tovar","image":{"@type":"ImageObject","inLanguage":"de","@id":"https:\/\/www.ltv-sachsen.de\/wanderundpilgerakademie\/#\/schema\/person\/image\/","url":"https:\/\/secure.gravatar.com\/avatar\/f95970e628ba24c6b1705c520d322ed8ed3d8d96f04c6681b1233653434b6317?s=96&d=mm&r=g","contentUrl":"https:\/\/secure.gravatar.com\/avatar\/f95970e628ba24c6b1705c520d322ed8ed3d8d96f04c6681b1233653434b6317?s=96&d=mm&r=g","caption":"tovar"},"url":"https:\/\/www.ltv-sachsen.de\/wanderundpilgerakademie\/author\/tovar\/"}]}},"_links":{"self":[{"href":"https:\/\/www.ltv-sachsen.de\/wanderundpilgerakademie\/wp-json\/wp\/v2\/posts\/470","targetHints":{"allow":["GET"]}}],"collection":[{"href":"https:\/\/www.ltv-sachsen.de\/wanderundpilgerakademie\/wp-json\/wp\/v2\/posts"}],"about":[{"href":"https:\/\/www.ltv-sachsen.de\/wanderundpilgerakademie\/wp-json\/wp\/v2\/types\/post"}],"author":[{"embeddable":true,"href":"https:\/\/www.ltv-sachsen.de\/wanderundpilgerakademie\/wp-json\/wp\/v2\/users\/3"}],"replies":[{"embeddable":true,"href":"https:\/\/www.ltv-sachsen.de\/wanderundpilgerakademie\/wp-json\/wp\/v2\/comments?post=470"}],"version-history":[{"count":3,"href":"https:\/\/www.ltv-sachsen.de\/wanderundpilgerakademie\/wp-json\/wp\/v2\/posts\/470\/revisions"}],"predecessor-version":[{"id":477,"href":"https:\/\/www.ltv-sachsen.de\/wanderundpilgerakademie\/wp-json\/wp\/v2\/posts\/470\/revisions\/477"}],"wp:featuredmedia":[{"embeddable":true,"href":"https:\/\/www.ltv-sachsen.de\/wanderundpilgerakademie\/wp-json\/wp\/v2\/media\/475"}],"wp:attachment":[{"href":"https:\/\/www.ltv-sachsen.de\/wanderundpilgerakademie\/wp-json\/wp\/v2\/media?parent=470"}],"wp:term":[{"taxonomy":"category","embeddable":true,"href":"https:\/\/www.ltv-sachsen.de\/wanderundpilgerakademie\/wp-json\/wp\/v2\/categories?post=470"},{"taxonomy":"post_tag","embeddable":true,"href":"https:\/\/www.ltv-sachsen.de\/wanderundpilgerakademie\/wp-json\/wp\/v2\/tags?post=470"}],"curies":[{"name":"wp","href":"https:\/\/api.w.org\/{rel}","templated":true}]}}