{"id":461,"date":"2022-09-22T09:11:28","date_gmt":"2022-09-22T07:11:28","guid":{"rendered":"https:\/\/www.ltv-sachsen.de\/wanderundpilgerakademie\/?p=461"},"modified":"2022-09-22T09:11:28","modified_gmt":"2022-09-22T07:11:28","slug":"regionaler-erfahrungsaustausch-in-der-oberlausitz","status":"publish","type":"post","link":"https:\/\/www.ltv-sachsen.de\/wanderundpilgerakademie\/regionaler-erfahrungsaustausch-in-der-oberlausitz\/","title":{"rendered":"Regionaler Erfahrungsaustausch in der Oberlausitz"},"content":{"rendered":"<div class=\"wpb-content-wrapper\"><p>[vc_row ppi_row_padding=&#8220;ppi_remove_padding_top&#8220; full_width=&#8220;ppi_small_row&#8220;][vc_column][vc_column_text]Am Freitag, dem 16.09.2022, trafen sich Interessierte der Bereiche Wandern, Pilgern, Wegebewirtschaftung, Kirche und Tourismus im zentralen Denkmal der barocken Zittauer Altstadt &#8211; im Salzhaus. Um mehr \u00fcber die Region zu erfahren. Sch\u00e4tze zu bestaunen. Und um sich weiter zu vernetzen.<\/p>\n<p>Vormittags berichtete der ehemalige Direktor der St\u00e4dtischen Museen in Zittau und Begr\u00fcnder der <em>Via Sacra<\/em> &#8211; Dr. Volker Dudeck &#8211; sehr lebendig von dieser Kulturstra\u00dfe europ\u00e4ischen Ranges. Die Via Sacra \u2013 oder auch die heilige Stra\u00dfe \u2013 ist eine touristische Route, die auf bereits vorhandenen Stra\u00dfen und Wegen 20 Stationen in Deutschland, Tschechien und Polen verbindet. Sie vernetzt herausragende sakrale Bauwerke und Kunstsch\u00e4tze in der Euroregion Neisse-Nisa-Nysa. Die Route zeigt mit ihren s\u00e4chsischen, b\u00f6hmischen, schlesischen und sorbischen Wurzeln eine wechselvolle Geschichte auf, gepr\u00e4gt vom Nebeneinander verschiedener Kulturen in den Jahrhunderten.<\/p>\n<p>Mittags &#8211; Nach den vielen Eindr\u00fccken am Vormittag und nach dem gemeinsamen Mittagessen im rustikalen Wirtshaus \u201eZum alten Sack\u201c ging es mit dem Kunsthistoriker und aktuellen Direktor der St\u00e4dtischen Museen Zittaus &#8211; Dr. Peter Kn\u00fcvener &#8211; auf pr\u00e4gnante geschichtliche Spurensuche. Denn eine Station der Via Sacra befindet sich in Zittau. Hier k\u00f6nnen das \u201eGro\u00dfe und das Kleine Zittauer Fastentuch\u201c und der \u201eZittauer Epitaphienschatz\u201c besichtigt werden.<\/p>\n<p>Am Nachmittag kamen die Teilnehmer im wundersch\u00f6nen hellen Gemeindesaal der Johanniskirche zusammen, um sich auszutauschen und neue Ideen zu schmieden. Thematisch wurde die Situation der Wegewarte in der Lausitz beleuchtet; drei Rundwanderwege im Gebiet von Wilthen kurz vorgestellt (es gibt neben einer Fr\u00fchlingswanderung auch eine 36 km lange Nachtwanderung !!!); der Lusatia-Verband hat auf seine Vortragsreihen aufmerksam gemacht; in die \u00f6kumenisch offene Kirche der Evangelischen Br\u00fcderunit\u00e4t in Herrnhut wurde eingeladen; das Bildungsgut Schmochtitz St. Benno hat auf wundersch\u00f6nen \u00dcbernachtungsm\u00f6glichkeiten und Bildungsprogramm verwiesen, die Kirchenkuratorenausbildung im Kirchenbezirk Zittau-L\u00f6bau sowie die Vernetzung der Radwegekirche in Walddorf in den Tourismusbereich hinein wurde angesprochen. Vieles k\u00f6nnte sich entwickeln und Projekte k\u00f6nnten voneinander profitieren.<\/p>\n<p>Ganz konkret hat Gerd Pfitzner aus L\u00fcckendorf eine ca. 2,5 st\u00fcndige M\u00fchlstein-Wanderung vorgestellt, bei der er auf den Spuren vergangener Jahrhunderte mit Wanderern (Anmeldungen schon ab einer Person sind m\u00f6glich) unterwegs ist. Seine n\u00e4chsten Wanderungen finden am 23.9.2022 und am 18.10.2022 statt. Anmeldung unter 035844-72344. Vielleicht k\u00f6nnte perspektivisch hier auch ein Besuch in einer Offenen Kirche verabredet werden oder eine anderweitige Zusammenarbeit gelingen. Die wundersch\u00f6ne Oberlausitz mit ihren Sch\u00e4tzen ist es wert, pr\u00e4sentiert zu werden.<\/p>\n<p>Gern laden wir an dieser Stelle f\u00fcr die beiden noch geplanten Treffen 2022 zum regionalen Erfahrungsaustausch nach <a href=\"https:\/\/www.ltv-sachsen.de\/wanderundpilgerakademie\/aktuelles\/termine\/regionaler-erfahrungsaustausch-in-der-region-chemnitz-zwickau\">Zwickau<\/a> und <a href=\"https:\/\/www.ltv-sachsen.de\/wanderundpilgerakademie\/aktuelles\/termine\/regionaler-erfahrungsaustausch-in-der-saechsischen-schweiz\/\">Pirna<\/a> ein.[\/vc_column_text][\/vc_column][\/vc_row]<\/p>\n<\/div>","protected":false},"excerpt":{"rendered":"<p>[vc_row ppi_row_padding=&#8220;ppi_remove_padding_top&#8220; full_width=&#8220;ppi_small_row&#8220;][vc_column][vc_column_text]Am Freitag, dem 16.09.2022, trafen sich Interessierte der Bereiche Wandern, Pilgern, Wegebewirtschaftung, Kirche und Tourismus im zentralen Denkmal der barocken Zittauer Altstadt &#8211; im Salzhaus. Um mehr \u00fcber die Region zu erfahren. Sch\u00e4tze zu bestaunen. Und um sich weiter zu vernetzen. Vormittags berichtete der ehemalige Direktor der St\u00e4dtischen Museen in Zittau und Begr\u00fcnder [&hellip;]<\/p>\n","protected":false},"author":3,"featured_media":462,"comment_status":"open","ping_status":"open","sticky":false,"template":"","format":"standard","meta":{"_acf_changed":false,"inline_featured_image":false,"footnotes":""},"categories":[1],"tags":[],"class_list":["post-461","post","type-post","status-publish","format-standard","has-post-thumbnail","hentry","category-unkategorisiert"],"acf":[],"yoast_head":"<!-- This site is optimized with the Yoast SEO plugin v26.4 - https:\/\/yoast.com\/wordpress\/plugins\/seo\/ -->\n<title>Regionaler Erfahrungsaustausch in der Oberlausitz - Wander- und Pilgerakademie<\/title>\n<meta name=\"robots\" content=\"index, follow, max-snippet:-1, max-image-preview:large, max-video-preview:-1\" \/>\n<link rel=\"canonical\" href=\"https:\/\/www.ltv-sachsen.de\/wanderundpilgerakademie\/regionaler-erfahrungsaustausch-in-der-oberlausitz\/\" \/>\n<meta property=\"og:locale\" content=\"de_DE\" \/>\n<meta property=\"og:type\" content=\"article\" \/>\n<meta property=\"og:title\" content=\"Regionaler Erfahrungsaustausch in der Oberlausitz - Wander- und Pilgerakademie\" \/>\n<meta property=\"og:description\" content=\"[vc_row ppi_row_padding=&#8220;ppi_remove_padding_top&#8220; full_width=&#8220;ppi_small_row&#8220;][vc_column][vc_column_text]Am Freitag, dem 16.09.2022, trafen sich Interessierte der Bereiche Wandern, Pilgern, Wegebewirtschaftung, Kirche und Tourismus im zentralen Denkmal der barocken Zittauer Altstadt &#8211; im Salzhaus. Um mehr \u00fcber die Region zu erfahren. Sch\u00e4tze zu bestaunen. Und um sich weiter zu vernetzen. Vormittags berichtete der ehemalige Direktor der St\u00e4dtischen Museen in Zittau und Begr\u00fcnder [&hellip;]\" \/>\n<meta property=\"og:url\" content=\"https:\/\/www.ltv-sachsen.de\/wanderundpilgerakademie\/regionaler-erfahrungsaustausch-in-der-oberlausitz\/\" \/>\n<meta property=\"og:site_name\" content=\"Wander- und Pilgerakademie\" \/>\n<meta property=\"article:published_time\" content=\"2022-09-22T07:11:28+00:00\" \/>\n<meta property=\"og:image\" content=\"https:\/\/www.ltv-sachsen.de\/wp-content\/uploads\/sites\/2\/2022\/09\/IMG_20220919_164239.jpg\" \/>\n\t<meta property=\"og:image:width\" content=\"1280\" \/>\n\t<meta property=\"og:image:height\" content=\"960\" \/>\n\t<meta property=\"og:image:type\" content=\"image\/jpeg\" \/>\n<meta name=\"author\" content=\"tovar\" \/>\n<meta name=\"twitter:card\" content=\"summary_large_image\" \/>\n<meta name=\"twitter:label1\" content=\"Verfasst von\" \/>\n\t<meta name=\"twitter:data1\" content=\"tovar\" \/>\n\t<meta name=\"twitter:label2\" content=\"Gesch\u00e4tzte Lesezeit\" \/>\n\t<meta name=\"twitter:data2\" content=\"3\u00a0Minuten\" \/>\n<script type=\"application\/ld+json\" class=\"yoast-schema-graph\">{\"@context\":\"https:\/\/schema.org\",\"@graph\":[{\"@type\":\"WebPage\",\"@id\":\"https:\/\/www.ltv-sachsen.de\/wanderundpilgerakademie\/regionaler-erfahrungsaustausch-in-der-oberlausitz\/\",\"url\":\"https:\/\/www.ltv-sachsen.de\/wanderundpilgerakademie\/regionaler-erfahrungsaustausch-in-der-oberlausitz\/\",\"name\":\"Regionaler Erfahrungsaustausch in der Oberlausitz - Wander- und Pilgerakademie\",\"isPartOf\":{\"@id\":\"https:\/\/www.ltv-sachsen.de\/wanderundpilgerakademie\/#website\"},\"primaryImageOfPage\":{\"@id\":\"https:\/\/www.ltv-sachsen.de\/wanderundpilgerakademie\/regionaler-erfahrungsaustausch-in-der-oberlausitz\/#primaryimage\"},\"image\":{\"@id\":\"https:\/\/www.ltv-sachsen.de\/wanderundpilgerakademie\/regionaler-erfahrungsaustausch-in-der-oberlausitz\/#primaryimage\"},\"thumbnailUrl\":\"https:\/\/www.ltv-sachsen.de\/wp-content\/uploads\/sites\/2\/2022\/09\/IMG_20220919_164239.jpg\",\"datePublished\":\"2022-09-22T07:11:28+00:00\",\"author\":{\"@id\":\"https:\/\/www.ltv-sachsen.de\/wanderundpilgerakademie\/#\/schema\/person\/8cb7d8b92487a52a55db446aeb35bc92\"},\"breadcrumb\":{\"@id\":\"https:\/\/www.ltv-sachsen.de\/wanderundpilgerakademie\/regionaler-erfahrungsaustausch-in-der-oberlausitz\/#breadcrumb\"},\"inLanguage\":\"de\",\"potentialAction\":[{\"@type\":\"ReadAction\",\"target\":[\"https:\/\/www.ltv-sachsen.de\/wanderundpilgerakademie\/regionaler-erfahrungsaustausch-in-der-oberlausitz\/\"]}]},{\"@type\":\"ImageObject\",\"inLanguage\":\"de\",\"@id\":\"https:\/\/www.ltv-sachsen.de\/wanderundpilgerakademie\/regionaler-erfahrungsaustausch-in-der-oberlausitz\/#primaryimage\",\"url\":\"https:\/\/www.ltv-sachsen.de\/wp-content\/uploads\/sites\/2\/2022\/09\/IMG_20220919_164239.jpg\",\"contentUrl\":\"https:\/\/www.ltv-sachsen.de\/wp-content\/uploads\/sites\/2\/2022\/09\/IMG_20220919_164239.jpg\",\"width\":1280,\"height\":960},{\"@type\":\"BreadcrumbList\",\"@id\":\"https:\/\/www.ltv-sachsen.de\/wanderundpilgerakademie\/regionaler-erfahrungsaustausch-in-der-oberlausitz\/#breadcrumb\",\"itemListElement\":[{\"@type\":\"ListItem\",\"position\":1,\"name\":\"Home\",\"item\":\"https:\/\/www.ltv-sachsen.de\/wanderundpilgerakademie\/\"},{\"@type\":\"ListItem\",\"position\":2,\"name\":\"Regionaler Erfahrungsaustausch in der Oberlausitz\"}]},{\"@type\":\"WebSite\",\"@id\":\"https:\/\/www.ltv-sachsen.de\/wanderundpilgerakademie\/#website\",\"url\":\"https:\/\/www.ltv-sachsen.de\/wanderundpilgerakademie\/\",\"name\":\"Wander- und Pilgerakademie\",\"description\":\"Allgemeine Infos zur Wander- und Pilgerakademie\",\"potentialAction\":[{\"@type\":\"SearchAction\",\"target\":{\"@type\":\"EntryPoint\",\"urlTemplate\":\"https:\/\/www.ltv-sachsen.de\/wanderundpilgerakademie\/?s={search_term_string}\"},\"query-input\":{\"@type\":\"PropertyValueSpecification\",\"valueRequired\":true,\"valueName\":\"search_term_string\"}}],\"inLanguage\":\"de\"},{\"@type\":\"Person\",\"@id\":\"https:\/\/www.ltv-sachsen.de\/wanderundpilgerakademie\/#\/schema\/person\/8cb7d8b92487a52a55db446aeb35bc92\",\"name\":\"tovar\",\"image\":{\"@type\":\"ImageObject\",\"inLanguage\":\"de\",\"@id\":\"https:\/\/www.ltv-sachsen.de\/wanderundpilgerakademie\/#\/schema\/person\/image\/\",\"url\":\"https:\/\/secure.gravatar.com\/avatar\/f95970e628ba24c6b1705c520d322ed8ed3d8d96f04c6681b1233653434b6317?s=96&d=mm&r=g\",\"contentUrl\":\"https:\/\/secure.gravatar.com\/avatar\/f95970e628ba24c6b1705c520d322ed8ed3d8d96f04c6681b1233653434b6317?s=96&d=mm&r=g\",\"caption\":\"tovar\"},\"url\":\"https:\/\/www.ltv-sachsen.de\/wanderundpilgerakademie\/author\/tovar\/\"}]}<\/script>\n<!-- \/ Yoast SEO plugin. -->","yoast_head_json":{"title":"Regionaler Erfahrungsaustausch in der Oberlausitz - Wander- und Pilgerakademie","robots":{"index":"index","follow":"follow","max-snippet":"max-snippet:-1","max-image-preview":"max-image-preview:large","max-video-preview":"max-video-preview:-1"},"canonical":"https:\/\/www.ltv-sachsen.de\/wanderundpilgerakademie\/regionaler-erfahrungsaustausch-in-der-oberlausitz\/","og_locale":"de_DE","og_type":"article","og_title":"Regionaler Erfahrungsaustausch in der Oberlausitz - Wander- und Pilgerakademie","og_description":"[vc_row ppi_row_padding=&#8220;ppi_remove_padding_top&#8220; full_width=&#8220;ppi_small_row&#8220;][vc_column][vc_column_text]Am Freitag, dem 16.09.2022, trafen sich Interessierte der Bereiche Wandern, Pilgern, Wegebewirtschaftung, Kirche und Tourismus im zentralen Denkmal der barocken Zittauer Altstadt &#8211; im Salzhaus. Um mehr \u00fcber die Region zu erfahren. Sch\u00e4tze zu bestaunen. Und um sich weiter zu vernetzen. Vormittags berichtete der ehemalige Direktor der St\u00e4dtischen Museen in Zittau und Begr\u00fcnder [&hellip;]","og_url":"https:\/\/www.ltv-sachsen.de\/wanderundpilgerakademie\/regionaler-erfahrungsaustausch-in-der-oberlausitz\/","og_site_name":"Wander- und Pilgerakademie","article_published_time":"2022-09-22T07:11:28+00:00","og_image":[{"width":1280,"height":960,"url":"https:\/\/www.ltv-sachsen.de\/wp-content\/uploads\/sites\/2\/2022\/09\/IMG_20220919_164239.jpg","type":"image\/jpeg"}],"author":"tovar","twitter_card":"summary_large_image","twitter_misc":{"Verfasst von":"tovar","Gesch\u00e4tzte Lesezeit":"3\u00a0Minuten"},"schema":{"@context":"https:\/\/schema.org","@graph":[{"@type":"WebPage","@id":"https:\/\/www.ltv-sachsen.de\/wanderundpilgerakademie\/regionaler-erfahrungsaustausch-in-der-oberlausitz\/","url":"https:\/\/www.ltv-sachsen.de\/wanderundpilgerakademie\/regionaler-erfahrungsaustausch-in-der-oberlausitz\/","name":"Regionaler Erfahrungsaustausch in der Oberlausitz - Wander- und Pilgerakademie","isPartOf":{"@id":"https:\/\/www.ltv-sachsen.de\/wanderundpilgerakademie\/#website"},"primaryImageOfPage":{"@id":"https:\/\/www.ltv-sachsen.de\/wanderundpilgerakademie\/regionaler-erfahrungsaustausch-in-der-oberlausitz\/#primaryimage"},"image":{"@id":"https:\/\/www.ltv-sachsen.de\/wanderundpilgerakademie\/regionaler-erfahrungsaustausch-in-der-oberlausitz\/#primaryimage"},"thumbnailUrl":"https:\/\/www.ltv-sachsen.de\/wp-content\/uploads\/sites\/2\/2022\/09\/IMG_20220919_164239.jpg","datePublished":"2022-09-22T07:11:28+00:00","author":{"@id":"https:\/\/www.ltv-sachsen.de\/wanderundpilgerakademie\/#\/schema\/person\/8cb7d8b92487a52a55db446aeb35bc92"},"breadcrumb":{"@id":"https:\/\/www.ltv-sachsen.de\/wanderundpilgerakademie\/regionaler-erfahrungsaustausch-in-der-oberlausitz\/#breadcrumb"},"inLanguage":"de","potentialAction":[{"@type":"ReadAction","target":["https:\/\/www.ltv-sachsen.de\/wanderundpilgerakademie\/regionaler-erfahrungsaustausch-in-der-oberlausitz\/"]}]},{"@type":"ImageObject","inLanguage":"de","@id":"https:\/\/www.ltv-sachsen.de\/wanderundpilgerakademie\/regionaler-erfahrungsaustausch-in-der-oberlausitz\/#primaryimage","url":"https:\/\/www.ltv-sachsen.de\/wp-content\/uploads\/sites\/2\/2022\/09\/IMG_20220919_164239.jpg","contentUrl":"https:\/\/www.ltv-sachsen.de\/wp-content\/uploads\/sites\/2\/2022\/09\/IMG_20220919_164239.jpg","width":1280,"height":960},{"@type":"BreadcrumbList","@id":"https:\/\/www.ltv-sachsen.de\/wanderundpilgerakademie\/regionaler-erfahrungsaustausch-in-der-oberlausitz\/#breadcrumb","itemListElement":[{"@type":"ListItem","position":1,"name":"Home","item":"https:\/\/www.ltv-sachsen.de\/wanderundpilgerakademie\/"},{"@type":"ListItem","position":2,"name":"Regionaler Erfahrungsaustausch in der Oberlausitz"}]},{"@type":"WebSite","@id":"https:\/\/www.ltv-sachsen.de\/wanderundpilgerakademie\/#website","url":"https:\/\/www.ltv-sachsen.de\/wanderundpilgerakademie\/","name":"Wander- und Pilgerakademie","description":"Allgemeine Infos zur Wander- und Pilgerakademie","potentialAction":[{"@type":"SearchAction","target":{"@type":"EntryPoint","urlTemplate":"https:\/\/www.ltv-sachsen.de\/wanderundpilgerakademie\/?s={search_term_string}"},"query-input":{"@type":"PropertyValueSpecification","valueRequired":true,"valueName":"search_term_string"}}],"inLanguage":"de"},{"@type":"Person","@id":"https:\/\/www.ltv-sachsen.de\/wanderundpilgerakademie\/#\/schema\/person\/8cb7d8b92487a52a55db446aeb35bc92","name":"tovar","image":{"@type":"ImageObject","inLanguage":"de","@id":"https:\/\/www.ltv-sachsen.de\/wanderundpilgerakademie\/#\/schema\/person\/image\/","url":"https:\/\/secure.gravatar.com\/avatar\/f95970e628ba24c6b1705c520d322ed8ed3d8d96f04c6681b1233653434b6317?s=96&d=mm&r=g","contentUrl":"https:\/\/secure.gravatar.com\/avatar\/f95970e628ba24c6b1705c520d322ed8ed3d8d96f04c6681b1233653434b6317?s=96&d=mm&r=g","caption":"tovar"},"url":"https:\/\/www.ltv-sachsen.de\/wanderundpilgerakademie\/author\/tovar\/"}]}},"_links":{"self":[{"href":"https:\/\/www.ltv-sachsen.de\/wanderundpilgerakademie\/wp-json\/wp\/v2\/posts\/461","targetHints":{"allow":["GET"]}}],"collection":[{"href":"https:\/\/www.ltv-sachsen.de\/wanderundpilgerakademie\/wp-json\/wp\/v2\/posts"}],"about":[{"href":"https:\/\/www.ltv-sachsen.de\/wanderundpilgerakademie\/wp-json\/wp\/v2\/types\/post"}],"author":[{"embeddable":true,"href":"https:\/\/www.ltv-sachsen.de\/wanderundpilgerakademie\/wp-json\/wp\/v2\/users\/3"}],"replies":[{"embeddable":true,"href":"https:\/\/www.ltv-sachsen.de\/wanderundpilgerakademie\/wp-json\/wp\/v2\/comments?post=461"}],"version-history":[{"count":3,"href":"https:\/\/www.ltv-sachsen.de\/wanderundpilgerakademie\/wp-json\/wp\/v2\/posts\/461\/revisions"}],"predecessor-version":[{"id":466,"href":"https:\/\/www.ltv-sachsen.de\/wanderundpilgerakademie\/wp-json\/wp\/v2\/posts\/461\/revisions\/466"}],"wp:featuredmedia":[{"embeddable":true,"href":"https:\/\/www.ltv-sachsen.de\/wanderundpilgerakademie\/wp-json\/wp\/v2\/media\/462"}],"wp:attachment":[{"href":"https:\/\/www.ltv-sachsen.de\/wanderundpilgerakademie\/wp-json\/wp\/v2\/media?parent=461"}],"wp:term":[{"taxonomy":"category","embeddable":true,"href":"https:\/\/www.ltv-sachsen.de\/wanderundpilgerakademie\/wp-json\/wp\/v2\/categories?post=461"},{"taxonomy":"post_tag","embeddable":true,"href":"https:\/\/www.ltv-sachsen.de\/wanderundpilgerakademie\/wp-json\/wp\/v2\/tags?post=461"}],"curies":[{"name":"wp","href":"https:\/\/api.w.org\/{rel}","templated":true}]}}