{"id":449,"date":"2022-08-10T17:19:47","date_gmt":"2022-08-10T15:19:47","guid":{"rendered":"https:\/\/www.ltv-sachsen.de\/wanderundpilgerakademie\/vertreterinnen-aus-sachsen-staerken-vorstand-des-deutschen-wanderverbandes\/"},"modified":"2022-08-15T15:48:10","modified_gmt":"2022-08-15T13:48:10","slug":"vertreterinnen-aus-sachsen-staerken-vorstand-des-deutschen-wanderverbandes","status":"publish","type":"post","link":"https:\/\/www.ltv-sachsen.de\/wanderundpilgerakademie\/vertreterinnen-aus-sachsen-staerken-vorstand-des-deutschen-wanderverbandes\/","title":{"rendered":"Vertreterinnen aus Sachsen st\u00e4rken Vorstand des Deutschen Wanderverbandes"},"content":{"rendered":"<div class=\"wpb-content-wrapper\"><p>[vc_row full_width=&#8220;ppi_small_row&#8220;][vc_column][vc_column_text]Vergangenes Wochenende fand der <strong>121. Deutsche Wandertag <\/strong>in Fellbach, Baden-W\u00fcrttemberg statt. Im Fokus standen u.a. die Themen Klimawandel und Klimaanpassung<strong>.\u00a0<\/strong> Der Deutsche Wandertag gilt als Europas gr\u00f6\u00dftes Treffen rund um und f\u00fcr das Wandern. W\u00e4hrend der Veranstaltung gibt es einerseits Wanderungen, F\u00fchrungen und Vortr\u00e4ge, andererseits finden hier Fachtagungen und Workshops, Schulwander-Wettbewerbe und die Jahreshauptversammlung des Deutschen Wanderverbands e.V. (DWV) statt.<\/p>\n<p>W\u00e4hrend dieser wurde der DWV-Vorstand neu gew\u00e4hlt. Bis zum Jahr 2026 wird der wiedergew\u00e4hlte DWV-Pr\u00e4sident Rauchfu\u00df von einem starken Pr\u00e4sidium unterst\u00fctzt. Es besteht aus den DWV-Vizepr\u00e4sidenten Werner Mohr und Thomas Gemke sowie DWV-Vizepr\u00e4sidentin Heidrun Hiemer aus Sachsen, die im Amt best\u00e4tigt wurde, sowie Schatzmeisterin Ellen Kitter. Dar\u00fcber hinaus bereichert mit Kathrin Hager, Pr\u00e4sidentin des Verbandes Vogtl\u00e4ndischer Gebirgs- und Wandervereine e.V., eine weitere engagierte Kollegin aus Sachsen den Vorstand des Deutschen Wanderverbandes. <strong>Wir gratulieren Heidrun Hiemer und Kathrin Hager zur Wahl!\u00a0<\/strong><\/p>\n<p><a href=\"https:\/\/www.wanderverband.de\/presse\/pressemeldungen\/herausforderung-klimawandel\" target=\"_blank\" rel=\"noopener\">Link zur offiziellen Pressemitteilung des DWV\u00a0<\/a>[\/vc_column_text][\/vc_column][\/vc_row]<\/p>\n<\/div>","protected":false},"excerpt":{"rendered":"<p>[vc_row full_width=&#8220;ppi_small_row&#8220;][vc_column][vc_column_text]Vergangenes Wochenende fand der 121. Deutsche Wandertag in Fellbach, Baden-W\u00fcrttemberg statt. Im Fokus standen u.a. die Themen Klimawandel und Klimaanpassung.\u00a0 Der Deutsche Wandertag gilt als Europas gr\u00f6\u00dftes Treffen rund um und f\u00fcr das Wandern. W\u00e4hrend der Veranstaltung gibt es einerseits Wanderungen, F\u00fchrungen und Vortr\u00e4ge, andererseits finden hier Fachtagungen und Workshops, Schulwander-Wettbewerbe und die Jahreshauptversammlung [&hellip;]<\/p>\n","protected":false},"author":11,"featured_media":451,"comment_status":"open","ping_status":"open","sticky":false,"template":"","format":"standard","meta":{"_acf_changed":false,"inline_featured_image":false,"footnotes":""},"categories":[35],"tags":[],"class_list":["post-449","post","type-post","status-publish","format-standard","has-post-thumbnail","hentry","category-tourismusnetzwerk"],"acf":[],"yoast_head":"<!-- This site is optimized with the Yoast SEO plugin v26.4 - https:\/\/yoast.com\/wordpress\/plugins\/seo\/ -->\n<title>Vertreterinnen aus Sachsen st\u00e4rken Vorstand des Deutschen Wanderverbandes - Wander- und Pilgerakademie<\/title>\n<meta name=\"robots\" content=\"index, follow, max-snippet:-1, max-image-preview:large, max-video-preview:-1\" \/>\n<link rel=\"canonical\" href=\"https:\/\/www.ltv-sachsen.de\/wanderundpilgerakademie\/vertreterinnen-aus-sachsen-staerken-vorstand-des-deutschen-wanderverbandes\/\" \/>\n<meta property=\"og:locale\" content=\"de_DE\" \/>\n<meta property=\"og:type\" content=\"article\" \/>\n<meta property=\"og:title\" content=\"Vertreterinnen aus Sachsen st\u00e4rken Vorstand des Deutschen Wanderverbandes - Wander- und Pilgerakademie\" \/>\n<meta property=\"og:description\" content=\"[vc_row full_width=&#8220;ppi_small_row&#8220;][vc_column][vc_column_text]Vergangenes Wochenende fand der 121. Deutsche Wandertag in Fellbach, Baden-W\u00fcrttemberg statt. Im Fokus standen u.a. die Themen Klimawandel und Klimaanpassung.\u00a0 Der Deutsche Wandertag gilt als Europas gr\u00f6\u00dftes Treffen rund um und f\u00fcr das Wandern. W\u00e4hrend der Veranstaltung gibt es einerseits Wanderungen, F\u00fchrungen und Vortr\u00e4ge, andererseits finden hier Fachtagungen und Workshops, Schulwander-Wettbewerbe und die Jahreshauptversammlung [&hellip;]\" \/>\n<meta property=\"og:url\" content=\"https:\/\/www.ltv-sachsen.de\/wanderundpilgerakademie\/vertreterinnen-aus-sachsen-staerken-vorstand-des-deutschen-wanderverbandes\/\" \/>\n<meta property=\"og:site_name\" content=\"Wander- und Pilgerakademie\" \/>\n<meta property=\"article:published_time\" content=\"2022-08-10T15:19:47+00:00\" \/>\n<meta property=\"article:modified_time\" content=\"2022-08-15T13:48:10+00:00\" \/>\n<meta property=\"og:image\" content=\"https:\/\/www.ltv-sachsen.de\/wp-content\/uploads\/sites\/2\/2022\/08\/ADSC_5907.jpg\" \/>\n\t<meta property=\"og:image:width\" content=\"1984\" \/>\n\t<meta property=\"og:image:height\" content=\"1057\" \/>\n\t<meta property=\"og:image:type\" content=\"image\/jpeg\" \/>\n<meta name=\"author\" content=\"braungardt\" \/>\n<meta name=\"twitter:card\" content=\"summary_large_image\" \/>\n<meta name=\"twitter:label1\" content=\"Verfasst von\" \/>\n\t<meta name=\"twitter:data1\" content=\"braungardt\" \/>\n\t<meta name=\"twitter:label2\" content=\"Gesch\u00e4tzte Lesezeit\" \/>\n\t<meta name=\"twitter:data2\" content=\"1\u00a0Minute\" \/>\n<script type=\"application\/ld+json\" class=\"yoast-schema-graph\">{\"@context\":\"https:\/\/schema.org\",\"@graph\":[{\"@type\":\"WebPage\",\"@id\":\"https:\/\/www.ltv-sachsen.de\/wanderundpilgerakademie\/vertreterinnen-aus-sachsen-staerken-vorstand-des-deutschen-wanderverbandes\/\",\"url\":\"https:\/\/www.ltv-sachsen.de\/wanderundpilgerakademie\/vertreterinnen-aus-sachsen-staerken-vorstand-des-deutschen-wanderverbandes\/\",\"name\":\"Vertreterinnen aus Sachsen st\u00e4rken Vorstand des Deutschen Wanderverbandes - Wander- und Pilgerakademie\",\"isPartOf\":{\"@id\":\"https:\/\/www.ltv-sachsen.de\/wanderundpilgerakademie\/#website\"},\"primaryImageOfPage\":{\"@id\":\"https:\/\/www.ltv-sachsen.de\/wanderundpilgerakademie\/vertreterinnen-aus-sachsen-staerken-vorstand-des-deutschen-wanderverbandes\/#primaryimage\"},\"image\":{\"@id\":\"https:\/\/www.ltv-sachsen.de\/wanderundpilgerakademie\/vertreterinnen-aus-sachsen-staerken-vorstand-des-deutschen-wanderverbandes\/#primaryimage\"},\"thumbnailUrl\":\"https:\/\/www.ltv-sachsen.de\/wp-content\/uploads\/sites\/2\/2022\/08\/ADSC_5907.jpg\",\"datePublished\":\"2022-08-10T15:19:47+00:00\",\"dateModified\":\"2022-08-15T13:48:10+00:00\",\"author\":{\"@id\":\"https:\/\/www.ltv-sachsen.de\/wanderundpilgerakademie\/#\/schema\/person\/5d73c24cf4413d92a5e873fd60fc2e77\"},\"breadcrumb\":{\"@id\":\"https:\/\/www.ltv-sachsen.de\/wanderundpilgerakademie\/vertreterinnen-aus-sachsen-staerken-vorstand-des-deutschen-wanderverbandes\/#breadcrumb\"},\"inLanguage\":\"de\",\"potentialAction\":[{\"@type\":\"ReadAction\",\"target\":[\"https:\/\/www.ltv-sachsen.de\/wanderundpilgerakademie\/vertreterinnen-aus-sachsen-staerken-vorstand-des-deutschen-wanderverbandes\/\"]}]},{\"@type\":\"ImageObject\",\"inLanguage\":\"de\",\"@id\":\"https:\/\/www.ltv-sachsen.de\/wanderundpilgerakademie\/vertreterinnen-aus-sachsen-staerken-vorstand-des-deutschen-wanderverbandes\/#primaryimage\",\"url\":\"https:\/\/www.ltv-sachsen.de\/wp-content\/uploads\/sites\/2\/2022\/08\/ADSC_5907.jpg\",\"contentUrl\":\"https:\/\/www.ltv-sachsen.de\/wp-content\/uploads\/sites\/2\/2022\/08\/ADSC_5907.jpg\",\"width\":1984,\"height\":1057,\"caption\":\"(c) DWV, Jens Kuhr\"},{\"@type\":\"BreadcrumbList\",\"@id\":\"https:\/\/www.ltv-sachsen.de\/wanderundpilgerakademie\/vertreterinnen-aus-sachsen-staerken-vorstand-des-deutschen-wanderverbandes\/#breadcrumb\",\"itemListElement\":[{\"@type\":\"ListItem\",\"position\":1,\"name\":\"Home\",\"item\":\"https:\/\/www.ltv-sachsen.de\/wanderundpilgerakademie\/\"},{\"@type\":\"ListItem\",\"position\":2,\"name\":\"Vertreterinnen aus Sachsen st\u00e4rken Vorstand des Deutschen Wanderverbandes\"}]},{\"@type\":\"WebSite\",\"@id\":\"https:\/\/www.ltv-sachsen.de\/wanderundpilgerakademie\/#website\",\"url\":\"https:\/\/www.ltv-sachsen.de\/wanderundpilgerakademie\/\",\"name\":\"Wander- und Pilgerakademie\",\"description\":\"Allgemeine Infos zur Wander- und Pilgerakademie\",\"potentialAction\":[{\"@type\":\"SearchAction\",\"target\":{\"@type\":\"EntryPoint\",\"urlTemplate\":\"https:\/\/www.ltv-sachsen.de\/wanderundpilgerakademie\/?s={search_term_string}\"},\"query-input\":{\"@type\":\"PropertyValueSpecification\",\"valueRequired\":true,\"valueName\":\"search_term_string\"}}],\"inLanguage\":\"de\"},{\"@type\":\"Person\",\"@id\":\"https:\/\/www.ltv-sachsen.de\/wanderundpilgerakademie\/#\/schema\/person\/5d73c24cf4413d92a5e873fd60fc2e77\",\"name\":\"braungardt\",\"image\":{\"@type\":\"ImageObject\",\"inLanguage\":\"de\",\"@id\":\"https:\/\/www.ltv-sachsen.de\/wanderundpilgerakademie\/#\/schema\/person\/image\/\",\"url\":\"https:\/\/secure.gravatar.com\/avatar\/2b1430c38d9600930625790e378a68739c5b6ac63fc2b684496cb1ee4af0c39c?s=96&d=mm&r=g\",\"contentUrl\":\"https:\/\/secure.gravatar.com\/avatar\/2b1430c38d9600930625790e378a68739c5b6ac63fc2b684496cb1ee4af0c39c?s=96&d=mm&r=g\",\"caption\":\"braungardt\"},\"url\":\"https:\/\/www.ltv-sachsen.de\/wanderundpilgerakademie\/author\/braungardt\/\"}]}<\/script>\n<!-- \/ Yoast SEO plugin. -->","yoast_head_json":{"title":"Vertreterinnen aus Sachsen st\u00e4rken Vorstand des Deutschen Wanderverbandes - Wander- und Pilgerakademie","robots":{"index":"index","follow":"follow","max-snippet":"max-snippet:-1","max-image-preview":"max-image-preview:large","max-video-preview":"max-video-preview:-1"},"canonical":"https:\/\/www.ltv-sachsen.de\/wanderundpilgerakademie\/vertreterinnen-aus-sachsen-staerken-vorstand-des-deutschen-wanderverbandes\/","og_locale":"de_DE","og_type":"article","og_title":"Vertreterinnen aus Sachsen st\u00e4rken Vorstand des Deutschen Wanderverbandes - Wander- und Pilgerakademie","og_description":"[vc_row full_width=&#8220;ppi_small_row&#8220;][vc_column][vc_column_text]Vergangenes Wochenende fand der 121. Deutsche Wandertag in Fellbach, Baden-W\u00fcrttemberg statt. Im Fokus standen u.a. die Themen Klimawandel und Klimaanpassung.\u00a0 Der Deutsche Wandertag gilt als Europas gr\u00f6\u00dftes Treffen rund um und f\u00fcr das Wandern. W\u00e4hrend der Veranstaltung gibt es einerseits Wanderungen, F\u00fchrungen und Vortr\u00e4ge, andererseits finden hier Fachtagungen und Workshops, Schulwander-Wettbewerbe und die Jahreshauptversammlung [&hellip;]","og_url":"https:\/\/www.ltv-sachsen.de\/wanderundpilgerakademie\/vertreterinnen-aus-sachsen-staerken-vorstand-des-deutschen-wanderverbandes\/","og_site_name":"Wander- und Pilgerakademie","article_published_time":"2022-08-10T15:19:47+00:00","article_modified_time":"2022-08-15T13:48:10+00:00","og_image":[{"width":1984,"height":1057,"url":"https:\/\/www.ltv-sachsen.de\/wp-content\/uploads\/sites\/2\/2022\/08\/ADSC_5907.jpg","type":"image\/jpeg"}],"author":"braungardt","twitter_card":"summary_large_image","twitter_misc":{"Verfasst von":"braungardt","Gesch\u00e4tzte Lesezeit":"1\u00a0Minute"},"schema":{"@context":"https:\/\/schema.org","@graph":[{"@type":"WebPage","@id":"https:\/\/www.ltv-sachsen.de\/wanderundpilgerakademie\/vertreterinnen-aus-sachsen-staerken-vorstand-des-deutschen-wanderverbandes\/","url":"https:\/\/www.ltv-sachsen.de\/wanderundpilgerakademie\/vertreterinnen-aus-sachsen-staerken-vorstand-des-deutschen-wanderverbandes\/","name":"Vertreterinnen aus Sachsen st\u00e4rken Vorstand des Deutschen Wanderverbandes - Wander- und Pilgerakademie","isPartOf":{"@id":"https:\/\/www.ltv-sachsen.de\/wanderundpilgerakademie\/#website"},"primaryImageOfPage":{"@id":"https:\/\/www.ltv-sachsen.de\/wanderundpilgerakademie\/vertreterinnen-aus-sachsen-staerken-vorstand-des-deutschen-wanderverbandes\/#primaryimage"},"image":{"@id":"https:\/\/www.ltv-sachsen.de\/wanderundpilgerakademie\/vertreterinnen-aus-sachsen-staerken-vorstand-des-deutschen-wanderverbandes\/#primaryimage"},"thumbnailUrl":"https:\/\/www.ltv-sachsen.de\/wp-content\/uploads\/sites\/2\/2022\/08\/ADSC_5907.jpg","datePublished":"2022-08-10T15:19:47+00:00","dateModified":"2022-08-15T13:48:10+00:00","author":{"@id":"https:\/\/www.ltv-sachsen.de\/wanderundpilgerakademie\/#\/schema\/person\/5d73c24cf4413d92a5e873fd60fc2e77"},"breadcrumb":{"@id":"https:\/\/www.ltv-sachsen.de\/wanderundpilgerakademie\/vertreterinnen-aus-sachsen-staerken-vorstand-des-deutschen-wanderverbandes\/#breadcrumb"},"inLanguage":"de","potentialAction":[{"@type":"ReadAction","target":["https:\/\/www.ltv-sachsen.de\/wanderundpilgerakademie\/vertreterinnen-aus-sachsen-staerken-vorstand-des-deutschen-wanderverbandes\/"]}]},{"@type":"ImageObject","inLanguage":"de","@id":"https:\/\/www.ltv-sachsen.de\/wanderundpilgerakademie\/vertreterinnen-aus-sachsen-staerken-vorstand-des-deutschen-wanderverbandes\/#primaryimage","url":"https:\/\/www.ltv-sachsen.de\/wp-content\/uploads\/sites\/2\/2022\/08\/ADSC_5907.jpg","contentUrl":"https:\/\/www.ltv-sachsen.de\/wp-content\/uploads\/sites\/2\/2022\/08\/ADSC_5907.jpg","width":1984,"height":1057,"caption":"(c) DWV, Jens Kuhr"},{"@type":"BreadcrumbList","@id":"https:\/\/www.ltv-sachsen.de\/wanderundpilgerakademie\/vertreterinnen-aus-sachsen-staerken-vorstand-des-deutschen-wanderverbandes\/#breadcrumb","itemListElement":[{"@type":"ListItem","position":1,"name":"Home","item":"https:\/\/www.ltv-sachsen.de\/wanderundpilgerakademie\/"},{"@type":"ListItem","position":2,"name":"Vertreterinnen aus Sachsen st\u00e4rken Vorstand des Deutschen Wanderverbandes"}]},{"@type":"WebSite","@id":"https:\/\/www.ltv-sachsen.de\/wanderundpilgerakademie\/#website","url":"https:\/\/www.ltv-sachsen.de\/wanderundpilgerakademie\/","name":"Wander- und Pilgerakademie","description":"Allgemeine Infos zur Wander- und Pilgerakademie","potentialAction":[{"@type":"SearchAction","target":{"@type":"EntryPoint","urlTemplate":"https:\/\/www.ltv-sachsen.de\/wanderundpilgerakademie\/?s={search_term_string}"},"query-input":{"@type":"PropertyValueSpecification","valueRequired":true,"valueName":"search_term_string"}}],"inLanguage":"de"},{"@type":"Person","@id":"https:\/\/www.ltv-sachsen.de\/wanderundpilgerakademie\/#\/schema\/person\/5d73c24cf4413d92a5e873fd60fc2e77","name":"braungardt","image":{"@type":"ImageObject","inLanguage":"de","@id":"https:\/\/www.ltv-sachsen.de\/wanderundpilgerakademie\/#\/schema\/person\/image\/","url":"https:\/\/secure.gravatar.com\/avatar\/2b1430c38d9600930625790e378a68739c5b6ac63fc2b684496cb1ee4af0c39c?s=96&d=mm&r=g","contentUrl":"https:\/\/secure.gravatar.com\/avatar\/2b1430c38d9600930625790e378a68739c5b6ac63fc2b684496cb1ee4af0c39c?s=96&d=mm&r=g","caption":"braungardt"},"url":"https:\/\/www.ltv-sachsen.de\/wanderundpilgerakademie\/author\/braungardt\/"}]}},"_links":{"self":[{"href":"https:\/\/www.ltv-sachsen.de\/wanderundpilgerakademie\/wp-json\/wp\/v2\/posts\/449","targetHints":{"allow":["GET"]}}],"collection":[{"href":"https:\/\/www.ltv-sachsen.de\/wanderundpilgerakademie\/wp-json\/wp\/v2\/posts"}],"about":[{"href":"https:\/\/www.ltv-sachsen.de\/wanderundpilgerakademie\/wp-json\/wp\/v2\/types\/post"}],"author":[{"embeddable":true,"href":"https:\/\/www.ltv-sachsen.de\/wanderundpilgerakademie\/wp-json\/wp\/v2\/users\/11"}],"replies":[{"embeddable":true,"href":"https:\/\/www.ltv-sachsen.de\/wanderundpilgerakademie\/wp-json\/wp\/v2\/comments?post=449"}],"version-history":[{"count":2,"href":"https:\/\/www.ltv-sachsen.de\/wanderundpilgerakademie\/wp-json\/wp\/v2\/posts\/449\/revisions"}],"predecessor-version":[{"id":453,"href":"https:\/\/www.ltv-sachsen.de\/wanderundpilgerakademie\/wp-json\/wp\/v2\/posts\/449\/revisions\/453"}],"wp:featuredmedia":[{"embeddable":true,"href":"https:\/\/www.ltv-sachsen.de\/wanderundpilgerakademie\/wp-json\/wp\/v2\/media\/451"}],"wp:attachment":[{"href":"https:\/\/www.ltv-sachsen.de\/wanderundpilgerakademie\/wp-json\/wp\/v2\/media?parent=449"}],"wp:term":[{"taxonomy":"category","embeddable":true,"href":"https:\/\/www.ltv-sachsen.de\/wanderundpilgerakademie\/wp-json\/wp\/v2\/categories?post=449"},{"taxonomy":"post_tag","embeddable":true,"href":"https:\/\/www.ltv-sachsen.de\/wanderundpilgerakademie\/wp-json\/wp\/v2\/tags?post=449"}],"curies":[{"name":"wp","href":"https:\/\/api.w.org\/{rel}","templated":true}]}}