{"id":442,"date":"2022-07-18T14:44:42","date_gmt":"2022-07-18T12:44:42","guid":{"rendered":"https:\/\/www.ltv-sachsen.de\/wanderundpilgerakademie\/?p=442"},"modified":"2022-07-25T14:49:29","modified_gmt":"2022-07-25T12:49:29","slug":"die-wander-und-pilgerakademie-bildet-pilgerbegleiter-und-pilgerbegleiterinnen-in-sachsen-aus","status":"publish","type":"post","link":"https:\/\/www.ltv-sachsen.de\/wanderundpilgerakademie\/die-wander-und-pilgerakademie-bildet-pilgerbegleiter-und-pilgerbegleiterinnen-in-sachsen-aus\/","title":{"rendered":"Die Wander- und Pilgerakademie bildet Pilgerbegleiter und Pilgerbegleiterinnen in Sachsen aus"},"content":{"rendered":"<div class=\"wpb-content-wrapper\"><p>[vc_row full_width=&#8220;ppi_small_row&#8220;][vc_column][vc_column_text]Die Wander- und Pilgerakademie Sachsen bietet u.a. Qualifizierungsmodule zum Wanderf\u00fchrer\/zur Wanderf\u00fchrerin, zum Wegewart\/zur Wegewartin sowie zum Pilgerbegleiter\/zur Pilgerbegleiterin an. Letzteres hatten wir in den vergangenen Tagen besonders im Blick. Dabei ist uns bewusst, dass die Pilgerwege allen Menschen offen stehen, aber gern schlie\u00dfen sich die Menschen auch einer organisierten Pilgergruppe an. Durch Pilgerbegleiter und Pilgerbegleiterinnen werden diese Gruppen sehr verantwortungsbewusst und mit spirituellen sowie biografischen Impulsen auf ihrem Weg begleitet.<\/p>\n<p>Am vergangenen Sonntag, am 17.07.2022, konnten die ersten Pilgerbegleiter\/innen nach der erfolgreichen Absolvierung der Ausbildung in 3 Modulen ihr Zertifikat in ihren H\u00e4nden halten. Insgesamt 12 Tage (in drei Modulen) habe sich die Teilnehmer\/ innen im Bildungsgut in Schmochtitz, am \u00d6kumenischen Pilgerweg (Via Regia), getroffen. W\u00e4hrend der Module wurde ihnen das \u201eHandwerkszeug\u201c vermittelt, um in den kommenden Jahren Pilgerwanderungen vorzubereiten und diese mit kleineren und gr\u00f6\u00dferen Gruppen praktisch umzusetzen. Ausgehend vom Selbstverst\u00e4ndnis und den Aufgaben eines Pilgerbegleiters\/ einer Pilgerbegleiterin wurde u.a. die Theologie und die Geschichte des Pilgerns dargestellt. Sehr umfassend wurde sich mit der Erstellung und der Durchf\u00fchrung von geistlichen sowie biografischen Impulsen besch\u00e4ftigt. Dazu kam eine Einf\u00fchrung in die Kirchenraump\u00e4dagogik, Fragen der Ersten Hilfe sowie rechtliche Fragen beim Pilgern sowie seelsorgerliche Aspekte des Pilgerns und einiges mehr. Dazu gab es zwei praktische Kernst\u00fccke: Das war zum einen die Vorbereitung und die Durchf\u00fchrung einer Pilgerwanderung, die von den Teilnehmern\/innen in Kleingruppen selbst vorbereitet werden musste. Zum anderen musste jeder eine Pilgerwanderung\/ ein Pilgerangebot selbst\u00e4ndig erarbeiten. Dazu geh\u00f6rte die Erstellung der Ausschreibung, die inhaltliche Beschreibung mindestens eines Tage und die Beschreibung eines geistlichen Impulses. Die kompletten Ausschreibungen wurden dann in zwei Kleingruppen reflektiert und konstruktiv diskutiert.<\/p>\n<p>Am gestrigen Sonntag waren alle Themeneinheiten abgeschlossen und wir trafen uns mit den Besuchern des Bildungsgutes Schmochtitz in der dortigen Kirche zum Gottesdienst. Im Verlauf des Gottesdienstes wurde schon auf unsere Anwesenheit hingewiesen und nach der der Predigt konnten die Zertifikate feierlich \u00fcberreicht werden.<\/p>\n<p>Am Tag zuvor gab es weitere interessante Begegnungen: zum einen mit Frau Lisa Willenberg, einer Mitarbeiterin der Destination Oberlausitz-Niederschlesien, am Vormittag sowie mit dem Superintendenten des Kirchenbezirkes Bautzen, Tilman Popp, am Abend. Beide konnten ihre Sicht zur Zusammenarbeit von Kirche und Tourismus darstellen. Gemeinsam kamen wir ins Gespr\u00e4ch, in welcher Weise sich die Pilgerbegleiter\/innen in Zukunft einbringen k\u00f6nnen, um das Zusammenspiel von \u201eKirche im Tourismus\u201c noch farbenfroher zu gestalten oder anders gesagt, um den Tourismus aber auch die kirchlichen Strukturen voranzubringen bzw. mit Leben zu f\u00fcllen. Im Blick blieb dabei immer der Gesamtbereich von \u201eWandern, Pilgern, Kirche und Tourismus\u201c.<\/p>\n<p>Mit den Zertifikaten sowie ganz vielen positiven Erlebnissen und Erfahrungen in ihrem \u201eRucksack\u201c begaben sich die Teilnehmer\/innen nach dem Mittagessen und einer letzten gemeinsamen Runde wieder auf den Weg in ihre Heimatorte. Motiviert werden sie jetzt daran gehen, neue Ideen zum Pilgern in der Region zu entwickeln und diese zu planen, anzubieten und durchzuf\u00fchren.[\/vc_column_text][\/vc_column][\/vc_row]<\/p>\n<\/div>","protected":false},"excerpt":{"rendered":"<p>[vc_row full_width=&#8220;ppi_small_row&#8220;][vc_column][vc_column_text]Die Wander- und Pilgerakademie Sachsen bietet u.a. Qualifizierungsmodule zum Wanderf\u00fchrer\/zur Wanderf\u00fchrerin, zum Wegewart\/zur Wegewartin sowie zum Pilgerbegleiter\/zur Pilgerbegleiterin an. Letzteres hatten wir in den vergangenen Tagen besonders im Blick. Dabei ist uns bewusst, dass die Pilgerwege allen Menschen offen stehen, aber gern schlie\u00dfen sich die Menschen auch einer organisierten Pilgergruppe an. Durch Pilgerbegleiter und [&hellip;]<\/p>\n","protected":false},"author":3,"featured_media":443,"comment_status":"open","ping_status":"open","sticky":false,"template":"","format":"standard","meta":{"_acf_changed":false,"inline_featured_image":false,"footnotes":""},"categories":[1],"tags":[],"class_list":["post-442","post","type-post","status-publish","format-standard","has-post-thumbnail","hentry","category-unkategorisiert"],"acf":[],"yoast_head":"<!-- This site is optimized with the Yoast SEO plugin v26.4 - https:\/\/yoast.com\/wordpress\/plugins\/seo\/ -->\n<title>Die Wander- und Pilgerakademie bildet Pilgerbegleiter und Pilgerbegleiterinnen in Sachsen aus - Wander- und Pilgerakademie<\/title>\n<meta name=\"robots\" content=\"index, follow, max-snippet:-1, max-image-preview:large, max-video-preview:-1\" \/>\n<link rel=\"canonical\" href=\"https:\/\/www.ltv-sachsen.de\/wanderundpilgerakademie\/die-wander-und-pilgerakademie-bildet-pilgerbegleiter-und-pilgerbegleiterinnen-in-sachsen-aus\/\" \/>\n<meta property=\"og:locale\" content=\"de_DE\" \/>\n<meta property=\"og:type\" content=\"article\" \/>\n<meta property=\"og:title\" content=\"Die Wander- und Pilgerakademie bildet Pilgerbegleiter und Pilgerbegleiterinnen in Sachsen aus - Wander- und Pilgerakademie\" \/>\n<meta property=\"og:description\" content=\"[vc_row full_width=&#8220;ppi_small_row&#8220;][vc_column][vc_column_text]Die Wander- und Pilgerakademie Sachsen bietet u.a. Qualifizierungsmodule zum Wanderf\u00fchrer\/zur Wanderf\u00fchrerin, zum Wegewart\/zur Wegewartin sowie zum Pilgerbegleiter\/zur Pilgerbegleiterin an. Letzteres hatten wir in den vergangenen Tagen besonders im Blick. Dabei ist uns bewusst, dass die Pilgerwege allen Menschen offen stehen, aber gern schlie\u00dfen sich die Menschen auch einer organisierten Pilgergruppe an. Durch Pilgerbegleiter und [&hellip;]\" \/>\n<meta property=\"og:url\" content=\"https:\/\/www.ltv-sachsen.de\/wanderundpilgerakademie\/die-wander-und-pilgerakademie-bildet-pilgerbegleiter-und-pilgerbegleiterinnen-in-sachsen-aus\/\" \/>\n<meta property=\"og:site_name\" content=\"Wander- und Pilgerakademie\" \/>\n<meta property=\"article:published_time\" content=\"2022-07-18T12:44:42+00:00\" \/>\n<meta property=\"article:modified_time\" content=\"2022-07-25T12:49:29+00:00\" \/>\n<meta property=\"og:image\" content=\"https:\/\/www.ltv-sachsen.de\/wp-content\/uploads\/sites\/2\/2022\/07\/IMG_9473.jpg\" \/>\n\t<meta property=\"og:image:width\" content=\"1500\" \/>\n\t<meta property=\"og:image:height\" content=\"1125\" \/>\n\t<meta property=\"og:image:type\" content=\"image\/jpeg\" \/>\n<meta name=\"author\" content=\"tovar\" \/>\n<meta name=\"twitter:card\" content=\"summary_large_image\" \/>\n<meta name=\"twitter:label1\" content=\"Verfasst von\" \/>\n\t<meta name=\"twitter:data1\" content=\"tovar\" \/>\n\t<meta name=\"twitter:label2\" content=\"Gesch\u00e4tzte Lesezeit\" \/>\n\t<meta name=\"twitter:data2\" content=\"3\u00a0Minuten\" \/>\n<script type=\"application\/ld+json\" class=\"yoast-schema-graph\">{\"@context\":\"https:\/\/schema.org\",\"@graph\":[{\"@type\":\"WebPage\",\"@id\":\"https:\/\/www.ltv-sachsen.de\/wanderundpilgerakademie\/die-wander-und-pilgerakademie-bildet-pilgerbegleiter-und-pilgerbegleiterinnen-in-sachsen-aus\/\",\"url\":\"https:\/\/www.ltv-sachsen.de\/wanderundpilgerakademie\/die-wander-und-pilgerakademie-bildet-pilgerbegleiter-und-pilgerbegleiterinnen-in-sachsen-aus\/\",\"name\":\"Die Wander- und Pilgerakademie bildet Pilgerbegleiter und Pilgerbegleiterinnen in Sachsen aus - Wander- und Pilgerakademie\",\"isPartOf\":{\"@id\":\"https:\/\/www.ltv-sachsen.de\/wanderundpilgerakademie\/#website\"},\"primaryImageOfPage\":{\"@id\":\"https:\/\/www.ltv-sachsen.de\/wanderundpilgerakademie\/die-wander-und-pilgerakademie-bildet-pilgerbegleiter-und-pilgerbegleiterinnen-in-sachsen-aus\/#primaryimage\"},\"image\":{\"@id\":\"https:\/\/www.ltv-sachsen.de\/wanderundpilgerakademie\/die-wander-und-pilgerakademie-bildet-pilgerbegleiter-und-pilgerbegleiterinnen-in-sachsen-aus\/#primaryimage\"},\"thumbnailUrl\":\"https:\/\/www.ltv-sachsen.de\/wp-content\/uploads\/sites\/2\/2022\/07\/IMG_9473.jpg\",\"datePublished\":\"2022-07-18T12:44:42+00:00\",\"dateModified\":\"2022-07-25T12:49:29+00:00\",\"author\":{\"@id\":\"https:\/\/www.ltv-sachsen.de\/wanderundpilgerakademie\/#\/schema\/person\/8cb7d8b92487a52a55db446aeb35bc92\"},\"breadcrumb\":{\"@id\":\"https:\/\/www.ltv-sachsen.de\/wanderundpilgerakademie\/die-wander-und-pilgerakademie-bildet-pilgerbegleiter-und-pilgerbegleiterinnen-in-sachsen-aus\/#breadcrumb\"},\"inLanguage\":\"de\",\"potentialAction\":[{\"@type\":\"ReadAction\",\"target\":[\"https:\/\/www.ltv-sachsen.de\/wanderundpilgerakademie\/die-wander-und-pilgerakademie-bildet-pilgerbegleiter-und-pilgerbegleiterinnen-in-sachsen-aus\/\"]}]},{\"@type\":\"ImageObject\",\"inLanguage\":\"de\",\"@id\":\"https:\/\/www.ltv-sachsen.de\/wanderundpilgerakademie\/die-wander-und-pilgerakademie-bildet-pilgerbegleiter-und-pilgerbegleiterinnen-in-sachsen-aus\/#primaryimage\",\"url\":\"https:\/\/www.ltv-sachsen.de\/wp-content\/uploads\/sites\/2\/2022\/07\/IMG_9473.jpg\",\"contentUrl\":\"https:\/\/www.ltv-sachsen.de\/wp-content\/uploads\/sites\/2\/2022\/07\/IMG_9473.jpg\",\"width\":1500,\"height\":1125},{\"@type\":\"BreadcrumbList\",\"@id\":\"https:\/\/www.ltv-sachsen.de\/wanderundpilgerakademie\/die-wander-und-pilgerakademie-bildet-pilgerbegleiter-und-pilgerbegleiterinnen-in-sachsen-aus\/#breadcrumb\",\"itemListElement\":[{\"@type\":\"ListItem\",\"position\":1,\"name\":\"Home\",\"item\":\"https:\/\/www.ltv-sachsen.de\/wanderundpilgerakademie\/\"},{\"@type\":\"ListItem\",\"position\":2,\"name\":\"Die Wander- und Pilgerakademie bildet Pilgerbegleiter und Pilgerbegleiterinnen in Sachsen aus\"}]},{\"@type\":\"WebSite\",\"@id\":\"https:\/\/www.ltv-sachsen.de\/wanderundpilgerakademie\/#website\",\"url\":\"https:\/\/www.ltv-sachsen.de\/wanderundpilgerakademie\/\",\"name\":\"Wander- und Pilgerakademie\",\"description\":\"Allgemeine Infos zur Wander- und Pilgerakademie\",\"potentialAction\":[{\"@type\":\"SearchAction\",\"target\":{\"@type\":\"EntryPoint\",\"urlTemplate\":\"https:\/\/www.ltv-sachsen.de\/wanderundpilgerakademie\/?s={search_term_string}\"},\"query-input\":{\"@type\":\"PropertyValueSpecification\",\"valueRequired\":true,\"valueName\":\"search_term_string\"}}],\"inLanguage\":\"de\"},{\"@type\":\"Person\",\"@id\":\"https:\/\/www.ltv-sachsen.de\/wanderundpilgerakademie\/#\/schema\/person\/8cb7d8b92487a52a55db446aeb35bc92\",\"name\":\"tovar\",\"image\":{\"@type\":\"ImageObject\",\"inLanguage\":\"de\",\"@id\":\"https:\/\/www.ltv-sachsen.de\/wanderundpilgerakademie\/#\/schema\/person\/image\/\",\"url\":\"https:\/\/secure.gravatar.com\/avatar\/f95970e628ba24c6b1705c520d322ed8ed3d8d96f04c6681b1233653434b6317?s=96&d=mm&r=g\",\"contentUrl\":\"https:\/\/secure.gravatar.com\/avatar\/f95970e628ba24c6b1705c520d322ed8ed3d8d96f04c6681b1233653434b6317?s=96&d=mm&r=g\",\"caption\":\"tovar\"},\"url\":\"https:\/\/www.ltv-sachsen.de\/wanderundpilgerakademie\/author\/tovar\/\"}]}<\/script>\n<!-- \/ Yoast SEO plugin. -->","yoast_head_json":{"title":"Die Wander- und Pilgerakademie bildet Pilgerbegleiter und Pilgerbegleiterinnen in Sachsen aus - Wander- und Pilgerakademie","robots":{"index":"index","follow":"follow","max-snippet":"max-snippet:-1","max-image-preview":"max-image-preview:large","max-video-preview":"max-video-preview:-1"},"canonical":"https:\/\/www.ltv-sachsen.de\/wanderundpilgerakademie\/die-wander-und-pilgerakademie-bildet-pilgerbegleiter-und-pilgerbegleiterinnen-in-sachsen-aus\/","og_locale":"de_DE","og_type":"article","og_title":"Die Wander- und Pilgerakademie bildet Pilgerbegleiter und Pilgerbegleiterinnen in Sachsen aus - Wander- und Pilgerakademie","og_description":"[vc_row full_width=&#8220;ppi_small_row&#8220;][vc_column][vc_column_text]Die Wander- und Pilgerakademie Sachsen bietet u.a. Qualifizierungsmodule zum Wanderf\u00fchrer\/zur Wanderf\u00fchrerin, zum Wegewart\/zur Wegewartin sowie zum Pilgerbegleiter\/zur Pilgerbegleiterin an. Letzteres hatten wir in den vergangenen Tagen besonders im Blick. Dabei ist uns bewusst, dass die Pilgerwege allen Menschen offen stehen, aber gern schlie\u00dfen sich die Menschen auch einer organisierten Pilgergruppe an. Durch Pilgerbegleiter und [&hellip;]","og_url":"https:\/\/www.ltv-sachsen.de\/wanderundpilgerakademie\/die-wander-und-pilgerakademie-bildet-pilgerbegleiter-und-pilgerbegleiterinnen-in-sachsen-aus\/","og_site_name":"Wander- und Pilgerakademie","article_published_time":"2022-07-18T12:44:42+00:00","article_modified_time":"2022-07-25T12:49:29+00:00","og_image":[{"width":1500,"height":1125,"url":"https:\/\/www.ltv-sachsen.de\/wp-content\/uploads\/sites\/2\/2022\/07\/IMG_9473.jpg","type":"image\/jpeg"}],"author":"tovar","twitter_card":"summary_large_image","twitter_misc":{"Verfasst von":"tovar","Gesch\u00e4tzte Lesezeit":"3\u00a0Minuten"},"schema":{"@context":"https:\/\/schema.org","@graph":[{"@type":"WebPage","@id":"https:\/\/www.ltv-sachsen.de\/wanderundpilgerakademie\/die-wander-und-pilgerakademie-bildet-pilgerbegleiter-und-pilgerbegleiterinnen-in-sachsen-aus\/","url":"https:\/\/www.ltv-sachsen.de\/wanderundpilgerakademie\/die-wander-und-pilgerakademie-bildet-pilgerbegleiter-und-pilgerbegleiterinnen-in-sachsen-aus\/","name":"Die Wander- und Pilgerakademie bildet Pilgerbegleiter und Pilgerbegleiterinnen in Sachsen aus - Wander- und Pilgerakademie","isPartOf":{"@id":"https:\/\/www.ltv-sachsen.de\/wanderundpilgerakademie\/#website"},"primaryImageOfPage":{"@id":"https:\/\/www.ltv-sachsen.de\/wanderundpilgerakademie\/die-wander-und-pilgerakademie-bildet-pilgerbegleiter-und-pilgerbegleiterinnen-in-sachsen-aus\/#primaryimage"},"image":{"@id":"https:\/\/www.ltv-sachsen.de\/wanderundpilgerakademie\/die-wander-und-pilgerakademie-bildet-pilgerbegleiter-und-pilgerbegleiterinnen-in-sachsen-aus\/#primaryimage"},"thumbnailUrl":"https:\/\/www.ltv-sachsen.de\/wp-content\/uploads\/sites\/2\/2022\/07\/IMG_9473.jpg","datePublished":"2022-07-18T12:44:42+00:00","dateModified":"2022-07-25T12:49:29+00:00","author":{"@id":"https:\/\/www.ltv-sachsen.de\/wanderundpilgerakademie\/#\/schema\/person\/8cb7d8b92487a52a55db446aeb35bc92"},"breadcrumb":{"@id":"https:\/\/www.ltv-sachsen.de\/wanderundpilgerakademie\/die-wander-und-pilgerakademie-bildet-pilgerbegleiter-und-pilgerbegleiterinnen-in-sachsen-aus\/#breadcrumb"},"inLanguage":"de","potentialAction":[{"@type":"ReadAction","target":["https:\/\/www.ltv-sachsen.de\/wanderundpilgerakademie\/die-wander-und-pilgerakademie-bildet-pilgerbegleiter-und-pilgerbegleiterinnen-in-sachsen-aus\/"]}]},{"@type":"ImageObject","inLanguage":"de","@id":"https:\/\/www.ltv-sachsen.de\/wanderundpilgerakademie\/die-wander-und-pilgerakademie-bildet-pilgerbegleiter-und-pilgerbegleiterinnen-in-sachsen-aus\/#primaryimage","url":"https:\/\/www.ltv-sachsen.de\/wp-content\/uploads\/sites\/2\/2022\/07\/IMG_9473.jpg","contentUrl":"https:\/\/www.ltv-sachsen.de\/wp-content\/uploads\/sites\/2\/2022\/07\/IMG_9473.jpg","width":1500,"height":1125},{"@type":"BreadcrumbList","@id":"https:\/\/www.ltv-sachsen.de\/wanderundpilgerakademie\/die-wander-und-pilgerakademie-bildet-pilgerbegleiter-und-pilgerbegleiterinnen-in-sachsen-aus\/#breadcrumb","itemListElement":[{"@type":"ListItem","position":1,"name":"Home","item":"https:\/\/www.ltv-sachsen.de\/wanderundpilgerakademie\/"},{"@type":"ListItem","position":2,"name":"Die Wander- und Pilgerakademie bildet Pilgerbegleiter und Pilgerbegleiterinnen in Sachsen aus"}]},{"@type":"WebSite","@id":"https:\/\/www.ltv-sachsen.de\/wanderundpilgerakademie\/#website","url":"https:\/\/www.ltv-sachsen.de\/wanderundpilgerakademie\/","name":"Wander- und Pilgerakademie","description":"Allgemeine Infos zur Wander- und Pilgerakademie","potentialAction":[{"@type":"SearchAction","target":{"@type":"EntryPoint","urlTemplate":"https:\/\/www.ltv-sachsen.de\/wanderundpilgerakademie\/?s={search_term_string}"},"query-input":{"@type":"PropertyValueSpecification","valueRequired":true,"valueName":"search_term_string"}}],"inLanguage":"de"},{"@type":"Person","@id":"https:\/\/www.ltv-sachsen.de\/wanderundpilgerakademie\/#\/schema\/person\/8cb7d8b92487a52a55db446aeb35bc92","name":"tovar","image":{"@type":"ImageObject","inLanguage":"de","@id":"https:\/\/www.ltv-sachsen.de\/wanderundpilgerakademie\/#\/schema\/person\/image\/","url":"https:\/\/secure.gravatar.com\/avatar\/f95970e628ba24c6b1705c520d322ed8ed3d8d96f04c6681b1233653434b6317?s=96&d=mm&r=g","contentUrl":"https:\/\/secure.gravatar.com\/avatar\/f95970e628ba24c6b1705c520d322ed8ed3d8d96f04c6681b1233653434b6317?s=96&d=mm&r=g","caption":"tovar"},"url":"https:\/\/www.ltv-sachsen.de\/wanderundpilgerakademie\/author\/tovar\/"}]}},"_links":{"self":[{"href":"https:\/\/www.ltv-sachsen.de\/wanderundpilgerakademie\/wp-json\/wp\/v2\/posts\/442","targetHints":{"allow":["GET"]}}],"collection":[{"href":"https:\/\/www.ltv-sachsen.de\/wanderundpilgerakademie\/wp-json\/wp\/v2\/posts"}],"about":[{"href":"https:\/\/www.ltv-sachsen.de\/wanderundpilgerakademie\/wp-json\/wp\/v2\/types\/post"}],"author":[{"embeddable":true,"href":"https:\/\/www.ltv-sachsen.de\/wanderundpilgerakademie\/wp-json\/wp\/v2\/users\/3"}],"replies":[{"embeddable":true,"href":"https:\/\/www.ltv-sachsen.de\/wanderundpilgerakademie\/wp-json\/wp\/v2\/comments?post=442"}],"version-history":[{"count":3,"href":"https:\/\/www.ltv-sachsen.de\/wanderundpilgerakademie\/wp-json\/wp\/v2\/posts\/442\/revisions"}],"predecessor-version":[{"id":447,"href":"https:\/\/www.ltv-sachsen.de\/wanderundpilgerakademie\/wp-json\/wp\/v2\/posts\/442\/revisions\/447"}],"wp:featuredmedia":[{"embeddable":true,"href":"https:\/\/www.ltv-sachsen.de\/wanderundpilgerakademie\/wp-json\/wp\/v2\/media\/443"}],"wp:attachment":[{"href":"https:\/\/www.ltv-sachsen.de\/wanderundpilgerakademie\/wp-json\/wp\/v2\/media?parent=442"}],"wp:term":[{"taxonomy":"category","embeddable":true,"href":"https:\/\/www.ltv-sachsen.de\/wanderundpilgerakademie\/wp-json\/wp\/v2\/categories?post=442"},{"taxonomy":"post_tag","embeddable":true,"href":"https:\/\/www.ltv-sachsen.de\/wanderundpilgerakademie\/wp-json\/wp\/v2\/tags?post=442"}],"curies":[{"name":"wp","href":"https:\/\/api.w.org\/{rel}","templated":true}]}}