{"id":329,"date":"2021-09-17T00:00:00","date_gmt":"2021-09-16T22:00:00","guid":{"rendered":"https:\/\/www.ltv-sachsen.de\/wanderundpilgerakademie\/17-september-tag-des-wanderns-in-deutschland-schaufenster-zur-vielfalt-des-wanderns-oeffnet-in-klingenthal\/"},"modified":"2022-07-01T11:08:27","modified_gmt":"2022-07-01T09:08:27","slug":"17-september-tag-des-wanderns-in-deutschland-schaufenster-zur-vielfalt-des-wanderns-oeffnet-in-klingenthal","status":"publish","type":"post","link":"https:\/\/www.ltv-sachsen.de\/wanderundpilgerakademie\/17-september-tag-des-wanderns-in-deutschland-schaufenster-zur-vielfalt-des-wanderns-oeffnet-in-klingenthal\/","title":{"rendered":"17. September &#8211; Tag des Wanderns in Deutschland: \u201eSchaufenster zur Vielfalt des Wanderns\u201c \u00f6ffnet in Klingenthal"},"content":{"rendered":"<div class=\"wpb-content-wrapper\"><p>[vc_row full_width=&#8220;ppi_small_row&#8220;][vc_column][vc_column_text]<strong>Gemeinsame Pressemitteilung<\/strong><\/p>\n<p>(ltvs) Der Deutsche Wanderverband (DWV) ruft heute (17. September 2021) den bundesweiten Tag des Wanderns aus. Eigentlich findet dieser Tag j\u00e4hrlich am 14. Mai statt und wurde in diesem Jahr aufgrund der Corona-Pandemie verschoben. In ganz Deutschland wird es zum Tag des Wanderns \u00fcber 200 Veranstaltungen geben. Darunter zahlreiche Wanderaktionen von Vereinen, Unternehmen, Kommunen, Schulen, Naturschutz und anderen Organisationen, welche die breite Thematik des Wanderns widerspiegeln.<\/p>\n<p>Der Landestourismusverband Sachsen e.V. (LTV) freut sich sehr, dass der diesj\u00e4hrige Tag des Wanderns zusammen mit der gro\u00dfen Zentralveranstaltung im Vogtland stattfindet. Der Deutsche Wanderverband w\u00fcrdigt damit die Leistungen rund ums Wandern in Sachsen. Ein ausgesprochener Dank geht an den Verband Vogtl\u00e4ndischer Gebirgs- und Wandervereine e.V. (VGWV) und das Team des Klingenthaler Wandersportvereins e.V., welche die Zentralveranstaltung ma\u00dfgeblich organisiert haben. Auch Sachsens Ministerpr\u00e4sident Michael Kretschmer als Schirmherr l\u00e4sst sich diesen Tag nicht entgehen und pflanzt mit Vertretern des Sachsenforsts im Arboretum in Brunnd\u00f6bra den &#8222;Baum des Jahres&#8220;.<\/p>\n<p>Barbara Klepsch, Staatsministerin f\u00fcr Kultur und Tourismus: \u201eIch bin unheimlich stolz und dankbar f\u00fcr die gro\u00dfartige Arbeit der \u00fcberwiegend ehrenamtlichen Wanderf\u00fchrer und Wegewarte. Um dieses Ehrenamt zu unterst\u00fctzen und zu f\u00f6rdern, stellt der Freistaat im aktuellen Doppelhaushalt gezielt Mittel zur Verf\u00fcgung. Ziel ist es, unter anderem mit einem erstmals einheitlichen Bildungsangebot in einer Wander- und Pilgerakademie Wegewarte und Wanderf\u00fchrer weiter zu qualifizieren. Dadurch k\u00f6nnen Angebote noch attraktiver werden und der Grundstein f\u00fcr den s\u00e4chsischen Wandertourismus wird gefestigt.\u201c<\/p>\n<p>Der Vizepr\u00e4sident des LTV SACHSEN, Bad Schandaus B\u00fcrgermeister Thomas Kunack, unterstreicht die gute Zusammenarbeit zwischen den beteiligten Partnern: \u201eGerade bei Erhalt und Pflege des vielf\u00e4ltigen Wanderwegenetzes zeigt sich, dass es ohne direkte Kommunikation zwischen regionalen und kommunalen Verantwortungstr\u00e4gern und ohne das Ehrenamt nicht geht. Eine besondere Rolle kommt hier der Zusammenarbeit von Tourismus- und Wandervereinen sowie dem Staatsbetrieb Sachsenforst und den s\u00e4chsischen Gro\u00dfschutzgebieten zu.\u201c<\/p>\n<p>Eine tolle s\u00e4chsische Aktion zum Tag des Wanderns ist zudem die Jubil\u00e4umswanderung zur 25-j\u00e4hrigen UNESCO-Anerkennung des Biosph\u00e4renreservates Oberlausitzer Heide- und Teichlandschaft. Gemeinsam mit der Landesarbeitsgruppe (LAG) Wandern, in der alle gro\u00dfen Wandervereine Sachsens vertreten sind, sowie dem Vogtlandkreis und dem Tourismusverband Vogtland e.V. gestaltet der LTV SACHSEN in der Rahmen Zentralveranstaltung in Klingenthal ein ansprechendes Fachprogramm. Auf der Agenda stehen Themen wie gesetzliche Grundlagen, Neuerungen und Best Practices in der Wegebewirtschaftung, aber auch das Marketing f\u00fcr Wanderwege. Alle Ma\u00dfnahmen sollen die unverzichtbare Arbeit der Wegewarte unterst\u00fctzen.<\/p>\n<p>Sachsen hat beim Thema Wandern besonders viel zu bieten: reizvolle und waldreiche Landschaften mit mehr als 17.000 km Wanderwegen. Zahlreiche Wandervereine sind mit ihren Wanderf\u00fchrern zur Freude der G\u00e4ste unterwegs. Gleichzeitig engagieren sich Wegewarte f\u00fcr den Erhalt und die Pflege der zum Teil bereits zertifizierten Qualit\u00e4tswanderwege. Beispielhaft sind hier der Oberlausitzer Bergweg und der Vogtland-Panorama-Weg zu nennen.<\/p>\n<p>Das Wandern erfreut sich schon lange vor Corona einer st\u00e4ndig wachsenden Beliebtheit. In Sachsen gibt es au\u00dferordentlich viele Menschen, die sich organisiert oder individuell in ihrer Freizeit in der Natur bewegen und die Vielfalt des Wanderns f\u00fcr sich entdeckt haben. Das Wandern spielt ungew\u00f6hnlicherweise gerade in dieser Woche deutschlandweit eine Hauptrolle.<\/p>\n<p><strong>Mehr Informationen zum Tag des Wanderns gibt es im Internet unter<br \/>\n<a href=\"https:\/\/www.wanderverband.de\/termine\/tag-des-wanderns\" target=\"_blank\" rel=\"noopener\">https:\/\/www.wanderverband.de\/termine\/tag-des-wanderns<\/a>\u00a0<\/strong><\/p>\n<p><strong>Pressekontakte:<\/strong><\/p>\n<p>S\u00e4chsisches Staatsministerium f\u00fcr Wissenschaft, Kultur und Tourismus<br \/>\nJ\u00f6rg F\u00f6rster, Pressesprecher<br \/>\nTelefon: 0351 56460620<br \/>\nE-Mail: <a title=\"E-Mail schreiben\">presse.kt@smwk.sachsen.de<\/a><br \/>\n<a href=\"https:\/\/www.smwk.sachsen.de\/\" target=\"_blank\" rel=\"noopener\">www.smwk.sachsen.de<\/a><\/p>\n<p><strong>Landestourismusverband Sachsen e.V. (LTV SACHSEN)<\/strong><br \/>\nAndrea Kis, stellvertretende Direktorin<br \/>\nTelefon: 0351 4919112, Mobil: 0172 3588112<br \/>\nE-mail: <a title=\"E-Mail schreiben\">kis@ltv-sachsen.de<\/a><br \/>\n<a href=\"http:\/\/www.ltv-sachsen.de\" target=\"_blank\" rel=\"noopener\">staging.ltvsachsen.de<\/a><\/p>\n<p><strong>Landestourismusverband Sachsen e.V. (LTV SACHSEN)<\/strong><br \/>\nAls Dachverband repr\u00e4sentiert der LTV SACHSEN rund 4.500 direkte und indirekte Mitglieder aus dem gesamten Dienstleistungssektor. Die breit gef\u00e4cherte Mitgliederpalette unterst\u00fctzt dabei seine Aufgabe, die Interessen des mittelst\u00e4ndisch gepr\u00e4gten Tourismus in Sachsen zu vertreten. Die Branche erwirtschaftet in Sachsen einen Jahresumsatz von 8,1 Mrd. Euro Jahresumsatz, der 194.000 Menschen Besch\u00e4ftigung sichert.<\/p>\n<p class=\"MsoNormal\">\n<p>[\/vc_column_text][\/vc_column][\/vc_row]<\/p>\n<\/div>","protected":false},"excerpt":{"rendered":"<p>[vc_row full_width=&#8220;ppi_small_row&#8220;][vc_column][vc_column_text]Gemeinsame Pressemitteilung (ltvs) Der Deutsche Wanderverband (DWV) ruft heute (17. September 2021) den bundesweiten Tag des Wanderns aus. Eigentlich findet dieser Tag j\u00e4hrlich am 14. Mai statt und wurde in diesem Jahr aufgrund der Corona-Pandemie verschoben. In ganz Deutschland wird es zum Tag des Wanderns \u00fcber 200 Veranstaltungen geben. Darunter zahlreiche Wanderaktionen von Vereinen, [&hellip;]<\/p>\n","protected":false},"author":1,"featured_media":0,"comment_status":"closed","ping_status":"open","sticky":false,"template":"","format":"standard","meta":{"_acf_changed":false,"inline_featured_image":false,"footnotes":""},"categories":[5],"tags":[],"class_list":["post-329","post","type-post","status-publish","format-standard","hentry","category-presse"],"acf":[],"yoast_head":"<!-- This site is optimized with the Yoast SEO plugin v26.4 - https:\/\/yoast.com\/wordpress\/plugins\/seo\/ -->\n<title>17. September - Tag des Wanderns in Deutschland: \u201eSchaufenster zur Vielfalt des Wanderns\u201c \u00f6ffnet in Klingenthal - Wander- und Pilgerakademie<\/title>\n<meta name=\"robots\" content=\"index, follow, max-snippet:-1, max-image-preview:large, max-video-preview:-1\" \/>\n<link rel=\"canonical\" href=\"https:\/\/www.ltv-sachsen.de\/wanderundpilgerakademie\/17-september-tag-des-wanderns-in-deutschland-schaufenster-zur-vielfalt-des-wanderns-oeffnet-in-klingenthal\/\" \/>\n<meta property=\"og:locale\" content=\"de_DE\" \/>\n<meta property=\"og:type\" content=\"article\" \/>\n<meta property=\"og:title\" content=\"17. September - Tag des Wanderns in Deutschland: \u201eSchaufenster zur Vielfalt des Wanderns\u201c \u00f6ffnet in Klingenthal - Wander- und Pilgerakademie\" \/>\n<meta property=\"og:description\" content=\"[vc_row full_width=&#8220;ppi_small_row&#8220;][vc_column][vc_column_text]Gemeinsame Pressemitteilung (ltvs) Der Deutsche Wanderverband (DWV) ruft heute (17. September 2021) den bundesweiten Tag des Wanderns aus. Eigentlich findet dieser Tag j\u00e4hrlich am 14. Mai statt und wurde in diesem Jahr aufgrund der Corona-Pandemie verschoben. In ganz Deutschland wird es zum Tag des Wanderns \u00fcber 200 Veranstaltungen geben. Darunter zahlreiche Wanderaktionen von Vereinen, [&hellip;]\" \/>\n<meta property=\"og:url\" content=\"https:\/\/www.ltv-sachsen.de\/wanderundpilgerakademie\/17-september-tag-des-wanderns-in-deutschland-schaufenster-zur-vielfalt-des-wanderns-oeffnet-in-klingenthal\/\" \/>\n<meta property=\"og:site_name\" content=\"Wander- und Pilgerakademie\" \/>\n<meta property=\"article:published_time\" content=\"2021-09-16T22:00:00+00:00\" \/>\n<meta property=\"article:modified_time\" content=\"2022-07-01T09:08:27+00:00\" \/>\n<meta name=\"twitter:card\" content=\"summary_large_image\" \/>\n<meta name=\"twitter:label1\" content=\"Verfasst von\" \/>\n\t<meta name=\"twitter:data1\" content=\"\" \/>\n\t<meta name=\"twitter:label2\" content=\"Gesch\u00e4tzte Lesezeit\" \/>\n\t<meta name=\"twitter:data2\" content=\"3\u00a0Minuten\" \/>\n<script type=\"application\/ld+json\" class=\"yoast-schema-graph\">{\"@context\":\"https:\/\/schema.org\",\"@graph\":[{\"@type\":\"WebPage\",\"@id\":\"https:\/\/www.ltv-sachsen.de\/wanderundpilgerakademie\/17-september-tag-des-wanderns-in-deutschland-schaufenster-zur-vielfalt-des-wanderns-oeffnet-in-klingenthal\/\",\"url\":\"https:\/\/www.ltv-sachsen.de\/wanderundpilgerakademie\/17-september-tag-des-wanderns-in-deutschland-schaufenster-zur-vielfalt-des-wanderns-oeffnet-in-klingenthal\/\",\"name\":\"17. September - Tag des Wanderns in Deutschland: \u201eSchaufenster zur Vielfalt des Wanderns\u201c \u00f6ffnet in Klingenthal - Wander- und Pilgerakademie\",\"isPartOf\":{\"@id\":\"https:\/\/www.ltv-sachsen.de\/wanderundpilgerakademie\/#website\"},\"datePublished\":\"2021-09-16T22:00:00+00:00\",\"dateModified\":\"2022-07-01T09:08:27+00:00\",\"author\":{\"@id\":\"\"},\"breadcrumb\":{\"@id\":\"https:\/\/www.ltv-sachsen.de\/wanderundpilgerakademie\/17-september-tag-des-wanderns-in-deutschland-schaufenster-zur-vielfalt-des-wanderns-oeffnet-in-klingenthal\/#breadcrumb\"},\"inLanguage\":\"de\",\"potentialAction\":[{\"@type\":\"ReadAction\",\"target\":[\"https:\/\/www.ltv-sachsen.de\/wanderundpilgerakademie\/17-september-tag-des-wanderns-in-deutschland-schaufenster-zur-vielfalt-des-wanderns-oeffnet-in-klingenthal\/\"]}]},{\"@type\":\"BreadcrumbList\",\"@id\":\"https:\/\/www.ltv-sachsen.de\/wanderundpilgerakademie\/17-september-tag-des-wanderns-in-deutschland-schaufenster-zur-vielfalt-des-wanderns-oeffnet-in-klingenthal\/#breadcrumb\",\"itemListElement\":[{\"@type\":\"ListItem\",\"position\":1,\"name\":\"Home\",\"item\":\"https:\/\/www.ltv-sachsen.de\/wanderundpilgerakademie\/\"},{\"@type\":\"ListItem\",\"position\":2,\"name\":\"17. September &#8211; Tag des Wanderns in Deutschland: \u201eSchaufenster zur Vielfalt des Wanderns\u201c \u00f6ffnet in Klingenthal\"}]},{\"@type\":\"WebSite\",\"@id\":\"https:\/\/www.ltv-sachsen.de\/wanderundpilgerakademie\/#website\",\"url\":\"https:\/\/www.ltv-sachsen.de\/wanderundpilgerakademie\/\",\"name\":\"Wander- und Pilgerakademie\",\"description\":\"Allgemeine Infos zur Wander- und Pilgerakademie\",\"potentialAction\":[{\"@type\":\"SearchAction\",\"target\":{\"@type\":\"EntryPoint\",\"urlTemplate\":\"https:\/\/www.ltv-sachsen.de\/wanderundpilgerakademie\/?s={search_term_string}\"},\"query-input\":{\"@type\":\"PropertyValueSpecification\",\"valueRequired\":true,\"valueName\":\"search_term_string\"}}],\"inLanguage\":\"de\"},{\"@type\":\"Person\",\"@id\":\"\",\"url\":\"https:\/\/www.ltv-sachsen.de\/wanderundpilgerakademie\/author\/\"}]}<\/script>\n<!-- \/ Yoast SEO plugin. -->","yoast_head_json":{"title":"17. September - Tag des Wanderns in Deutschland: \u201eSchaufenster zur Vielfalt des Wanderns\u201c \u00f6ffnet in Klingenthal - Wander- und Pilgerakademie","robots":{"index":"index","follow":"follow","max-snippet":"max-snippet:-1","max-image-preview":"max-image-preview:large","max-video-preview":"max-video-preview:-1"},"canonical":"https:\/\/www.ltv-sachsen.de\/wanderundpilgerakademie\/17-september-tag-des-wanderns-in-deutschland-schaufenster-zur-vielfalt-des-wanderns-oeffnet-in-klingenthal\/","og_locale":"de_DE","og_type":"article","og_title":"17. September - Tag des Wanderns in Deutschland: \u201eSchaufenster zur Vielfalt des Wanderns\u201c \u00f6ffnet in Klingenthal - Wander- und Pilgerakademie","og_description":"[vc_row full_width=&#8220;ppi_small_row&#8220;][vc_column][vc_column_text]Gemeinsame Pressemitteilung (ltvs) Der Deutsche Wanderverband (DWV) ruft heute (17. September 2021) den bundesweiten Tag des Wanderns aus. Eigentlich findet dieser Tag j\u00e4hrlich am 14. Mai statt und wurde in diesem Jahr aufgrund der Corona-Pandemie verschoben. In ganz Deutschland wird es zum Tag des Wanderns \u00fcber 200 Veranstaltungen geben. Darunter zahlreiche Wanderaktionen von Vereinen, [&hellip;]","og_url":"https:\/\/www.ltv-sachsen.de\/wanderundpilgerakademie\/17-september-tag-des-wanderns-in-deutschland-schaufenster-zur-vielfalt-des-wanderns-oeffnet-in-klingenthal\/","og_site_name":"Wander- und Pilgerakademie","article_published_time":"2021-09-16T22:00:00+00:00","article_modified_time":"2022-07-01T09:08:27+00:00","twitter_card":"summary_large_image","twitter_misc":{"Verfasst von":"","Gesch\u00e4tzte Lesezeit":"3\u00a0Minuten"},"schema":{"@context":"https:\/\/schema.org","@graph":[{"@type":"WebPage","@id":"https:\/\/www.ltv-sachsen.de\/wanderundpilgerakademie\/17-september-tag-des-wanderns-in-deutschland-schaufenster-zur-vielfalt-des-wanderns-oeffnet-in-klingenthal\/","url":"https:\/\/www.ltv-sachsen.de\/wanderundpilgerakademie\/17-september-tag-des-wanderns-in-deutschland-schaufenster-zur-vielfalt-des-wanderns-oeffnet-in-klingenthal\/","name":"17. September - Tag des Wanderns in Deutschland: \u201eSchaufenster zur Vielfalt des Wanderns\u201c \u00f6ffnet in Klingenthal - Wander- und Pilgerakademie","isPartOf":{"@id":"https:\/\/www.ltv-sachsen.de\/wanderundpilgerakademie\/#website"},"datePublished":"2021-09-16T22:00:00+00:00","dateModified":"2022-07-01T09:08:27+00:00","author":{"@id":""},"breadcrumb":{"@id":"https:\/\/www.ltv-sachsen.de\/wanderundpilgerakademie\/17-september-tag-des-wanderns-in-deutschland-schaufenster-zur-vielfalt-des-wanderns-oeffnet-in-klingenthal\/#breadcrumb"},"inLanguage":"de","potentialAction":[{"@type":"ReadAction","target":["https:\/\/www.ltv-sachsen.de\/wanderundpilgerakademie\/17-september-tag-des-wanderns-in-deutschland-schaufenster-zur-vielfalt-des-wanderns-oeffnet-in-klingenthal\/"]}]},{"@type":"BreadcrumbList","@id":"https:\/\/www.ltv-sachsen.de\/wanderundpilgerakademie\/17-september-tag-des-wanderns-in-deutschland-schaufenster-zur-vielfalt-des-wanderns-oeffnet-in-klingenthal\/#breadcrumb","itemListElement":[{"@type":"ListItem","position":1,"name":"Home","item":"https:\/\/www.ltv-sachsen.de\/wanderundpilgerakademie\/"},{"@type":"ListItem","position":2,"name":"17. September &#8211; Tag des Wanderns in Deutschland: \u201eSchaufenster zur Vielfalt des Wanderns\u201c \u00f6ffnet in Klingenthal"}]},{"@type":"WebSite","@id":"https:\/\/www.ltv-sachsen.de\/wanderundpilgerakademie\/#website","url":"https:\/\/www.ltv-sachsen.de\/wanderundpilgerakademie\/","name":"Wander- und Pilgerakademie","description":"Allgemeine Infos zur Wander- und Pilgerakademie","potentialAction":[{"@type":"SearchAction","target":{"@type":"EntryPoint","urlTemplate":"https:\/\/www.ltv-sachsen.de\/wanderundpilgerakademie\/?s={search_term_string}"},"query-input":{"@type":"PropertyValueSpecification","valueRequired":true,"valueName":"search_term_string"}}],"inLanguage":"de"},{"@type":"Person","@id":"","url":"https:\/\/www.ltv-sachsen.de\/wanderundpilgerakademie\/author\/"}]}},"_links":{"self":[{"href":"https:\/\/www.ltv-sachsen.de\/wanderundpilgerakademie\/wp-json\/wp\/v2\/posts\/329","targetHints":{"allow":["GET"]}}],"collection":[{"href":"https:\/\/www.ltv-sachsen.de\/wanderundpilgerakademie\/wp-json\/wp\/v2\/posts"}],"about":[{"href":"https:\/\/www.ltv-sachsen.de\/wanderundpilgerakademie\/wp-json\/wp\/v2\/types\/post"}],"author":[{"embeddable":true,"href":"https:\/\/www.ltv-sachsen.de\/wanderundpilgerakademie\/wp-json\/wp\/v2\/users\/1"}],"replies":[{"embeddable":true,"href":"https:\/\/www.ltv-sachsen.de\/wanderundpilgerakademie\/wp-json\/wp\/v2\/comments?post=329"}],"version-history":[{"count":0,"href":"https:\/\/www.ltv-sachsen.de\/wanderundpilgerakademie\/wp-json\/wp\/v2\/posts\/329\/revisions"}],"wp:attachment":[{"href":"https:\/\/www.ltv-sachsen.de\/wanderundpilgerakademie\/wp-json\/wp\/v2\/media?parent=329"}],"wp:term":[{"taxonomy":"category","embeddable":true,"href":"https:\/\/www.ltv-sachsen.de\/wanderundpilgerakademie\/wp-json\/wp\/v2\/categories?post=329"},{"taxonomy":"post_tag","embeddable":true,"href":"https:\/\/www.ltv-sachsen.de\/wanderundpilgerakademie\/wp-json\/wp\/v2\/tags?post=329"}],"curies":[{"name":"wp","href":"https:\/\/api.w.org\/{rel}","templated":true}]}}