{"id":327,"date":"2021-10-07T00:00:00","date_gmt":"2021-10-06T22:00:00","guid":{"rendered":"https:\/\/www.ltv-sachsen.de\/wanderundpilgerakademie\/der-wald-als-arbeitsort-und-erholungsraum-3\/"},"modified":"2022-07-01T11:08:12","modified_gmt":"2022-07-01T09:08:12","slug":"der-wald-als-arbeitsort-und-erholungsraum-3","status":"publish","type":"post","link":"https:\/\/www.ltv-sachsen.de\/wanderundpilgerakademie\/der-wald-als-arbeitsort-und-erholungsraum-3\/","title":{"rendered":"Der Wald als Arbeitsort und Erholungsraum"},"content":{"rendered":"<div class=\"wpb-content-wrapper\"><p>[vc_row full_width=&#8220;ppi_small_row&#8220;][vc_column][vc_column_text]<strong>Gemeinsame Pressemitteilung<\/strong><\/p>\n<p>Die vielf\u00e4ltige Wegenutzung im Wald ben\u00f6tigt Kompromisse zwischen allen Nutzenden. Dar\u00fcber waren sich die Teilnehmenden des heutigen (7. Oktober 2021) gemeinsamen Erfahrungsaustausches von Sachsenforst und dem Landestourismusverband Sachsen e.V. (LTV SACHSEN) in der Heidestadt Dahlen einig. Die W\u00e4lder in Sachsen sind Orte der Erholung. Um aber \u00fcberhaupt in den Wald zu gelangen, werden in der Regel Waldwege ben\u00f6tigt. Mit der Unterhaltung dieser Wege schaffen Waldbesitzende die wichtigste Voraussetzung, damit sich Menschen im Wald erholen k\u00f6nnen. Gleichzeitig sind Waldwege auch Arbeitsort von F\u00f6rstern, Waldarbeitern, forstlichen Dienstleistungsunternehmen und der Holzabfuhr. Auf den Waldwegen begegnen sich Waldbesuchende und Waldbewirtschaftende \u2013 dabei sind Meinungsverschiedenheiten nicht ausgeschlossen.<\/p>\n<p>\u201eGut gepflegte Waldwege sind f\u00fcr uns notwendig, um die W\u00e4lder integrativ und naturgem\u00e4\u00df zu bewirtschaften\u201c, erl\u00e4utert Mike Eller, stellvertretender Gesch\u00e4ftsf\u00fchrer von Sachsenforst. \u201eNicht nur in der aktuellen Situation mit massiven Waldsch\u00e4den kommt den Waldwegen eine Schl\u00fcsselrolle zu\u201c, so Eller weiter. \u201eDurch eine schnelle Abfuhr von Baumst\u00e4mmen, die von Borkenk\u00e4fern befallen sind, k\u00f6nnen die verbleibenden W\u00e4lder gesch\u00fctzt werden. Aber auch alle Waldpflegema\u00dfnahmen, der notwendige Waldumbau und der Transport des regional produzierten, \u00f6kologisch wertvollen Rohstoffes Holz ist ohne Wege nicht m\u00f6glich.\u201c Dass dabei Sch\u00e4den entstehen k\u00f6nnen, ist nachvollziehbar. Eller betont aber: \u201eGrunds\u00e4tzlich ist es unser Anspruch, Sch\u00e4den an Waldwegen durch Befahrung mit Forstmaschinen und Lastwagen zur Holzabfuhr zu vermeiden. Sollten diese aber auftreten, werden die Wege nach Abschluss der Waldarbeiten und bei geeigneter Witterung wieder instandgesetzt.\u201c Waldwege dienen schlie\u00dflich auch der Erholung und dem Zugang f\u00fcr Rettungsfahrzeuge. \u201eUnser Anspruch ist es, Erholungssuchenden intakte Waldwege f\u00fcr naturangepasste Freizeitaktivit\u00e4ten im Landeswald zu bieten\u201c, so Eller.<br \/>\n<strong><br \/>\nVielf\u00e4ltige Anforderungen an Waldwege<\/strong><br \/>\nDie vielen Erholungssuchenden haben ganz unterschiedliche Anspr\u00fcche an die Waldwege: \u201eRund 40 Prozent der Sachsen gehen mindestens einmal in der Woche in den Wald \u2212 zum Spazieren, Wandern, Radfahren, Mountainbiken oder einfach nur zum Entspannen. Immer mehr Menschen sind aktiv in den s\u00e4chsischen W\u00e4ldern unterwegs und haben einen hohen Anspruch an die Qualit\u00e4t der Wege\u201c, stellt Manfred B\u00f6hme, Direktor des LTV SACHSEN, fest. \u201eWanderer zum Beispiel w\u00fcnschen sich abwechslungs- und aussichtsreiche Wege in nat\u00fcrlicher Umgebung. Dabei erwarten sie ein ausgebautes, intaktes Wegenetz mit zuverl\u00e4ssiger Markierung sowie eine attraktive Infrastruktur wie z.B. B\u00e4nke oder Schutzh\u00fctten entlang des Weges. Daher bin ich unheimlich stolz und dankbar f\u00fcr die gro\u00dfartige Arbeit der zahlreichen Wegewarte. Sie sind \u00fcberwiegend im Ehrenamt unterwegs f\u00fcr ein attraktives Wanderwegenetz. Ein enger Austausch zwischen Sachsenforst und Touristikern ist entscheidend. Mit der gemeinsamen Informationsveranstaltung wollen wir f\u00fcr die Arbeit des anderen sensibilisieren und gemeinsam gegen Nutzungskonflikte angehen\u201c, so der Verbandsdirektor.<\/p>\n<p><strong>Umfangreiches Waldwege-Netz in Sachsen<\/strong><br \/>\nDabei ist das Waldwege-Netz in Sachsen erstaunlich umfangreich. Alleine den Landeswald des Freistaates Sachsen (rund 39 % der Gesamtwaldfl\u00e4che) durchziehen \u00fcber 13.000 Kilometer Wege. Das entspricht in etwa der L\u00e4nge aller Landes-, Bundes- und Kreisstra\u00dfen inkl. der Autobahnen im Freistaat. Die Waldwege im Landeswald dienen in der Regel mehreren Funktionen: F\u00fcr die Holzabfuhr und Rettungsdienste sind rund 3.300 km geeignet, ausgewiesene Wanderwege und f\u00fcr Radfahrer geeignete Wege belaufen sich jeweils auf ca. 3.600 km. Reitwege verlaufen auf gut 1.300 km durch den Landeswald, Skilanglaufstrecken auf 500 km. Weiterhin werden rund 1.000 Br\u00fccken und St\u00fctzmauern von Sachsenforst unterhalten. Die Waldwege m\u00fcssen mehrmals j\u00e4hrlich gepflegt und bei gr\u00f6\u00dferen Sch\u00e4den grundhaft instandgesetzt werden. F\u00fcr die Pflege und Instandsetzung dieser Wege im Landeswald investiert der Freistaat j\u00e4hrlich zwischen sechs und acht Millionen Euro.<\/p>\n<p>Die Waldwege im Landeswald werden mit nat\u00fcrlichen Gesteinsmaterialen ohne Bindemittel aus regionaler Herkunft gebaut und erhalten. Besondere Aspekte in Schutz- und Erholungsgebieten oder sensiblen Waldbereichen werden dabei ber\u00fccksichtigt. W\u00e4hrend laufender forstlicher Ma\u00dfnahmen m\u00fcssen Waldwege tempor\u00e4r gesperrt werden, da f\u00fcr Waldbesuchende in diesen Bereichen Lebensgefahr besteht.<\/p>\n<p><strong>Hintergrund \u00a0<\/strong><br \/>\nUm den bestm\u00f6glichen Ausgleich zwischen Forstwirtschaft und Tourismus zu erreichen, arbeiten Sachsenforst und der Landestourismusverband Sachsen (LTV SACHSEN) eng zusammen. 2018 wurde dazu eine Kooperationsvereinbarung \u00fcber die gemeinsame Information und Kommunikation zur touristischen Erholungsnutzung im s\u00e4chsischen Landeswald abgeschlossen, die 2021 erneuert wurde. Darin ist auch ein regelm\u00e4\u00dfiger Erfahrungsaustausch vorgesehen, wie er heute in der Heidestadt Dahlen erfolgt ist.<\/p>\n<p>Weitere Informationen finden Sie im Internet unter:<br \/>\n<a href=\"http:\/\/www.sachsenforst.de\u00a0\" target=\"_blank\" rel=\"noopener\">www.sachsenforst.de\u00a0<\/a><br \/>\n<a href=\"http:\/\/www.ltv-sachsen.de\u00a0\" target=\"_blank\" rel=\"noopener\">staging.ltvsachsen.de\u00a0<\/a><\/p>\n<p><strong>Pressekontakte:<\/strong><br \/>\nLandestourismusverband Sachsen e.V.<br \/>\nManfred B\u00f6hme<br \/>\nTel. +49 (0) 351 49191-0<br \/>\n<a title=\"E-Mail schreiben\">boehme@ltv-sachsen.de<\/a><\/p>\n<p>Staatsbetrieb Sachsenforst<br \/>\nDr. Renke Coordes<br \/>\nTel. +49 (0)3501 542 166<br \/>\n<a title=\"E-Mail schreiben\">presse.sbs@smul.sachsen.de\u00a0<\/a><\/p>\n<p><strong>Sachsenforst<\/strong><br \/>\nSachsenforst ist mit einer Fl\u00e4che von rund 205.000 Hektar Staatswald der gr\u00f6\u00dfte Fl\u00e4chenbewirtschafter im Freistaat Sachsen. Sachsenforst f\u00f6rdert die Nutz-, Schutz- und Erholungsfunktionen der landeseigenen W\u00e4lder im Rahmen einer integrativen, naturgem\u00e4\u00dfen Bewirtschaftung. Waldbesitzende in Sachsen k\u00f6nnen sich durch die Revierleitenden von Sachsenforst zu allen Fragen einer naturgem\u00e4\u00dfen Waldbewirtschaftung kostenlos beraten lassen.<\/p>\n<p><strong>Landestourismusverband Sachsen e.V.\u00a0<\/strong><br \/>\nAls Dachverband repr\u00e4sentiert der LTV SACHSEN rund 4.500 direkte und indirekte Mitglieder aus dem gesamten Dienstleistungssektor. Die breit gef\u00e4cherte Mitgliederpalette unterst\u00fctzt dabei seine Aufgabe, die Interessen des mittelst\u00e4ndisch gepr\u00e4gten Tourismus in Sachsen zu vertreten. Die Branche erwirtschaftet in Sachsen einen Jahresumsatz von 8,1 Mrd. Euro Jahresumsatz, der 194.000 Menschen Besch\u00e4ftigung sichert.<\/p>\n<p><strong>Foto<\/strong><br \/>\nTitel:\u00a0Teilnehmende des Erfahrungsaustausches von Sachsenforst und dem Landestourismusverband Sachsen zum Thema Waldwege vor dem Schloss Dahlen.<br \/>\nCopyright:\u00a0LTV SACHSEN \/ Christian Modla<br \/>\nEine hochaufgel\u00f6ste Version des Fotos kann beim\u00a0Staatsbetrieb Sachsenforst,<br \/>\nDr. Renke Coordes,\u00a0Tel. +49 (0)3501 542 166,\u00a0<a title=\"E-Mail schreiben\">presse.sbs@smul.sachsen.de<\/a>\u00a0angefordert werden.<\/p>\n<p>[\/vc_column_text][\/vc_column][\/vc_row]<\/p>\n<\/div>","protected":false},"excerpt":{"rendered":"<p>[vc_row full_width=&#8220;ppi_small_row&#8220;][vc_column][vc_column_text]Gemeinsame Pressemitteilung Die vielf\u00e4ltige Wegenutzung im Wald ben\u00f6tigt Kompromisse zwischen allen Nutzenden. Dar\u00fcber waren sich die Teilnehmenden des heutigen (7. Oktober 2021) gemeinsamen Erfahrungsaustausches von Sachsenforst und dem Landestourismusverband Sachsen e.V. (LTV SACHSEN) in der Heidestadt Dahlen einig. Die W\u00e4lder in Sachsen sind Orte der Erholung. Um aber \u00fcberhaupt in den Wald zu gelangen, [&hellip;]<\/p>\n","protected":false},"author":1,"featured_media":322,"comment_status":"closed","ping_status":"open","sticky":false,"template":"","format":"standard","meta":{"_acf_changed":false,"inline_featured_image":false,"footnotes":""},"categories":[5],"tags":[],"class_list":["post-327","post","type-post","status-publish","format-standard","has-post-thumbnail","hentry","category-presse"],"acf":[],"yoast_head":"<!-- This site is optimized with the Yoast SEO plugin v26.4 - https:\/\/yoast.com\/wordpress\/plugins\/seo\/ -->\n<title>Der Wald als Arbeitsort und Erholungsraum - Wander- und Pilgerakademie<\/title>\n<meta name=\"robots\" content=\"index, follow, max-snippet:-1, max-image-preview:large, max-video-preview:-1\" \/>\n<link rel=\"canonical\" href=\"https:\/\/www.ltv-sachsen.de\/wanderundpilgerakademie\/der-wald-als-arbeitsort-und-erholungsraum-3\/\" \/>\n<meta property=\"og:locale\" content=\"de_DE\" \/>\n<meta property=\"og:type\" content=\"article\" \/>\n<meta property=\"og:title\" content=\"Der Wald als Arbeitsort und Erholungsraum - Wander- und Pilgerakademie\" \/>\n<meta property=\"og:description\" content=\"[vc_row full_width=&#8220;ppi_small_row&#8220;][vc_column][vc_column_text]Gemeinsame Pressemitteilung Die vielf\u00e4ltige Wegenutzung im Wald ben\u00f6tigt Kompromisse zwischen allen Nutzenden. Dar\u00fcber waren sich die Teilnehmenden des heutigen (7. Oktober 2021) gemeinsamen Erfahrungsaustausches von Sachsenforst und dem Landestourismusverband Sachsen e.V. (LTV SACHSEN) in der Heidestadt Dahlen einig. Die W\u00e4lder in Sachsen sind Orte der Erholung. Um aber \u00fcberhaupt in den Wald zu gelangen, [&hellip;]\" \/>\n<meta property=\"og:url\" content=\"https:\/\/www.ltv-sachsen.de\/wanderundpilgerakademie\/der-wald-als-arbeitsort-und-erholungsraum-3\/\" \/>\n<meta property=\"og:site_name\" content=\"Wander- und Pilgerakademie\" \/>\n<meta property=\"article:published_time\" content=\"2021-10-06T22:00:00+00:00\" \/>\n<meta property=\"article:modified_time\" content=\"2022-07-01T09:08:12+00:00\" \/>\n<meta property=\"og:image\" content=\"https:\/\/www.ltv-sachsen.de\/wp-content\/uploads\/sites\/2\/2022\/07\/bild_klein_63522_orig.jpg\" \/>\n\t<meta property=\"og:image:width\" content=\"1\" \/>\n\t<meta property=\"og:image:height\" content=\"1\" \/>\n\t<meta property=\"og:image:type\" content=\"image\/jpeg\" \/>\n<meta name=\"twitter:card\" content=\"summary_large_image\" \/>\n<meta name=\"twitter:label1\" content=\"Verfasst von\" \/>\n\t<meta name=\"twitter:data1\" content=\"\" \/>\n\t<meta name=\"twitter:label2\" content=\"Gesch\u00e4tzte Lesezeit\" \/>\n\t<meta name=\"twitter:data2\" content=\"5\u00a0Minuten\" \/>\n<script type=\"application\/ld+json\" class=\"yoast-schema-graph\">{\"@context\":\"https:\/\/schema.org\",\"@graph\":[{\"@type\":\"WebPage\",\"@id\":\"https:\/\/www.ltv-sachsen.de\/wanderundpilgerakademie\/der-wald-als-arbeitsort-und-erholungsraum-3\/\",\"url\":\"https:\/\/www.ltv-sachsen.de\/wanderundpilgerakademie\/der-wald-als-arbeitsort-und-erholungsraum-3\/\",\"name\":\"Der Wald als Arbeitsort und Erholungsraum - Wander- und Pilgerakademie\",\"isPartOf\":{\"@id\":\"https:\/\/www.ltv-sachsen.de\/wanderundpilgerakademie\/#website\"},\"primaryImageOfPage\":{\"@id\":\"https:\/\/www.ltv-sachsen.de\/wanderundpilgerakademie\/der-wald-als-arbeitsort-und-erholungsraum-3\/#primaryimage\"},\"image\":{\"@id\":\"https:\/\/www.ltv-sachsen.de\/wanderundpilgerakademie\/der-wald-als-arbeitsort-und-erholungsraum-3\/#primaryimage\"},\"thumbnailUrl\":\"https:\/\/www.ltv-sachsen.de\/wp-content\/uploads\/sites\/2\/2022\/07\/bild_klein_63522_orig.jpg\",\"datePublished\":\"2021-10-06T22:00:00+00:00\",\"dateModified\":\"2022-07-01T09:08:12+00:00\",\"author\":{\"@id\":\"\"},\"breadcrumb\":{\"@id\":\"https:\/\/www.ltv-sachsen.de\/wanderundpilgerakademie\/der-wald-als-arbeitsort-und-erholungsraum-3\/#breadcrumb\"},\"inLanguage\":\"de\",\"potentialAction\":[{\"@type\":\"ReadAction\",\"target\":[\"https:\/\/www.ltv-sachsen.de\/wanderundpilgerakademie\/der-wald-als-arbeitsort-und-erholungsraum-3\/\"]}]},{\"@type\":\"ImageObject\",\"inLanguage\":\"de\",\"@id\":\"https:\/\/www.ltv-sachsen.de\/wanderundpilgerakademie\/der-wald-als-arbeitsort-und-erholungsraum-3\/#primaryimage\",\"url\":\"https:\/\/www.ltv-sachsen.de\/wp-content\/uploads\/sites\/2\/2022\/07\/bild_klein_63522_orig.jpg\",\"contentUrl\":\"https:\/\/www.ltv-sachsen.de\/wp-content\/uploads\/sites\/2\/2022\/07\/bild_klein_63522_orig.jpg\"},{\"@type\":\"BreadcrumbList\",\"@id\":\"https:\/\/www.ltv-sachsen.de\/wanderundpilgerakademie\/der-wald-als-arbeitsort-und-erholungsraum-3\/#breadcrumb\",\"itemListElement\":[{\"@type\":\"ListItem\",\"position\":1,\"name\":\"Home\",\"item\":\"https:\/\/www.ltv-sachsen.de\/wanderundpilgerakademie\/\"},{\"@type\":\"ListItem\",\"position\":2,\"name\":\"Der Wald als Arbeitsort und Erholungsraum\"}]},{\"@type\":\"WebSite\",\"@id\":\"https:\/\/www.ltv-sachsen.de\/wanderundpilgerakademie\/#website\",\"url\":\"https:\/\/www.ltv-sachsen.de\/wanderundpilgerakademie\/\",\"name\":\"Wander- und Pilgerakademie\",\"description\":\"Allgemeine Infos zur Wander- und Pilgerakademie\",\"potentialAction\":[{\"@type\":\"SearchAction\",\"target\":{\"@type\":\"EntryPoint\",\"urlTemplate\":\"https:\/\/www.ltv-sachsen.de\/wanderundpilgerakademie\/?s={search_term_string}\"},\"query-input\":{\"@type\":\"PropertyValueSpecification\",\"valueRequired\":true,\"valueName\":\"search_term_string\"}}],\"inLanguage\":\"de\"},{\"@type\":\"Person\",\"@id\":\"\",\"url\":\"https:\/\/www.ltv-sachsen.de\/wanderundpilgerakademie\/author\/\"}]}<\/script>\n<!-- \/ Yoast SEO plugin. -->","yoast_head_json":{"title":"Der Wald als Arbeitsort und Erholungsraum - Wander- und Pilgerakademie","robots":{"index":"index","follow":"follow","max-snippet":"max-snippet:-1","max-image-preview":"max-image-preview:large","max-video-preview":"max-video-preview:-1"},"canonical":"https:\/\/www.ltv-sachsen.de\/wanderundpilgerakademie\/der-wald-als-arbeitsort-und-erholungsraum-3\/","og_locale":"de_DE","og_type":"article","og_title":"Der Wald als Arbeitsort und Erholungsraum - Wander- und Pilgerakademie","og_description":"[vc_row full_width=&#8220;ppi_small_row&#8220;][vc_column][vc_column_text]Gemeinsame Pressemitteilung Die vielf\u00e4ltige Wegenutzung im Wald ben\u00f6tigt Kompromisse zwischen allen Nutzenden. Dar\u00fcber waren sich die Teilnehmenden des heutigen (7. Oktober 2021) gemeinsamen Erfahrungsaustausches von Sachsenforst und dem Landestourismusverband Sachsen e.V. (LTV SACHSEN) in der Heidestadt Dahlen einig. Die W\u00e4lder in Sachsen sind Orte der Erholung. Um aber \u00fcberhaupt in den Wald zu gelangen, [&hellip;]","og_url":"https:\/\/www.ltv-sachsen.de\/wanderundpilgerakademie\/der-wald-als-arbeitsort-und-erholungsraum-3\/","og_site_name":"Wander- und Pilgerakademie","article_published_time":"2021-10-06T22:00:00+00:00","article_modified_time":"2022-07-01T09:08:12+00:00","og_image":[{"url":"https:\/\/www.ltv-sachsen.de\/wp-content\/uploads\/sites\/2\/2022\/07\/bild_klein_63522_orig.jpg","width":1,"height":1,"type":"image\/jpeg"}],"twitter_card":"summary_large_image","twitter_misc":{"Verfasst von":"","Gesch\u00e4tzte Lesezeit":"5\u00a0Minuten"},"schema":{"@context":"https:\/\/schema.org","@graph":[{"@type":"WebPage","@id":"https:\/\/www.ltv-sachsen.de\/wanderundpilgerakademie\/der-wald-als-arbeitsort-und-erholungsraum-3\/","url":"https:\/\/www.ltv-sachsen.de\/wanderundpilgerakademie\/der-wald-als-arbeitsort-und-erholungsraum-3\/","name":"Der Wald als Arbeitsort und Erholungsraum - Wander- und Pilgerakademie","isPartOf":{"@id":"https:\/\/www.ltv-sachsen.de\/wanderundpilgerakademie\/#website"},"primaryImageOfPage":{"@id":"https:\/\/www.ltv-sachsen.de\/wanderundpilgerakademie\/der-wald-als-arbeitsort-und-erholungsraum-3\/#primaryimage"},"image":{"@id":"https:\/\/www.ltv-sachsen.de\/wanderundpilgerakademie\/der-wald-als-arbeitsort-und-erholungsraum-3\/#primaryimage"},"thumbnailUrl":"https:\/\/www.ltv-sachsen.de\/wp-content\/uploads\/sites\/2\/2022\/07\/bild_klein_63522_orig.jpg","datePublished":"2021-10-06T22:00:00+00:00","dateModified":"2022-07-01T09:08:12+00:00","author":{"@id":""},"breadcrumb":{"@id":"https:\/\/www.ltv-sachsen.de\/wanderundpilgerakademie\/der-wald-als-arbeitsort-und-erholungsraum-3\/#breadcrumb"},"inLanguage":"de","potentialAction":[{"@type":"ReadAction","target":["https:\/\/www.ltv-sachsen.de\/wanderundpilgerakademie\/der-wald-als-arbeitsort-und-erholungsraum-3\/"]}]},{"@type":"ImageObject","inLanguage":"de","@id":"https:\/\/www.ltv-sachsen.de\/wanderundpilgerakademie\/der-wald-als-arbeitsort-und-erholungsraum-3\/#primaryimage","url":"https:\/\/www.ltv-sachsen.de\/wp-content\/uploads\/sites\/2\/2022\/07\/bild_klein_63522_orig.jpg","contentUrl":"https:\/\/www.ltv-sachsen.de\/wp-content\/uploads\/sites\/2\/2022\/07\/bild_klein_63522_orig.jpg"},{"@type":"BreadcrumbList","@id":"https:\/\/www.ltv-sachsen.de\/wanderundpilgerakademie\/der-wald-als-arbeitsort-und-erholungsraum-3\/#breadcrumb","itemListElement":[{"@type":"ListItem","position":1,"name":"Home","item":"https:\/\/www.ltv-sachsen.de\/wanderundpilgerakademie\/"},{"@type":"ListItem","position":2,"name":"Der Wald als Arbeitsort und Erholungsraum"}]},{"@type":"WebSite","@id":"https:\/\/www.ltv-sachsen.de\/wanderundpilgerakademie\/#website","url":"https:\/\/www.ltv-sachsen.de\/wanderundpilgerakademie\/","name":"Wander- und Pilgerakademie","description":"Allgemeine Infos zur Wander- und Pilgerakademie","potentialAction":[{"@type":"SearchAction","target":{"@type":"EntryPoint","urlTemplate":"https:\/\/www.ltv-sachsen.de\/wanderundpilgerakademie\/?s={search_term_string}"},"query-input":{"@type":"PropertyValueSpecification","valueRequired":true,"valueName":"search_term_string"}}],"inLanguage":"de"},{"@type":"Person","@id":"","url":"https:\/\/www.ltv-sachsen.de\/wanderundpilgerakademie\/author\/"}]}},"_links":{"self":[{"href":"https:\/\/www.ltv-sachsen.de\/wanderundpilgerakademie\/wp-json\/wp\/v2\/posts\/327","targetHints":{"allow":["GET"]}}],"collection":[{"href":"https:\/\/www.ltv-sachsen.de\/wanderundpilgerakademie\/wp-json\/wp\/v2\/posts"}],"about":[{"href":"https:\/\/www.ltv-sachsen.de\/wanderundpilgerakademie\/wp-json\/wp\/v2\/types\/post"}],"author":[{"embeddable":true,"href":"https:\/\/www.ltv-sachsen.de\/wanderundpilgerakademie\/wp-json\/wp\/v2\/users\/1"}],"replies":[{"embeddable":true,"href":"https:\/\/www.ltv-sachsen.de\/wanderundpilgerakademie\/wp-json\/wp\/v2\/comments?post=327"}],"version-history":[{"count":1,"href":"https:\/\/www.ltv-sachsen.de\/wanderundpilgerakademie\/wp-json\/wp\/v2\/posts\/327\/revisions"}],"predecessor-version":[{"id":328,"href":"https:\/\/www.ltv-sachsen.de\/wanderundpilgerakademie\/wp-json\/wp\/v2\/posts\/327\/revisions\/328"}],"wp:featuredmedia":[{"embeddable":true,"href":"https:\/\/www.ltv-sachsen.de\/wanderundpilgerakademie\/wp-json\/wp\/v2\/media\/322"}],"wp:attachment":[{"href":"https:\/\/www.ltv-sachsen.de\/wanderundpilgerakademie\/wp-json\/wp\/v2\/media?parent=327"}],"wp:term":[{"taxonomy":"category","embeddable":true,"href":"https:\/\/www.ltv-sachsen.de\/wanderundpilgerakademie\/wp-json\/wp\/v2\/categories?post=327"},{"taxonomy":"post_tag","embeddable":true,"href":"https:\/\/www.ltv-sachsen.de\/wanderundpilgerakademie\/wp-json\/wp\/v2\/tags?post=327"}],"curies":[{"name":"wp","href":"https:\/\/api.w.org\/{rel}","templated":true}]}}