{"id":315,"date":"2022-01-16T01:00:00","date_gmt":"2022-01-15T23:00:00","guid":{"rendered":"https:\/\/www.ltv-sachsen.de\/wanderundpilgerakademie\/sachsen-erhoeht-foerdervolumen-fuer-wander-und-pilgerprojekte\/"},"modified":"2022-07-14T15:02:51","modified_gmt":"2022-07-14T13:02:51","slug":"sachsen-erhoeht-foerdervolumen-fuer-wander-und-pilgerprojekte","status":"publish","type":"post","link":"https:\/\/www.ltv-sachsen.de\/wanderundpilgerakademie\/sachsen-erhoeht-foerdervolumen-fuer-wander-und-pilgerprojekte\/","title":{"rendered":"Sachsen erh\u00f6ht F\u00f6rdervolumen f\u00fcr Wander- und Pilgerprojekte"},"content":{"rendered":"<div class=\"wpb-content-wrapper\"><p>[vc_row ppi_row_padding=&#8220;ppi_remove_padding_top,ppi_remove_padding_bottom&#8220; full_width=&#8220;ppi_small_row&#8220;][vc_column][vc_column_text]<strong>Mit einem Kleinprojektefonds unterst\u00fctzt der Freistaat touristische Vereine und Initiativen. Aufgrund der gro\u00dfen Resonanz wurden die F\u00f6rdermittel f\u00fcr 2021 kurzfristig deutlich aufgestockt.<\/strong><\/p>\n<p><strong>(ltvs) Sachsen wird immer mehr zum Wander- und Pilgerland. Das Staatsministerium f\u00fcr Wissenschaft, Kultur und Tourismus f\u00f6rdert deshalb Akteure, die sich ehrenamtlich f\u00fcr die Verbesserung der touristischen Infrastruktur im Bereich Wandern und Pilgern engagieren. Die 2021 ins Leben gerufene erste s\u00e4chsische Wander- und Pilgerakademie bietet ehrenamtlich t\u00e4tigen Wanderf\u00fchrern, Wegewarten und Pilgerbegleitern die Chance, sich nachhaltig zu qualifizieren. Des Weiteren erm\u00f6glicht ein Kleinprojektefond Vereinen und Initiativen, eigene Vorhaben auf den Weg zu bringen.<\/strong><\/p>\n<p>Der Aufruf dazu wurde im Dezember 2021 gestartet. Er richtete sich an Kirchgemeinden, Pilgerstationen, Beherbergungsbetriebe, Kommunen und regionale Wandervereine. Sie k\u00f6nnen f\u00fcr ihre Vorhaben zur Verbesserung der Kleinstinfrastruktur im Umfeld der Wander- und Pilgerwege bis zu 2.000 Euro F\u00f6rderung erhalten. Zehn Prozent der Summe ist dabei als Eigenanteil zu erbringen.[\/vc_column_text][\/vc_column][\/vc_row][vc_row ppi_row_padding=&#8220;ppi_remove_padding_top,ppi_remove_padding_bottom&#8220;][vc_column]<div class=\"quotebox\"><div class=\"swiper-container swiper-container-69f2a4c7b1528\" data-swiper-id=\"69f2a4c7b1528\"><div class=\"swiper-wrapper\"><div class=\"swiper-slide\"><div class=\"hidden\"><\/div><div class=\"ppi_col-xs-12\"><p class=\"quotebox__text\">\u201eF\u00fcr 2021 war ein F\u00f6rdervolumen von insgesamt 100.000 Euro vorgesehen. Eine Chance, die weit mehr s\u00e4chsische Vereine, Kirchgemeinden und Kommunen in Zusammenarbeit mit ehrenamtlichen Wegewarten f\u00fcr sich nutzen wollten als erwartet. Ich bin \u00fcberw\u00e4ltigt, dass aus allen Teilen Sachsens in kurzer Zeit 340 Antr\u00e4ge eingingen. Damit wurde eine F\u00f6rdersumme von fast 400.000 Euro beantragt.\"<\/p><div class=\"quotebox__author\"><span class=\"quotebox__author--name\">Barbara Klepsch<\/span><br>Tourismusministerin Sachsen<\/div><\/div><\/div><div class=\"swiper-slide\"><div class=\"hidden\"><\/div><div class=\"ppi_col-xs-12\"><p class=\"quotebox__text\">\u201eDie gro\u00dfe Resonanz hat gezeigt, dass der Bedarf an unkomplizierten F\u00f6rderm\u00f6glichkeiten f\u00fcr \u00fcberwiegend ehrenamtliche Akteure hoch ist. Deshalb wurde gemeinsam mit dem Tourismusministerium entschieden, das F\u00f6rdervolumen f\u00fcr 2021 kurzfristig auf 350.000 Euro aufzustocken. So k\u00f6nnen sich nun 207 Antragsteller im ganzen Land \u00fcber Unterst\u00fctzung freuen.\u201c<\/p><div class=\"quotebox__author\"><span class=\"quotebox__author--name\">J\u00f6rg Markert<\/span><br>Pr\u00e4sident des LTV SACHSEN<\/div><\/div><\/div><\/div><\/div><button class=\"button--primary icon--right1 swiper-button-prev swiper-button-prev-69f2a4c7b1528\" style=\"transform: scaleX(-1);\"><\/button><button class=\"button--primary icon--right1 swiper-button-next swiper-button-next-69f2a4c7b1528 \"><\/button><\/div>[\/vc_column][\/vc_row][vc_row ppi_row_padding=&#8220;ppi_remove_padding_top&#8220; ppi_row_type=&#8220;ppi_default_accent_two&#8220; full_width=&#8220;ppi_small_row_stretch&#8220;][vc_column][vc_column_text]Der \u00fcberwiegende Teil der Antragsteller waren Vereine (46 Prozent) und Kirchgemeinden (40 Prozent). 14 Prozent der Bewerbungen kamen von Kommunen und Herbergsbetrieben.<\/p>\n<p>Damit st\u00e4rke der Freistaat das Ehrenamt und insbesondere die haupts\u00e4chlich auf Spenden angewiesenen regionalen Initiativen und Strukturen. \u201eDas ist der richtige Weg\u201c, res\u00fcmiert J\u00f6rg Markert.<\/p>\n<p>Ganz oben auf der Liste der beantragten Vorhaben stehen Ma\u00dfnahmen zur Aufwertung der Infrastruktur. Zwei Drittel aller Antragsteller wollen die Bedingungen entlang der Wander- und Pilgerwege sowie im Umfeld der Herbergen verbessern. Das k\u00f6nnen z.B. der Bau von Schutzh\u00fctten oder das Aufstellen von B\u00e4nken an Verweil- und Rastpl\u00e4tzen sein. Mehr Sichtbarkeit f\u00fcr die bestehenden Angebote in Form von Wegweisern und Infotafeln m\u00f6chte ein Viertel der Bewerber durch die F\u00f6rderung erreichen. Au\u00dferdem wird die finanzielle Unterst\u00fctzung f\u00fcr die Vernetzung und den Ausbau der Zusammenarbeit zwischen touristischen und kirchlichen Akteuren, Kommunen und Wegewarten eingesetzt.<\/p>\n<p>Auch im neuen Jahr sollen die Aktivit\u00e4ten weiter gest\u00e4rkt werden. So sind ab April neue Ausbildungskurse zum Wegewart und zum Pilgerbegleiter geplant. Die Wander- und Pilgerakademie selbst soll m\u00f6glichst \u00fcber das laufende Jahr hinaus nachhaltig weiterentwickelt werden. Voraussetzung daf\u00fcr ist die Weiterf\u00fchrung im n\u00e4chsten Staatshaushalt.<br \/>\nIn den s\u00e4chsischen Tourismusregionen wird es Veranstaltungen mit kirchlichen und touristischen Akteuren geben. Diese k\u00f6nnen sich auch 2022 um eine Unterst\u00fctzung im Rahmen der Kleinprojektef\u00f6rderung bewerben. Damit soll Sachsen als Wander- und Pilgerland noch bekannter werden.[\/vc_column_text][\/vc_column][\/vc_row][vc_row ppi_row_type=&#8220;ppi_light_green&#8220; full_width=&#8220;ppi_small_row_stretch&#8220;][vc_column][vc_column_text]<u>Hintergrund:<\/u><br \/>\nTr\u00e4ger der Wander- und Pilgerakademie Sachsen in Kohren-Sahlis ist die Evangelische Erwachsenenbildung Sachsen (<a href=\"http:\/\/www.eeb-sachsen.de\">www.eeb-sachsen.de<\/a>), ein Werk der Evangelisch-Lutherischen Landeskirche Sachsens. Das Projekt wird fachlich vom LTV SACHSEN und einem Beirat begleitet. Die Arbeit wird mitfinanziert durch Steuermittel auf der Grundlage des vom S\u00e4chsischen Landtag beschlossenen Haushalts.<\/p>\n<p>S\u00e4chsisches Staatsministerium f\u00fcr Wissenschaft Kultur und Tourismus, Pressesprecher J\u00f6rg F\u00f6rster, Tel.: 0351 564-60620, E-Mail:\u00a0presse.kt@smwk.sachsen.de<\/p>\n<p><strong>Landestourismusverband Sachsen e.V. (LTV SACHSEN)<\/strong><br \/>\nAls Dachverband repr\u00e4sentiert der LTV SACHSEN rund 4.500 direkte und indirekte Mitglieder aus dem gesamten Dienstleistungssektor. Die breit gef\u00e4cherte Mitgliederpalette unterst\u00fctzt dabei seine Aufgabe, die Interessen des mittelst\u00e4ndisch gepr\u00e4gten Tourismus in Sachsen zu vertreten. Wichtiges Anliegen: Eine Tourismuspolitik in Sachsen, die auf Wettbewerbsf\u00e4higkeit,\u00a0Qualit\u00e4t, Innovation und Nachhaltigkeit ausgerichtet ist. Der Tourismus erwirtschaftet in Sachsen einen Jahresumsatz von 8,1 Milliarden Euro, der 194.000 Menschen Besch\u00e4ftigung sichert.[\/vc_column_text][\/vc_column][\/vc_row]<\/p>\n<\/div>","protected":false},"excerpt":{"rendered":"<p>[vc_row ppi_row_padding=&#8220;ppi_remove_padding_top,ppi_remove_padding_bottom&#8220; full_width=&#8220;ppi_small_row&#8220;][vc_column][vc_column_text]Mit einem Kleinprojektefonds unterst\u00fctzt der Freistaat touristische Vereine und Initiativen. Aufgrund der gro\u00dfen Resonanz wurden die F\u00f6rdermittel f\u00fcr 2021 kurzfristig deutlich aufgestockt. (ltvs) Sachsen wird immer mehr zum Wander- und Pilgerland. Das Staatsministerium f\u00fcr Wissenschaft, Kultur und Tourismus f\u00f6rdert deshalb Akteure, die sich ehrenamtlich f\u00fcr die Verbesserung der touristischen Infrastruktur im Bereich Wandern [&hellip;]<\/p>\n","protected":false},"author":1,"featured_media":360,"comment_status":"closed","ping_status":"open","sticky":false,"template":"","format":"standard","meta":{"_acf_changed":false,"inline_featured_image":false,"footnotes":""},"categories":[5,33],"tags":[],"class_list":["post-315","post","type-post","status-publish","format-standard","has-post-thumbnail","hentry","category-presse","category-presse-2"],"acf":[],"yoast_head":"<!-- This site is optimized with the Yoast SEO plugin v26.4 - https:\/\/yoast.com\/wordpress\/plugins\/seo\/ -->\n<title>Sachsen erh\u00f6ht F\u00f6rdervolumen f\u00fcr Wander- und Pilgerprojekte - Wander- und Pilgerakademie<\/title>\n<meta name=\"robots\" content=\"index, follow, max-snippet:-1, max-image-preview:large, max-video-preview:-1\" \/>\n<link rel=\"canonical\" href=\"https:\/\/www.ltv-sachsen.de\/wanderundpilgerakademie\/sachsen-erhoeht-foerdervolumen-fuer-wander-und-pilgerprojekte\/\" \/>\n<meta property=\"og:locale\" content=\"de_DE\" \/>\n<meta property=\"og:type\" content=\"article\" \/>\n<meta property=\"og:title\" content=\"Sachsen erh\u00f6ht F\u00f6rdervolumen f\u00fcr Wander- und Pilgerprojekte - Wander- und Pilgerakademie\" \/>\n<meta property=\"og:description\" content=\"[vc_row ppi_row_padding=&#8220;ppi_remove_padding_top,ppi_remove_padding_bottom&#8220; full_width=&#8220;ppi_small_row&#8220;][vc_column][vc_column_text]Mit einem Kleinprojektefonds unterst\u00fctzt der Freistaat touristische Vereine und Initiativen. Aufgrund der gro\u00dfen Resonanz wurden die F\u00f6rdermittel f\u00fcr 2021 kurzfristig deutlich aufgestockt. (ltvs) Sachsen wird immer mehr zum Wander- und Pilgerland. Das Staatsministerium f\u00fcr Wissenschaft, Kultur und Tourismus f\u00f6rdert deshalb Akteure, die sich ehrenamtlich f\u00fcr die Verbesserung der touristischen Infrastruktur im Bereich Wandern [&hellip;]\" \/>\n<meta property=\"og:url\" content=\"https:\/\/www.ltv-sachsen.de\/wanderundpilgerakademie\/sachsen-erhoeht-foerdervolumen-fuer-wander-und-pilgerprojekte\/\" \/>\n<meta property=\"og:site_name\" content=\"Wander- und Pilgerakademie\" \/>\n<meta property=\"article:published_time\" content=\"2022-01-15T23:00:00+00:00\" \/>\n<meta property=\"article:modified_time\" content=\"2022-07-14T13:02:51+00:00\" \/>\n<meta property=\"og:image\" content=\"https:\/\/www.ltv-sachsen.de\/wp-content\/uploads\/sites\/2\/2022\/07\/MG_5773-1.jpg\" \/>\n\t<meta property=\"og:image:width\" content=\"1500\" \/>\n\t<meta property=\"og:image:height\" content=\"1000\" \/>\n\t<meta property=\"og:image:type\" content=\"image\/jpeg\" \/>\n<meta name=\"twitter:card\" content=\"summary_large_image\" \/>\n<meta name=\"twitter:label1\" content=\"Verfasst von\" \/>\n\t<meta name=\"twitter:data1\" content=\"\" \/>\n\t<meta name=\"twitter:label2\" content=\"Gesch\u00e4tzte Lesezeit\" \/>\n\t<meta name=\"twitter:data2\" content=\"4\u00a0Minuten\" \/>\n<script type=\"application\/ld+json\" class=\"yoast-schema-graph\">{\"@context\":\"https:\/\/schema.org\",\"@graph\":[{\"@type\":\"WebPage\",\"@id\":\"https:\/\/www.ltv-sachsen.de\/wanderundpilgerakademie\/sachsen-erhoeht-foerdervolumen-fuer-wander-und-pilgerprojekte\/\",\"url\":\"https:\/\/www.ltv-sachsen.de\/wanderundpilgerakademie\/sachsen-erhoeht-foerdervolumen-fuer-wander-und-pilgerprojekte\/\",\"name\":\"Sachsen erh\u00f6ht F\u00f6rdervolumen f\u00fcr Wander- und Pilgerprojekte - Wander- und Pilgerakademie\",\"isPartOf\":{\"@id\":\"https:\/\/www.ltv-sachsen.de\/wanderundpilgerakademie\/#website\"},\"primaryImageOfPage\":{\"@id\":\"https:\/\/www.ltv-sachsen.de\/wanderundpilgerakademie\/sachsen-erhoeht-foerdervolumen-fuer-wander-und-pilgerprojekte\/#primaryimage\"},\"image\":{\"@id\":\"https:\/\/www.ltv-sachsen.de\/wanderundpilgerakademie\/sachsen-erhoeht-foerdervolumen-fuer-wander-und-pilgerprojekte\/#primaryimage\"},\"thumbnailUrl\":\"https:\/\/www.ltv-sachsen.de\/wp-content\/uploads\/sites\/2\/2022\/07\/MG_5773-1.jpg\",\"datePublished\":\"2022-01-15T23:00:00+00:00\",\"dateModified\":\"2022-07-14T13:02:51+00:00\",\"author\":{\"@id\":\"\"},\"breadcrumb\":{\"@id\":\"https:\/\/www.ltv-sachsen.de\/wanderundpilgerakademie\/sachsen-erhoeht-foerdervolumen-fuer-wander-und-pilgerprojekte\/#breadcrumb\"},\"inLanguage\":\"de\",\"potentialAction\":[{\"@type\":\"ReadAction\",\"target\":[\"https:\/\/www.ltv-sachsen.de\/wanderundpilgerakademie\/sachsen-erhoeht-foerdervolumen-fuer-wander-und-pilgerprojekte\/\"]}]},{\"@type\":\"ImageObject\",\"inLanguage\":\"de\",\"@id\":\"https:\/\/www.ltv-sachsen.de\/wanderundpilgerakademie\/sachsen-erhoeht-foerdervolumen-fuer-wander-und-pilgerprojekte\/#primaryimage\",\"url\":\"https:\/\/www.ltv-sachsen.de\/wp-content\/uploads\/sites\/2\/2022\/07\/MG_5773-1.jpg\",\"contentUrl\":\"https:\/\/www.ltv-sachsen.de\/wp-content\/uploads\/sites\/2\/2022\/07\/MG_5773-1.jpg\",\"width\":1500,\"height\":1000},{\"@type\":\"BreadcrumbList\",\"@id\":\"https:\/\/www.ltv-sachsen.de\/wanderundpilgerakademie\/sachsen-erhoeht-foerdervolumen-fuer-wander-und-pilgerprojekte\/#breadcrumb\",\"itemListElement\":[{\"@type\":\"ListItem\",\"position\":1,\"name\":\"Home\",\"item\":\"https:\/\/www.ltv-sachsen.de\/wanderundpilgerakademie\/\"},{\"@type\":\"ListItem\",\"position\":2,\"name\":\"Sachsen erh\u00f6ht F\u00f6rdervolumen f\u00fcr Wander- und Pilgerprojekte\"}]},{\"@type\":\"WebSite\",\"@id\":\"https:\/\/www.ltv-sachsen.de\/wanderundpilgerakademie\/#website\",\"url\":\"https:\/\/www.ltv-sachsen.de\/wanderundpilgerakademie\/\",\"name\":\"Wander- und Pilgerakademie\",\"description\":\"Allgemeine Infos zur Wander- und Pilgerakademie\",\"potentialAction\":[{\"@type\":\"SearchAction\",\"target\":{\"@type\":\"EntryPoint\",\"urlTemplate\":\"https:\/\/www.ltv-sachsen.de\/wanderundpilgerakademie\/?s={search_term_string}\"},\"query-input\":{\"@type\":\"PropertyValueSpecification\",\"valueRequired\":true,\"valueName\":\"search_term_string\"}}],\"inLanguage\":\"de\"},{\"@type\":\"Person\",\"@id\":\"\",\"url\":\"https:\/\/www.ltv-sachsen.de\/wanderundpilgerakademie\/author\/\"}]}<\/script>\n<!-- \/ Yoast SEO plugin. -->","yoast_head_json":{"title":"Sachsen erh\u00f6ht F\u00f6rdervolumen f\u00fcr Wander- und Pilgerprojekte - Wander- und Pilgerakademie","robots":{"index":"index","follow":"follow","max-snippet":"max-snippet:-1","max-image-preview":"max-image-preview:large","max-video-preview":"max-video-preview:-1"},"canonical":"https:\/\/www.ltv-sachsen.de\/wanderundpilgerakademie\/sachsen-erhoeht-foerdervolumen-fuer-wander-und-pilgerprojekte\/","og_locale":"de_DE","og_type":"article","og_title":"Sachsen erh\u00f6ht F\u00f6rdervolumen f\u00fcr Wander- und Pilgerprojekte - Wander- und Pilgerakademie","og_description":"[vc_row ppi_row_padding=&#8220;ppi_remove_padding_top,ppi_remove_padding_bottom&#8220; full_width=&#8220;ppi_small_row&#8220;][vc_column][vc_column_text]Mit einem Kleinprojektefonds unterst\u00fctzt der Freistaat touristische Vereine und Initiativen. Aufgrund der gro\u00dfen Resonanz wurden die F\u00f6rdermittel f\u00fcr 2021 kurzfristig deutlich aufgestockt. (ltvs) Sachsen wird immer mehr zum Wander- und Pilgerland. Das Staatsministerium f\u00fcr Wissenschaft, Kultur und Tourismus f\u00f6rdert deshalb Akteure, die sich ehrenamtlich f\u00fcr die Verbesserung der touristischen Infrastruktur im Bereich Wandern [&hellip;]","og_url":"https:\/\/www.ltv-sachsen.de\/wanderundpilgerakademie\/sachsen-erhoeht-foerdervolumen-fuer-wander-und-pilgerprojekte\/","og_site_name":"Wander- und Pilgerakademie","article_published_time":"2022-01-15T23:00:00+00:00","article_modified_time":"2022-07-14T13:02:51+00:00","og_image":[{"width":1500,"height":1000,"url":"https:\/\/www.ltv-sachsen.de\/wp-content\/uploads\/sites\/2\/2022\/07\/MG_5773-1.jpg","type":"image\/jpeg"}],"twitter_card":"summary_large_image","twitter_misc":{"Verfasst von":"","Gesch\u00e4tzte Lesezeit":"4\u00a0Minuten"},"schema":{"@context":"https:\/\/schema.org","@graph":[{"@type":"WebPage","@id":"https:\/\/www.ltv-sachsen.de\/wanderundpilgerakademie\/sachsen-erhoeht-foerdervolumen-fuer-wander-und-pilgerprojekte\/","url":"https:\/\/www.ltv-sachsen.de\/wanderundpilgerakademie\/sachsen-erhoeht-foerdervolumen-fuer-wander-und-pilgerprojekte\/","name":"Sachsen erh\u00f6ht F\u00f6rdervolumen f\u00fcr Wander- und Pilgerprojekte - Wander- und Pilgerakademie","isPartOf":{"@id":"https:\/\/www.ltv-sachsen.de\/wanderundpilgerakademie\/#website"},"primaryImageOfPage":{"@id":"https:\/\/www.ltv-sachsen.de\/wanderundpilgerakademie\/sachsen-erhoeht-foerdervolumen-fuer-wander-und-pilgerprojekte\/#primaryimage"},"image":{"@id":"https:\/\/www.ltv-sachsen.de\/wanderundpilgerakademie\/sachsen-erhoeht-foerdervolumen-fuer-wander-und-pilgerprojekte\/#primaryimage"},"thumbnailUrl":"https:\/\/www.ltv-sachsen.de\/wp-content\/uploads\/sites\/2\/2022\/07\/MG_5773-1.jpg","datePublished":"2022-01-15T23:00:00+00:00","dateModified":"2022-07-14T13:02:51+00:00","author":{"@id":""},"breadcrumb":{"@id":"https:\/\/www.ltv-sachsen.de\/wanderundpilgerakademie\/sachsen-erhoeht-foerdervolumen-fuer-wander-und-pilgerprojekte\/#breadcrumb"},"inLanguage":"de","potentialAction":[{"@type":"ReadAction","target":["https:\/\/www.ltv-sachsen.de\/wanderundpilgerakademie\/sachsen-erhoeht-foerdervolumen-fuer-wander-und-pilgerprojekte\/"]}]},{"@type":"ImageObject","inLanguage":"de","@id":"https:\/\/www.ltv-sachsen.de\/wanderundpilgerakademie\/sachsen-erhoeht-foerdervolumen-fuer-wander-und-pilgerprojekte\/#primaryimage","url":"https:\/\/www.ltv-sachsen.de\/wp-content\/uploads\/sites\/2\/2022\/07\/MG_5773-1.jpg","contentUrl":"https:\/\/www.ltv-sachsen.de\/wp-content\/uploads\/sites\/2\/2022\/07\/MG_5773-1.jpg","width":1500,"height":1000},{"@type":"BreadcrumbList","@id":"https:\/\/www.ltv-sachsen.de\/wanderundpilgerakademie\/sachsen-erhoeht-foerdervolumen-fuer-wander-und-pilgerprojekte\/#breadcrumb","itemListElement":[{"@type":"ListItem","position":1,"name":"Home","item":"https:\/\/www.ltv-sachsen.de\/wanderundpilgerakademie\/"},{"@type":"ListItem","position":2,"name":"Sachsen erh\u00f6ht F\u00f6rdervolumen f\u00fcr Wander- und Pilgerprojekte"}]},{"@type":"WebSite","@id":"https:\/\/www.ltv-sachsen.de\/wanderundpilgerakademie\/#website","url":"https:\/\/www.ltv-sachsen.de\/wanderundpilgerakademie\/","name":"Wander- und Pilgerakademie","description":"Allgemeine Infos zur Wander- und Pilgerakademie","potentialAction":[{"@type":"SearchAction","target":{"@type":"EntryPoint","urlTemplate":"https:\/\/www.ltv-sachsen.de\/wanderundpilgerakademie\/?s={search_term_string}"},"query-input":{"@type":"PropertyValueSpecification","valueRequired":true,"valueName":"search_term_string"}}],"inLanguage":"de"},{"@type":"Person","@id":"","url":"https:\/\/www.ltv-sachsen.de\/wanderundpilgerakademie\/author\/"}]}},"_links":{"self":[{"href":"https:\/\/www.ltv-sachsen.de\/wanderundpilgerakademie\/wp-json\/wp\/v2\/posts\/315","targetHints":{"allow":["GET"]}}],"collection":[{"href":"https:\/\/www.ltv-sachsen.de\/wanderundpilgerakademie\/wp-json\/wp\/v2\/posts"}],"about":[{"href":"https:\/\/www.ltv-sachsen.de\/wanderundpilgerakademie\/wp-json\/wp\/v2\/types\/post"}],"author":[{"embeddable":true,"href":"https:\/\/www.ltv-sachsen.de\/wanderundpilgerakademie\/wp-json\/wp\/v2\/users\/1"}],"replies":[{"embeddable":true,"href":"https:\/\/www.ltv-sachsen.de\/wanderundpilgerakademie\/wp-json\/wp\/v2\/comments?post=315"}],"version-history":[{"count":1,"href":"https:\/\/www.ltv-sachsen.de\/wanderundpilgerakademie\/wp-json\/wp\/v2\/posts\/315\/revisions"}],"predecessor-version":[{"id":319,"href":"https:\/\/www.ltv-sachsen.de\/wanderundpilgerakademie\/wp-json\/wp\/v2\/posts\/315\/revisions\/319"}],"wp:featuredmedia":[{"embeddable":true,"href":"https:\/\/www.ltv-sachsen.de\/wanderundpilgerakademie\/wp-json\/wp\/v2\/media\/360"}],"wp:attachment":[{"href":"https:\/\/www.ltv-sachsen.de\/wanderundpilgerakademie\/wp-json\/wp\/v2\/media?parent=315"}],"wp:term":[{"taxonomy":"category","embeddable":true,"href":"https:\/\/www.ltv-sachsen.de\/wanderundpilgerakademie\/wp-json\/wp\/v2\/categories?post=315"},{"taxonomy":"post_tag","embeddable":true,"href":"https:\/\/www.ltv-sachsen.de\/wanderundpilgerakademie\/wp-json\/wp\/v2\/tags?post=315"}],"curies":[{"name":"wp","href":"https:\/\/api.w.org\/{rel}","templated":true}]}}