{"id":307,"date":"2022-05-13T11:30:20","date_gmt":"2022-05-13T09:30:20","guid":{"rendered":"https:\/\/www.ltv-sachsen.de\/wanderundpilgerakademie\/14-mai-tag-des-wanderns-wandernachfrage-in-sachsen-hat-sich-erhoeht-2\/"},"modified":"2022-07-20T12:13:25","modified_gmt":"2022-07-20T10:13:25","slug":"14-mai-tag-des-wanderns-wandernachfrage-in-sachsen-hat-sich-erhoeht","status":"publish","type":"post","link":"https:\/\/www.ltv-sachsen.de\/wanderundpilgerakademie\/14-mai-tag-des-wanderns-wandernachfrage-in-sachsen-hat-sich-erhoeht\/","title":{"rendered":"14. Mai &#8211; Tag des Wanderns: Wandernachfrage in Sachsen hat sich erh\u00f6ht"},"content":{"rendered":"<div class=\"wpb-content-wrapper\"><p>[vc_row ppi_row_padding=&#8220;ppi_remove_padding_top&#8220; full_width=&#8220;ppi_small_row&#8220;][vc_column][vc_column_text]Die Beliebtheit des Wanderns hat in Sachsen in den letzten Jahren deutlich zugenommen und ist damit ein wichtiger Baustein f\u00fcr den Tourismus im Freistaat. Darauf weisen das S\u00e4chsische Tourismusministerium und der Landestourismusverband Sachsen anl\u00e4sslich des bundesweiten Tag des Wanderns am 14. Mai hin. Deutschlandweit werden am Tag des Wanderns diesmal \u00fcber 400 Veranstaltungen angeboten.<\/p>\n<p>In Sachsen ist laut den Ergebnissen der \u201eFachplanung touristische Wanderwege\u201c das Wandern bei jung wie alt beliebt, dabei nimmt die Wanderintensit\u00e4t mit dem Alter zu. Eine der beliebtesten Ausflugslandschaften f\u00fcr das Wandern ist das Mittelgebirge. \u00a0Das deckt sich mit dem bevorzugten Schwierigkeitsgrad eher moderater Wanderungen. Ein Hauptmotiv f\u00fcr das Wandern stellt insbesondere das Erlebnis in der Natur dar, gefolgt von aktiver Bewegung und Regeneration. Wandern ist sowohl durch Urlaubswanderer als auch Tagesausfl\u00fcgler gepr\u00e4gt.<\/p>\n<p>\u201eIch freue mich, dass wir im Freistaat bereits Qualit\u00e4tswanderwege anbieten k\u00f6nnen, die Besucher von nah und fern begeistern. Ich danke den vielen ehrenamtlichen Wanderf\u00fchrern und Wegewarten, die mit ihrer Arbeit den s\u00e4chsischen Wandertourismus noch attraktiver machen. Um dieses Ehrenamt zu unterst\u00fctzen und den s\u00e4chsischen Wandertourismus zu festigen, stellen wir gezielt finanzielle Mittel zur Verf\u00fcgung. Das Wandern ist schon jetzt f\u00fcr Sachsen ein wichtiger Bestandteil des Ganzjahrestourismus\u201c, betont Sachsens Tourismusministerin Barbara Klepsch.<\/p>\n<p>Gef\u00f6rdert wird das Wandern in Sachsen auf sehr vielf\u00e4ltige Weise. Unterst\u00fctzt werden dabei nicht nur die Wanderwegeinfrastruktur, wie die Markierung und Beschilderung. Auch die Qualit\u00e4tsentwicklung und Vermarktung der Wanderwege wird gef\u00f6rdert. Mit einem Kleinprojektefonds hat das S\u00e4chsische Tourismusministerium in 2021 unter anderem Initiativen im Wander- und Pilgertourismus in H\u00f6he von 350.000 Euro gef\u00f6rdert. Dieses Jahr stehen f\u00fcr den Kleinprojektefonds bisher 100.000 Euro zur Verf\u00fcgung.<\/p>\n<p>Der Kleinprojektefonds erm\u00f6glicht damit Vereinen und Initiativen, eigene Vorhaben zum Beispiel zur Verbesserung der Kleinstinfrastruktur im Umfeld der Wander- und Pilgerwege auf den Weg zu bringen. Dar\u00fcber hinaus haben ehrenamtlich t\u00e4tige Wanderf\u00fchrer, Wegewarte und Pilgerbegleiter die Chance, sich nachhaltig \u00fcber die 2021 ins Leben gerufene erste s\u00e4chsische Wander- und Pilgerakademie zu qualifizieren. Auch in diesem Jahr sollen die Aktivit\u00e4ten weiter gest\u00e4rkt werden.<\/p>\n<p>\u201eOb als Kurzausflug ins Lausitzer Seenland, als Tagestour durch die S\u00e4chsische Schweiz oder entlang der Via Regia durch ganz Sachsen: Wandern und Pilgern in Sachsen ist Balsam f\u00fcr K\u00f6rper und Seele! Die einzigartigen Regionen in unserem Reiseland sind hervorragend f\u00fcr Wanderurlaub und Pilgerreisen geeignet. Sachsen verf\u00fcgt nicht nur \u00fcber Wander- sondern auch \u00fcber viele Pilgerwege wie z.B. den \u201eLutherweg\u201c. Nehmen Sie den deutschlandweiten Tag des Wanderns zum Anlass und gehen Sie selbst auf Entdeckungstour oder nutzen Sie das Angebot gef\u00fchrter Wanderungen! Unser gro\u00dfer Dank gilt den vielen ehrenamtlich engagierten Wanderf\u00fchrern, Pilgerbegleitern und Wegewarten in Sachsen, die unsere Wege erlebbar machen und sich f\u00fcr deren Pflege und Erhalt einsetzen. Sie werden seit letztem Jahr in Sachen Qualifizierung, Vernetzung und finanzieller Hilfe unterst\u00fctzt durch die Wander- und Pilgerakademie Sachsen. Darauf sind wir sehr stolz.\u201c, sagt J\u00f6rg Markert, Pr\u00e4sident des Landestourismusverbandes Sachsen e.V.<\/p>\n<p>Das Wanderwegenetz umfasst verschiedene Wegekategorien. Dazu z\u00e4hlen unter anderem europ\u00e4ische und nationale Fernwanderwege sowie \u00fcberregionale und regionale Gebietswanderwege. Mit der digitalen Erfassung der Wanderwege in Sachsen verf\u00fcgt Sachsen ein Wanderwegenetz mit rund 17.000 km (Stand Juni 2017). Insbesondere die Qualit\u00e4t der Wanderwege ist ma\u00dfgebend f\u00fcr die Wahl einer Wanderregion. In Sachsen gibt es bereits f\u00fcnf qualifizierte Wanderwege, zum Beispiel den Oberlausitzer Bergweg, den Kammweg Erzgebirge\/Vogtland oder den Vogtland Panorama Weg. Letzterer ist zudem bei der Wahl \u201eDeutschlands Sch\u00f6nster Wanderweg\u201c als Mehrtagestour nominiert und hat gute Chancen auf eine Platzierung. Noch bis zum 30.06.2022 kann hier abgestimmt werden:\u00a0<a href=\"https:\/\/wandermagazin.de\/wahlstudio\" target=\"_blank\" rel=\"noopener\">https:\/\/wandermagazin.de\/wahlstudio<\/a>.<\/p>\n<p>Nach Angaben der Tourismus Marketing Gesellschaft Sachsen mbH (TMGS), die im Auftrag des Freistaates f\u00fcr die nationale und internationale Tourismusvermarktung des Reiselandes Sachsen verantwortlich sind, ist der Malerweg dabei einer der beliebtesten Wanderwege Deutschlands.<br \/>\nDer Deutsche Wanderverband (DWV) ruft j\u00e4hrlich am 14. Mai den bundesweiten Tag des Wanderns aus. Es werden an diesem Tag zahlreiche Wanderaktionen von Vereinen, Unternehmen, Kommunen, Schulen, Naturschutz und anderen Organisationen angeboten, welche die breite Thematik des Wanderns widerspiegeln. Auch in Sachsen finden zahlreiche Veranstaltungen statt. Eine \u00dcbersicht dazu gibt es im Internet unter\u00a0<a href=\"https:\/\/www.wanderverband.de\/termine\/tag-des-wanderns\" target=\"_blank\" rel=\"noopener\">https:\/\/www.wanderverband.de\/termine\/tag-des-wanderns<\/a>.[\/vc_column_text][vc_column_text]<strong>Gemeinsame Pressemitteilung vom S\u00e4chsischen Staatsministerium f\u00fcr Wissenschaft, Kultur und Tourismus und dem\u00a0\u00a0Landestourismusverband Sachsen eV (LTV SACHSEN)<\/strong>[\/vc_column_text][\/vc_column][\/vc_row]<\/p>\n<\/div>","protected":false},"excerpt":{"rendered":"<p>[vc_row ppi_row_padding=&#8220;ppi_remove_padding_top&#8220; full_width=&#8220;ppi_small_row&#8220;][vc_column][vc_column_text]Die Beliebtheit des Wanderns hat in Sachsen in den letzten Jahren deutlich zugenommen und ist damit ein wichtiger Baustein f\u00fcr den Tourismus im Freistaat. Darauf weisen das S\u00e4chsische Tourismusministerium und der Landestourismusverband Sachsen anl\u00e4sslich des bundesweiten Tag des Wanderns am 14. Mai hin. Deutschlandweit werden am Tag des Wanderns diesmal \u00fcber 400 Veranstaltungen [&hellip;]<\/p>\n","protected":false},"author":3,"featured_media":305,"comment_status":"open","ping_status":"open","sticky":false,"template":"","format":"standard","meta":{"_acf_changed":false,"inline_featured_image":false,"footnotes":""},"categories":[5,34],"tags":[],"class_list":["post-307","post","type-post","status-publish","format-standard","has-post-thumbnail","hentry","category-presse","category-presse-3"],"acf":[],"yoast_head":"<!-- This site is optimized with the Yoast SEO plugin v26.4 - https:\/\/yoast.com\/wordpress\/plugins\/seo\/ -->\n<title>14. Mai - Tag des Wanderns: Wandernachfrage in Sachsen hat sich erh\u00f6ht - Wander- und Pilgerakademie<\/title>\n<meta name=\"robots\" content=\"index, follow, max-snippet:-1, max-image-preview:large, max-video-preview:-1\" \/>\n<link rel=\"canonical\" href=\"https:\/\/www.ltv-sachsen.de\/wanderundpilgerakademie\/14-mai-tag-des-wanderns-wandernachfrage-in-sachsen-hat-sich-erhoeht\/\" \/>\n<meta property=\"og:locale\" content=\"de_DE\" \/>\n<meta property=\"og:type\" content=\"article\" \/>\n<meta property=\"og:title\" content=\"14. Mai - Tag des Wanderns: Wandernachfrage in Sachsen hat sich erh\u00f6ht - Wander- und Pilgerakademie\" \/>\n<meta property=\"og:description\" content=\"[vc_row ppi_row_padding=&#8220;ppi_remove_padding_top&#8220; full_width=&#8220;ppi_small_row&#8220;][vc_column][vc_column_text]Die Beliebtheit des Wanderns hat in Sachsen in den letzten Jahren deutlich zugenommen und ist damit ein wichtiger Baustein f\u00fcr den Tourismus im Freistaat. Darauf weisen das S\u00e4chsische Tourismusministerium und der Landestourismusverband Sachsen anl\u00e4sslich des bundesweiten Tag des Wanderns am 14. Mai hin. Deutschlandweit werden am Tag des Wanderns diesmal \u00fcber 400 Veranstaltungen [&hellip;]\" \/>\n<meta property=\"og:url\" content=\"https:\/\/www.ltv-sachsen.de\/wanderundpilgerakademie\/14-mai-tag-des-wanderns-wandernachfrage-in-sachsen-hat-sich-erhoeht\/\" \/>\n<meta property=\"og:site_name\" content=\"Wander- und Pilgerakademie\" \/>\n<meta property=\"article:published_time\" content=\"2022-05-13T09:30:20+00:00\" \/>\n<meta property=\"article:modified_time\" content=\"2022-07-20T10:13:25+00:00\" \/>\n<meta property=\"og:image\" content=\"https:\/\/www.ltv-sachsen.de\/wp-content\/uploads\/sites\/2\/2022\/07\/MG_8184-min-scaled.jpg\" \/>\n\t<meta property=\"og:image:width\" content=\"1\" \/>\n\t<meta property=\"og:image:height\" content=\"1\" \/>\n\t<meta property=\"og:image:type\" content=\"image\/jpeg\" \/>\n<meta name=\"author\" content=\"tovar\" \/>\n<meta name=\"twitter:card\" content=\"summary_large_image\" \/>\n<meta name=\"twitter:label1\" content=\"Verfasst von\" \/>\n\t<meta name=\"twitter:data1\" content=\"tovar\" \/>\n\t<meta name=\"twitter:label2\" content=\"Gesch\u00e4tzte Lesezeit\" \/>\n\t<meta name=\"twitter:data2\" content=\"4\u00a0Minuten\" \/>\n<script type=\"application\/ld+json\" class=\"yoast-schema-graph\">{\"@context\":\"https:\/\/schema.org\",\"@graph\":[{\"@type\":\"WebPage\",\"@id\":\"https:\/\/www.ltv-sachsen.de\/wanderundpilgerakademie\/14-mai-tag-des-wanderns-wandernachfrage-in-sachsen-hat-sich-erhoeht\/\",\"url\":\"https:\/\/www.ltv-sachsen.de\/wanderundpilgerakademie\/14-mai-tag-des-wanderns-wandernachfrage-in-sachsen-hat-sich-erhoeht\/\",\"name\":\"14. Mai - Tag des Wanderns: Wandernachfrage in Sachsen hat sich erh\u00f6ht - Wander- und Pilgerakademie\",\"isPartOf\":{\"@id\":\"https:\/\/www.ltv-sachsen.de\/wanderundpilgerakademie\/#website\"},\"primaryImageOfPage\":{\"@id\":\"https:\/\/www.ltv-sachsen.de\/wanderundpilgerakademie\/14-mai-tag-des-wanderns-wandernachfrage-in-sachsen-hat-sich-erhoeht\/#primaryimage\"},\"image\":{\"@id\":\"https:\/\/www.ltv-sachsen.de\/wanderundpilgerakademie\/14-mai-tag-des-wanderns-wandernachfrage-in-sachsen-hat-sich-erhoeht\/#primaryimage\"},\"thumbnailUrl\":\"https:\/\/www.ltv-sachsen.de\/wp-content\/uploads\/sites\/2\/2022\/07\/MG_8184-min-scaled.jpg\",\"datePublished\":\"2022-05-13T09:30:20+00:00\",\"dateModified\":\"2022-07-20T10:13:25+00:00\",\"author\":{\"@id\":\"https:\/\/www.ltv-sachsen.de\/wanderundpilgerakademie\/#\/schema\/person\/8cb7d8b92487a52a55db446aeb35bc92\"},\"breadcrumb\":{\"@id\":\"https:\/\/www.ltv-sachsen.de\/wanderundpilgerakademie\/14-mai-tag-des-wanderns-wandernachfrage-in-sachsen-hat-sich-erhoeht\/#breadcrumb\"},\"inLanguage\":\"de\",\"potentialAction\":[{\"@type\":\"ReadAction\",\"target\":[\"https:\/\/www.ltv-sachsen.de\/wanderundpilgerakademie\/14-mai-tag-des-wanderns-wandernachfrage-in-sachsen-hat-sich-erhoeht\/\"]}]},{\"@type\":\"ImageObject\",\"inLanguage\":\"de\",\"@id\":\"https:\/\/www.ltv-sachsen.de\/wanderundpilgerakademie\/14-mai-tag-des-wanderns-wandernachfrage-in-sachsen-hat-sich-erhoeht\/#primaryimage\",\"url\":\"https:\/\/www.ltv-sachsen.de\/wp-content\/uploads\/sites\/2\/2022\/07\/MG_8184-min-scaled.jpg\",\"contentUrl\":\"https:\/\/www.ltv-sachsen.de\/wp-content\/uploads\/sites\/2\/2022\/07\/MG_8184-min-scaled.jpg\"},{\"@type\":\"BreadcrumbList\",\"@id\":\"https:\/\/www.ltv-sachsen.de\/wanderundpilgerakademie\/14-mai-tag-des-wanderns-wandernachfrage-in-sachsen-hat-sich-erhoeht\/#breadcrumb\",\"itemListElement\":[{\"@type\":\"ListItem\",\"position\":1,\"name\":\"Home\",\"item\":\"https:\/\/www.ltv-sachsen.de\/wanderundpilgerakademie\/\"},{\"@type\":\"ListItem\",\"position\":2,\"name\":\"14. Mai &#8211; Tag des Wanderns: Wandernachfrage in Sachsen hat sich erh\u00f6ht\"}]},{\"@type\":\"WebSite\",\"@id\":\"https:\/\/www.ltv-sachsen.de\/wanderundpilgerakademie\/#website\",\"url\":\"https:\/\/www.ltv-sachsen.de\/wanderundpilgerakademie\/\",\"name\":\"Wander- und Pilgerakademie\",\"description\":\"Allgemeine Infos zur Wander- und Pilgerakademie\",\"potentialAction\":[{\"@type\":\"SearchAction\",\"target\":{\"@type\":\"EntryPoint\",\"urlTemplate\":\"https:\/\/www.ltv-sachsen.de\/wanderundpilgerakademie\/?s={search_term_string}\"},\"query-input\":{\"@type\":\"PropertyValueSpecification\",\"valueRequired\":true,\"valueName\":\"search_term_string\"}}],\"inLanguage\":\"de\"},{\"@type\":\"Person\",\"@id\":\"https:\/\/www.ltv-sachsen.de\/wanderundpilgerakademie\/#\/schema\/person\/8cb7d8b92487a52a55db446aeb35bc92\",\"name\":\"tovar\",\"image\":{\"@type\":\"ImageObject\",\"inLanguage\":\"de\",\"@id\":\"https:\/\/www.ltv-sachsen.de\/wanderundpilgerakademie\/#\/schema\/person\/image\/\",\"url\":\"https:\/\/secure.gravatar.com\/avatar\/f95970e628ba24c6b1705c520d322ed8ed3d8d96f04c6681b1233653434b6317?s=96&d=mm&r=g\",\"contentUrl\":\"https:\/\/secure.gravatar.com\/avatar\/f95970e628ba24c6b1705c520d322ed8ed3d8d96f04c6681b1233653434b6317?s=96&d=mm&r=g\",\"caption\":\"tovar\"},\"url\":\"https:\/\/www.ltv-sachsen.de\/wanderundpilgerakademie\/author\/tovar\/\"}]}<\/script>\n<!-- \/ Yoast SEO plugin. -->","yoast_head_json":{"title":"14. Mai - Tag des Wanderns: Wandernachfrage in Sachsen hat sich erh\u00f6ht - Wander- und Pilgerakademie","robots":{"index":"index","follow":"follow","max-snippet":"max-snippet:-1","max-image-preview":"max-image-preview:large","max-video-preview":"max-video-preview:-1"},"canonical":"https:\/\/www.ltv-sachsen.de\/wanderundpilgerakademie\/14-mai-tag-des-wanderns-wandernachfrage-in-sachsen-hat-sich-erhoeht\/","og_locale":"de_DE","og_type":"article","og_title":"14. Mai - Tag des Wanderns: Wandernachfrage in Sachsen hat sich erh\u00f6ht - Wander- und Pilgerakademie","og_description":"[vc_row ppi_row_padding=&#8220;ppi_remove_padding_top&#8220; full_width=&#8220;ppi_small_row&#8220;][vc_column][vc_column_text]Die Beliebtheit des Wanderns hat in Sachsen in den letzten Jahren deutlich zugenommen und ist damit ein wichtiger Baustein f\u00fcr den Tourismus im Freistaat. Darauf weisen das S\u00e4chsische Tourismusministerium und der Landestourismusverband Sachsen anl\u00e4sslich des bundesweiten Tag des Wanderns am 14. Mai hin. Deutschlandweit werden am Tag des Wanderns diesmal \u00fcber 400 Veranstaltungen [&hellip;]","og_url":"https:\/\/www.ltv-sachsen.de\/wanderundpilgerakademie\/14-mai-tag-des-wanderns-wandernachfrage-in-sachsen-hat-sich-erhoeht\/","og_site_name":"Wander- und Pilgerakademie","article_published_time":"2022-05-13T09:30:20+00:00","article_modified_time":"2022-07-20T10:13:25+00:00","og_image":[{"url":"https:\/\/www.ltv-sachsen.de\/wp-content\/uploads\/sites\/2\/2022\/07\/MG_8184-min-scaled.jpg","width":1,"height":1,"type":"image\/jpeg"}],"author":"tovar","twitter_card":"summary_large_image","twitter_misc":{"Verfasst von":"tovar","Gesch\u00e4tzte Lesezeit":"4\u00a0Minuten"},"schema":{"@context":"https:\/\/schema.org","@graph":[{"@type":"WebPage","@id":"https:\/\/www.ltv-sachsen.de\/wanderundpilgerakademie\/14-mai-tag-des-wanderns-wandernachfrage-in-sachsen-hat-sich-erhoeht\/","url":"https:\/\/www.ltv-sachsen.de\/wanderundpilgerakademie\/14-mai-tag-des-wanderns-wandernachfrage-in-sachsen-hat-sich-erhoeht\/","name":"14. Mai - Tag des Wanderns: Wandernachfrage in Sachsen hat sich erh\u00f6ht - Wander- und Pilgerakademie","isPartOf":{"@id":"https:\/\/www.ltv-sachsen.de\/wanderundpilgerakademie\/#website"},"primaryImageOfPage":{"@id":"https:\/\/www.ltv-sachsen.de\/wanderundpilgerakademie\/14-mai-tag-des-wanderns-wandernachfrage-in-sachsen-hat-sich-erhoeht\/#primaryimage"},"image":{"@id":"https:\/\/www.ltv-sachsen.de\/wanderundpilgerakademie\/14-mai-tag-des-wanderns-wandernachfrage-in-sachsen-hat-sich-erhoeht\/#primaryimage"},"thumbnailUrl":"https:\/\/www.ltv-sachsen.de\/wp-content\/uploads\/sites\/2\/2022\/07\/MG_8184-min-scaled.jpg","datePublished":"2022-05-13T09:30:20+00:00","dateModified":"2022-07-20T10:13:25+00:00","author":{"@id":"https:\/\/www.ltv-sachsen.de\/wanderundpilgerakademie\/#\/schema\/person\/8cb7d8b92487a52a55db446aeb35bc92"},"breadcrumb":{"@id":"https:\/\/www.ltv-sachsen.de\/wanderundpilgerakademie\/14-mai-tag-des-wanderns-wandernachfrage-in-sachsen-hat-sich-erhoeht\/#breadcrumb"},"inLanguage":"de","potentialAction":[{"@type":"ReadAction","target":["https:\/\/www.ltv-sachsen.de\/wanderundpilgerakademie\/14-mai-tag-des-wanderns-wandernachfrage-in-sachsen-hat-sich-erhoeht\/"]}]},{"@type":"ImageObject","inLanguage":"de","@id":"https:\/\/www.ltv-sachsen.de\/wanderundpilgerakademie\/14-mai-tag-des-wanderns-wandernachfrage-in-sachsen-hat-sich-erhoeht\/#primaryimage","url":"https:\/\/www.ltv-sachsen.de\/wp-content\/uploads\/sites\/2\/2022\/07\/MG_8184-min-scaled.jpg","contentUrl":"https:\/\/www.ltv-sachsen.de\/wp-content\/uploads\/sites\/2\/2022\/07\/MG_8184-min-scaled.jpg"},{"@type":"BreadcrumbList","@id":"https:\/\/www.ltv-sachsen.de\/wanderundpilgerakademie\/14-mai-tag-des-wanderns-wandernachfrage-in-sachsen-hat-sich-erhoeht\/#breadcrumb","itemListElement":[{"@type":"ListItem","position":1,"name":"Home","item":"https:\/\/www.ltv-sachsen.de\/wanderundpilgerakademie\/"},{"@type":"ListItem","position":2,"name":"14. Mai &#8211; Tag des Wanderns: Wandernachfrage in Sachsen hat sich erh\u00f6ht"}]},{"@type":"WebSite","@id":"https:\/\/www.ltv-sachsen.de\/wanderundpilgerakademie\/#website","url":"https:\/\/www.ltv-sachsen.de\/wanderundpilgerakademie\/","name":"Wander- und Pilgerakademie","description":"Allgemeine Infos zur Wander- und Pilgerakademie","potentialAction":[{"@type":"SearchAction","target":{"@type":"EntryPoint","urlTemplate":"https:\/\/www.ltv-sachsen.de\/wanderundpilgerakademie\/?s={search_term_string}"},"query-input":{"@type":"PropertyValueSpecification","valueRequired":true,"valueName":"search_term_string"}}],"inLanguage":"de"},{"@type":"Person","@id":"https:\/\/www.ltv-sachsen.de\/wanderundpilgerakademie\/#\/schema\/person\/8cb7d8b92487a52a55db446aeb35bc92","name":"tovar","image":{"@type":"ImageObject","inLanguage":"de","@id":"https:\/\/www.ltv-sachsen.de\/wanderundpilgerakademie\/#\/schema\/person\/image\/","url":"https:\/\/secure.gravatar.com\/avatar\/f95970e628ba24c6b1705c520d322ed8ed3d8d96f04c6681b1233653434b6317?s=96&d=mm&r=g","contentUrl":"https:\/\/secure.gravatar.com\/avatar\/f95970e628ba24c6b1705c520d322ed8ed3d8d96f04c6681b1233653434b6317?s=96&d=mm&r=g","caption":"tovar"},"url":"https:\/\/www.ltv-sachsen.de\/wanderundpilgerakademie\/author\/tovar\/"}]}},"_links":{"self":[{"href":"https:\/\/www.ltv-sachsen.de\/wanderundpilgerakademie\/wp-json\/wp\/v2\/posts\/307","targetHints":{"allow":["GET"]}}],"collection":[{"href":"https:\/\/www.ltv-sachsen.de\/wanderundpilgerakademie\/wp-json\/wp\/v2\/posts"}],"about":[{"href":"https:\/\/www.ltv-sachsen.de\/wanderundpilgerakademie\/wp-json\/wp\/v2\/types\/post"}],"author":[{"embeddable":true,"href":"https:\/\/www.ltv-sachsen.de\/wanderundpilgerakademie\/wp-json\/wp\/v2\/users\/3"}],"replies":[{"embeddable":true,"href":"https:\/\/www.ltv-sachsen.de\/wanderundpilgerakademie\/wp-json\/wp\/v2\/comments?post=307"}],"version-history":[{"count":4,"href":"https:\/\/www.ltv-sachsen.de\/wanderundpilgerakademie\/wp-json\/wp\/v2\/posts\/307\/revisions"}],"predecessor-version":[{"id":440,"href":"https:\/\/www.ltv-sachsen.de\/wanderundpilgerakademie\/wp-json\/wp\/v2\/posts\/307\/revisions\/440"}],"wp:featuredmedia":[{"embeddable":true,"href":"https:\/\/www.ltv-sachsen.de\/wanderundpilgerakademie\/wp-json\/wp\/v2\/media\/305"}],"wp:attachment":[{"href":"https:\/\/www.ltv-sachsen.de\/wanderundpilgerakademie\/wp-json\/wp\/v2\/media?parent=307"}],"wp:term":[{"taxonomy":"category","embeddable":true,"href":"https:\/\/www.ltv-sachsen.de\/wanderundpilgerakademie\/wp-json\/wp\/v2\/categories?post=307"},{"taxonomy":"post_tag","embeddable":true,"href":"https:\/\/www.ltv-sachsen.de\/wanderundpilgerakademie\/wp-json\/wp\/v2\/tags?post=307"}],"curies":[{"name":"wp","href":"https:\/\/api.w.org\/{rel}","templated":true}]}}