{"id":2083,"date":"2024-09-10T09:00:24","date_gmt":"2024-09-10T07:00:24","guid":{"rendered":"https:\/\/www.ltv-sachsen.de\/wanderundpilgerakademie\/?p=2083"},"modified":"2024-09-10T09:15:05","modified_gmt":"2024-09-10T07:15:05","slug":"graefenhainer-wanderschuh-ist-zertifiziert","status":"publish","type":"post","link":"https:\/\/www.ltv-sachsen.de\/wanderundpilgerakademie\/graefenhainer-wanderschuh-ist-zertifiziert\/","title":{"rendered":"Gr\u00e4fenhainer Wanderschuh ist zertifiziert!"},"content":{"rendered":"<div class=\"wpb-content-wrapper\"><p>[vc_row full_width=&#8220;ppi_small_row&#8220;][vc_column][vc_column_text]<\/p>\n<p class=\"x_MsoNormal\">Wir freuen uns immer noch ganz besonders mit Familie Nowak! Das gro\u00dfartige, jahrelange Engagement um die Zertifizierung des Gr\u00e4fenhainer Wanderschuhs als Qualit\u00e4tsweg wurde nun belohnt.<\/p>\n<p class=\"x_MsoNormal\">Im Rahmen des Caravan Salon D\u00fcsseldorf konnte Egbert Nowak stellvertretend f\u00fcr alle Beteiligten Anfang September die Urkunde feierlich entgegennehmen.\u00a0 Damit ist das Reiseland Sachsen um eine vom Deutschen Wanderverband zertifizierte \u201eTraumtour\u201c reicher und ein Besuchermagnet in der Westlausitz leuchtet umso mehr! Herzlichen Gl\u00fcckwunsch und ein gro\u00dfes Dankesch\u00f6n f\u00fcr diesen au\u00dfergew\u00f6hnlichen Einsatz!<\/p>\n<p class=\"x_MsoNormal\">Dann hei\u00dft es jetzt nur noch: Wanderschuhe schn\u00fcren und los geht\u2019s rund um den Keulenberg zwischen K\u00f6nigsbr\u00fcck und Pulsnitz!<\/p>\n<h5 class=\"x_MsoNormal\">WANDERBARES DEUTSCHLAND:<\/h5>\n<p class=\"x_MsoNormal\">Aktuell findet ihr 123 lange Qualit\u00e4tswege mit insgesamt 12.449,7 bestens markierten Wanderkilometern und 240 kurze Qualit\u00e4tswege mit insgesamt 2.482,54 Kilometern in Deutschlands W\u00e4ldern und Wiesen, \u00fcber H\u00f6hen und durch T\u00e4ler.<\/p>\n<p class=\"x_MsoNormal\">Mehr Informationen zum Gr\u00e4fenhainer Wanderschuh gibt\u00b4s auch hier:\u00a0<a href=\"https:\/\/t1p.de\/bubhr\" target=\"_blank\" rel=\"noopener noreferrer\" data-auth=\"NotApplicable\" data-linkindex=\"0\">https:\/\/t1p.de\/bubhr<\/a><\/p>\n<p class=\"x_MsoNormal\">Mehr Traumtouren:\u00a0<a href=\"https:\/\/www.wanderbares-deutschland.de\/wege\/kurze-qualitaetswege\/traumtour#\/article\" target=\"_blank\" rel=\"noopener noreferrer\" data-auth=\"NotApplicable\" data-linkindex=\"1\">https:\/\/www.wanderbares-deutschland.de\/wege\/kurze-qualitaetswege\/traumtour#\/article<\/a><\/p>\n<p class=\"x_MsoNormal\">Eine \u00dcbersicht zu allen Qualit\u00e4tswegen findet ihr hier:\u00a0<a href=\"https:\/\/www.wanderbares-deutschland.de\/wege\/alle-wanderwege\" target=\"_blank\" rel=\"noopener noreferrer\" data-auth=\"NotApplicable\" data-linkindex=\"2\">https:\/\/www.wanderbares-deutschland.de\/wege\/alle-wanderwege<\/a><\/p>\n<p>[\/vc_column_text][\/vc_column][\/vc_row]<\/p>\n<\/div>","protected":false},"excerpt":{"rendered":"<p>[vc_row full_width=&#8220;ppi_small_row&#8220;][vc_column][vc_column_text] Wir freuen uns immer noch ganz besonders mit Familie Nowak! Das gro\u00dfartige, jahrelange Engagement um die Zertifizierung des Gr\u00e4fenhainer Wanderschuhs als Qualit\u00e4tsweg wurde nun belohnt. Im Rahmen des Caravan Salon D\u00fcsseldorf konnte Egbert Nowak stellvertretend f\u00fcr alle Beteiligten Anfang September die Urkunde feierlich entgegennehmen.\u00a0 Damit ist das Reiseland Sachsen um eine vom Deutschen [&hellip;]<\/p>\n","protected":false},"author":3,"featured_media":2085,"comment_status":"closed","ping_status":"open","sticky":false,"template":"","format":"standard","meta":{"_acf_changed":false,"inline_featured_image":false,"footnotes":""},"categories":[37,35],"tags":[],"class_list":["post-2083","post","type-post","status-publish","format-standard","has-post-thumbnail","hentry","category-news","category-tourismusnetzwerk"],"acf":[],"yoast_head":"<!-- This site is optimized with the Yoast SEO plugin v26.4 - https:\/\/yoast.com\/wordpress\/plugins\/seo\/ -->\n<title>Gr\u00e4fenhainer Wanderschuh ist zertifiziert! - Wander- und Pilgerakademie<\/title>\n<meta name=\"robots\" content=\"index, follow, max-snippet:-1, max-image-preview:large, max-video-preview:-1\" \/>\n<link rel=\"canonical\" href=\"https:\/\/www.ltv-sachsen.de\/wanderundpilgerakademie\/graefenhainer-wanderschuh-ist-zertifiziert\/\" \/>\n<meta property=\"og:locale\" content=\"de_DE\" \/>\n<meta property=\"og:type\" content=\"article\" \/>\n<meta property=\"og:title\" content=\"Gr\u00e4fenhainer Wanderschuh ist zertifiziert! - Wander- und Pilgerakademie\" \/>\n<meta property=\"og:description\" content=\"[vc_row full_width=&#8220;ppi_small_row&#8220;][vc_column][vc_column_text] Wir freuen uns immer noch ganz besonders mit Familie Nowak! Das gro\u00dfartige, jahrelange Engagement um die Zertifizierung des Gr\u00e4fenhainer Wanderschuhs als Qualit\u00e4tsweg wurde nun belohnt. Im Rahmen des Caravan Salon D\u00fcsseldorf konnte Egbert Nowak stellvertretend f\u00fcr alle Beteiligten Anfang September die Urkunde feierlich entgegennehmen.\u00a0 Damit ist das Reiseland Sachsen um eine vom Deutschen [&hellip;]\" \/>\n<meta property=\"og:url\" content=\"https:\/\/www.ltv-sachsen.de\/wanderundpilgerakademie\/graefenhainer-wanderschuh-ist-zertifiziert\/\" \/>\n<meta property=\"og:site_name\" content=\"Wander- und Pilgerakademie\" \/>\n<meta property=\"article:published_time\" content=\"2024-09-10T07:00:24+00:00\" \/>\n<meta property=\"article:modified_time\" content=\"2024-09-10T07:15:05+00:00\" \/>\n<meta property=\"og:image\" content=\"https:\/\/www.ltv-sachsen.de\/wp-content\/uploads\/sites\/2\/2024\/09\/Zertifizierung-traumtour_Autor-wanderbares-Deutschland.jpg\" \/>\n\t<meta property=\"og:image:width\" content=\"2048\" \/>\n\t<meta property=\"og:image:height\" content=\"1192\" \/>\n\t<meta property=\"og:image:type\" content=\"image\/jpeg\" \/>\n<meta name=\"author\" content=\"tovar\" \/>\n<meta name=\"twitter:card\" content=\"summary_large_image\" \/>\n<meta name=\"twitter:label1\" content=\"Verfasst von\" \/>\n\t<meta name=\"twitter:data1\" content=\"tovar\" \/>\n\t<meta name=\"twitter:label2\" content=\"Gesch\u00e4tzte Lesezeit\" \/>\n\t<meta name=\"twitter:data2\" content=\"1\u00a0Minute\" \/>\n<script type=\"application\/ld+json\" class=\"yoast-schema-graph\">{\"@context\":\"https:\/\/schema.org\",\"@graph\":[{\"@type\":\"WebPage\",\"@id\":\"https:\/\/www.ltv-sachsen.de\/wanderundpilgerakademie\/graefenhainer-wanderschuh-ist-zertifiziert\/\",\"url\":\"https:\/\/www.ltv-sachsen.de\/wanderundpilgerakademie\/graefenhainer-wanderschuh-ist-zertifiziert\/\",\"name\":\"Gr\u00e4fenhainer Wanderschuh ist zertifiziert! - Wander- und Pilgerakademie\",\"isPartOf\":{\"@id\":\"https:\/\/www.ltv-sachsen.de\/wanderundpilgerakademie\/#website\"},\"primaryImageOfPage\":{\"@id\":\"https:\/\/www.ltv-sachsen.de\/wanderundpilgerakademie\/graefenhainer-wanderschuh-ist-zertifiziert\/#primaryimage\"},\"image\":{\"@id\":\"https:\/\/www.ltv-sachsen.de\/wanderundpilgerakademie\/graefenhainer-wanderschuh-ist-zertifiziert\/#primaryimage\"},\"thumbnailUrl\":\"https:\/\/www.ltv-sachsen.de\/wp-content\/uploads\/sites\/2\/2024\/09\/Zertifizierung-traumtour_Autor-wanderbares-Deutschland.jpg\",\"datePublished\":\"2024-09-10T07:00:24+00:00\",\"dateModified\":\"2024-09-10T07:15:05+00:00\",\"author\":{\"@id\":\"https:\/\/www.ltv-sachsen.de\/wanderundpilgerakademie\/#\/schema\/person\/8cb7d8b92487a52a55db446aeb35bc92\"},\"breadcrumb\":{\"@id\":\"https:\/\/www.ltv-sachsen.de\/wanderundpilgerakademie\/graefenhainer-wanderschuh-ist-zertifiziert\/#breadcrumb\"},\"inLanguage\":\"de\",\"potentialAction\":[{\"@type\":\"ReadAction\",\"target\":[\"https:\/\/www.ltv-sachsen.de\/wanderundpilgerakademie\/graefenhainer-wanderschuh-ist-zertifiziert\/\"]}]},{\"@type\":\"ImageObject\",\"inLanguage\":\"de\",\"@id\":\"https:\/\/www.ltv-sachsen.de\/wanderundpilgerakademie\/graefenhainer-wanderschuh-ist-zertifiziert\/#primaryimage\",\"url\":\"https:\/\/www.ltv-sachsen.de\/wp-content\/uploads\/sites\/2\/2024\/09\/Zertifizierung-traumtour_Autor-wanderbares-Deutschland.jpg\",\"contentUrl\":\"https:\/\/www.ltv-sachsen.de\/wp-content\/uploads\/sites\/2\/2024\/09\/Zertifizierung-traumtour_Autor-wanderbares-Deutschland.jpg\",\"width\":2048,\"height\":1192},{\"@type\":\"BreadcrumbList\",\"@id\":\"https:\/\/www.ltv-sachsen.de\/wanderundpilgerakademie\/graefenhainer-wanderschuh-ist-zertifiziert\/#breadcrumb\",\"itemListElement\":[{\"@type\":\"ListItem\",\"position\":1,\"name\":\"Home\",\"item\":\"https:\/\/www.ltv-sachsen.de\/wanderundpilgerakademie\/\"},{\"@type\":\"ListItem\",\"position\":2,\"name\":\"Gr\u00e4fenhainer Wanderschuh ist zertifiziert!\"}]},{\"@type\":\"WebSite\",\"@id\":\"https:\/\/www.ltv-sachsen.de\/wanderundpilgerakademie\/#website\",\"url\":\"https:\/\/www.ltv-sachsen.de\/wanderundpilgerakademie\/\",\"name\":\"Wander- und Pilgerakademie\",\"description\":\"Allgemeine Infos zur Wander- und Pilgerakademie\",\"potentialAction\":[{\"@type\":\"SearchAction\",\"target\":{\"@type\":\"EntryPoint\",\"urlTemplate\":\"https:\/\/www.ltv-sachsen.de\/wanderundpilgerakademie\/?s={search_term_string}\"},\"query-input\":{\"@type\":\"PropertyValueSpecification\",\"valueRequired\":true,\"valueName\":\"search_term_string\"}}],\"inLanguage\":\"de\"},{\"@type\":\"Person\",\"@id\":\"https:\/\/www.ltv-sachsen.de\/wanderundpilgerakademie\/#\/schema\/person\/8cb7d8b92487a52a55db446aeb35bc92\",\"name\":\"tovar\",\"image\":{\"@type\":\"ImageObject\",\"inLanguage\":\"de\",\"@id\":\"https:\/\/www.ltv-sachsen.de\/wanderundpilgerakademie\/#\/schema\/person\/image\/\",\"url\":\"https:\/\/secure.gravatar.com\/avatar\/f95970e628ba24c6b1705c520d322ed8ed3d8d96f04c6681b1233653434b6317?s=96&d=mm&r=g\",\"contentUrl\":\"https:\/\/secure.gravatar.com\/avatar\/f95970e628ba24c6b1705c520d322ed8ed3d8d96f04c6681b1233653434b6317?s=96&d=mm&r=g\",\"caption\":\"tovar\"},\"url\":\"https:\/\/www.ltv-sachsen.de\/wanderundpilgerakademie\/author\/tovar\/\"}]}<\/script>\n<!-- \/ Yoast SEO plugin. -->","yoast_head_json":{"title":"Gr\u00e4fenhainer Wanderschuh ist zertifiziert! - Wander- und Pilgerakademie","robots":{"index":"index","follow":"follow","max-snippet":"max-snippet:-1","max-image-preview":"max-image-preview:large","max-video-preview":"max-video-preview:-1"},"canonical":"https:\/\/www.ltv-sachsen.de\/wanderundpilgerakademie\/graefenhainer-wanderschuh-ist-zertifiziert\/","og_locale":"de_DE","og_type":"article","og_title":"Gr\u00e4fenhainer Wanderschuh ist zertifiziert! - Wander- und Pilgerakademie","og_description":"[vc_row full_width=&#8220;ppi_small_row&#8220;][vc_column][vc_column_text] Wir freuen uns immer noch ganz besonders mit Familie Nowak! Das gro\u00dfartige, jahrelange Engagement um die Zertifizierung des Gr\u00e4fenhainer Wanderschuhs als Qualit\u00e4tsweg wurde nun belohnt. Im Rahmen des Caravan Salon D\u00fcsseldorf konnte Egbert Nowak stellvertretend f\u00fcr alle Beteiligten Anfang September die Urkunde feierlich entgegennehmen.\u00a0 Damit ist das Reiseland Sachsen um eine vom Deutschen [&hellip;]","og_url":"https:\/\/www.ltv-sachsen.de\/wanderundpilgerakademie\/graefenhainer-wanderschuh-ist-zertifiziert\/","og_site_name":"Wander- und Pilgerakademie","article_published_time":"2024-09-10T07:00:24+00:00","article_modified_time":"2024-09-10T07:15:05+00:00","og_image":[{"width":2048,"height":1192,"url":"https:\/\/www.ltv-sachsen.de\/wp-content\/uploads\/sites\/2\/2024\/09\/Zertifizierung-traumtour_Autor-wanderbares-Deutschland.jpg","type":"image\/jpeg"}],"author":"tovar","twitter_card":"summary_large_image","twitter_misc":{"Verfasst von":"tovar","Gesch\u00e4tzte Lesezeit":"1\u00a0Minute"},"schema":{"@context":"https:\/\/schema.org","@graph":[{"@type":"WebPage","@id":"https:\/\/www.ltv-sachsen.de\/wanderundpilgerakademie\/graefenhainer-wanderschuh-ist-zertifiziert\/","url":"https:\/\/www.ltv-sachsen.de\/wanderundpilgerakademie\/graefenhainer-wanderschuh-ist-zertifiziert\/","name":"Gr\u00e4fenhainer Wanderschuh ist zertifiziert! - Wander- und Pilgerakademie","isPartOf":{"@id":"https:\/\/www.ltv-sachsen.de\/wanderundpilgerakademie\/#website"},"primaryImageOfPage":{"@id":"https:\/\/www.ltv-sachsen.de\/wanderundpilgerakademie\/graefenhainer-wanderschuh-ist-zertifiziert\/#primaryimage"},"image":{"@id":"https:\/\/www.ltv-sachsen.de\/wanderundpilgerakademie\/graefenhainer-wanderschuh-ist-zertifiziert\/#primaryimage"},"thumbnailUrl":"https:\/\/www.ltv-sachsen.de\/wp-content\/uploads\/sites\/2\/2024\/09\/Zertifizierung-traumtour_Autor-wanderbares-Deutschland.jpg","datePublished":"2024-09-10T07:00:24+00:00","dateModified":"2024-09-10T07:15:05+00:00","author":{"@id":"https:\/\/www.ltv-sachsen.de\/wanderundpilgerakademie\/#\/schema\/person\/8cb7d8b92487a52a55db446aeb35bc92"},"breadcrumb":{"@id":"https:\/\/www.ltv-sachsen.de\/wanderundpilgerakademie\/graefenhainer-wanderschuh-ist-zertifiziert\/#breadcrumb"},"inLanguage":"de","potentialAction":[{"@type":"ReadAction","target":["https:\/\/www.ltv-sachsen.de\/wanderundpilgerakademie\/graefenhainer-wanderschuh-ist-zertifiziert\/"]}]},{"@type":"ImageObject","inLanguage":"de","@id":"https:\/\/www.ltv-sachsen.de\/wanderundpilgerakademie\/graefenhainer-wanderschuh-ist-zertifiziert\/#primaryimage","url":"https:\/\/www.ltv-sachsen.de\/wp-content\/uploads\/sites\/2\/2024\/09\/Zertifizierung-traumtour_Autor-wanderbares-Deutschland.jpg","contentUrl":"https:\/\/www.ltv-sachsen.de\/wp-content\/uploads\/sites\/2\/2024\/09\/Zertifizierung-traumtour_Autor-wanderbares-Deutschland.jpg","width":2048,"height":1192},{"@type":"BreadcrumbList","@id":"https:\/\/www.ltv-sachsen.de\/wanderundpilgerakademie\/graefenhainer-wanderschuh-ist-zertifiziert\/#breadcrumb","itemListElement":[{"@type":"ListItem","position":1,"name":"Home","item":"https:\/\/www.ltv-sachsen.de\/wanderundpilgerakademie\/"},{"@type":"ListItem","position":2,"name":"Gr\u00e4fenhainer Wanderschuh ist zertifiziert!"}]},{"@type":"WebSite","@id":"https:\/\/www.ltv-sachsen.de\/wanderundpilgerakademie\/#website","url":"https:\/\/www.ltv-sachsen.de\/wanderundpilgerakademie\/","name":"Wander- und Pilgerakademie","description":"Allgemeine Infos zur Wander- und Pilgerakademie","potentialAction":[{"@type":"SearchAction","target":{"@type":"EntryPoint","urlTemplate":"https:\/\/www.ltv-sachsen.de\/wanderundpilgerakademie\/?s={search_term_string}"},"query-input":{"@type":"PropertyValueSpecification","valueRequired":true,"valueName":"search_term_string"}}],"inLanguage":"de"},{"@type":"Person","@id":"https:\/\/www.ltv-sachsen.de\/wanderundpilgerakademie\/#\/schema\/person\/8cb7d8b92487a52a55db446aeb35bc92","name":"tovar","image":{"@type":"ImageObject","inLanguage":"de","@id":"https:\/\/www.ltv-sachsen.de\/wanderundpilgerakademie\/#\/schema\/person\/image\/","url":"https:\/\/secure.gravatar.com\/avatar\/f95970e628ba24c6b1705c520d322ed8ed3d8d96f04c6681b1233653434b6317?s=96&d=mm&r=g","contentUrl":"https:\/\/secure.gravatar.com\/avatar\/f95970e628ba24c6b1705c520d322ed8ed3d8d96f04c6681b1233653434b6317?s=96&d=mm&r=g","caption":"tovar"},"url":"https:\/\/www.ltv-sachsen.de\/wanderundpilgerakademie\/author\/tovar\/"}]}},"_links":{"self":[{"href":"https:\/\/www.ltv-sachsen.de\/wanderundpilgerakademie\/wp-json\/wp\/v2\/posts\/2083","targetHints":{"allow":["GET"]}}],"collection":[{"href":"https:\/\/www.ltv-sachsen.de\/wanderundpilgerakademie\/wp-json\/wp\/v2\/posts"}],"about":[{"href":"https:\/\/www.ltv-sachsen.de\/wanderundpilgerakademie\/wp-json\/wp\/v2\/types\/post"}],"author":[{"embeddable":true,"href":"https:\/\/www.ltv-sachsen.de\/wanderundpilgerakademie\/wp-json\/wp\/v2\/users\/3"}],"replies":[{"embeddable":true,"href":"https:\/\/www.ltv-sachsen.de\/wanderundpilgerakademie\/wp-json\/wp\/v2\/comments?post=2083"}],"version-history":[{"count":3,"href":"https:\/\/www.ltv-sachsen.de\/wanderundpilgerakademie\/wp-json\/wp\/v2\/posts\/2083\/revisions"}],"predecessor-version":[{"id":2088,"href":"https:\/\/www.ltv-sachsen.de\/wanderundpilgerakademie\/wp-json\/wp\/v2\/posts\/2083\/revisions\/2088"}],"wp:featuredmedia":[{"embeddable":true,"href":"https:\/\/www.ltv-sachsen.de\/wanderundpilgerakademie\/wp-json\/wp\/v2\/media\/2085"}],"wp:attachment":[{"href":"https:\/\/www.ltv-sachsen.de\/wanderundpilgerakademie\/wp-json\/wp\/v2\/media?parent=2083"}],"wp:term":[{"taxonomy":"category","embeddable":true,"href":"https:\/\/www.ltv-sachsen.de\/wanderundpilgerakademie\/wp-json\/wp\/v2\/categories?post=2083"},{"taxonomy":"post_tag","embeddable":true,"href":"https:\/\/www.ltv-sachsen.de\/wanderundpilgerakademie\/wp-json\/wp\/v2\/tags?post=2083"}],"curies":[{"name":"wp","href":"https:\/\/api.w.org\/{rel}","templated":true}]}}