{"id":1206,"date":"2024-03-26T12:00:45","date_gmt":"2024-03-26T11:00:45","guid":{"rendered":"https:\/\/www.ltv-sachsen.de\/wanderundpilgerakademie\/mit-kleinen-summen-viel-bewegen\/"},"modified":"2025-01-13T11:08:56","modified_gmt":"2025-01-13T10:08:56","slug":"mit-kleinen-summen-viel-bewegen","status":"publish","type":"post","link":"https:\/\/www.ltv-sachsen.de\/wanderundpilgerakademie\/mit-kleinen-summen-viel-bewegen\/","title":{"rendered":"Mit kleinen Summen viel bewegen"},"content":{"rendered":"<div class=\"wpb-content-wrapper\"><p>[vc_row ppi_row_padding=&#8220;ppi_remove_padding_top&#8220; full_width=&#8220;ppi_small_row&#8220;][vc_column][vc_column_text]In den letzten Jahren hat der Kleinprojektefonds der Wander- und Pilgerakademie Sachsen bereits \u00fcber 300 Projekte zugunsten der s\u00e4chsischen Wander- und Pilgerinfrastruktur finanziell unterst\u00fctzt. Seit dem 25. M\u00e4rz k\u00f6nnen wieder Antr\u00e4ge f\u00fcr die beliebte F\u00f6rderung eingereicht werden. Die diesj\u00e4hrige Frist endet am 19. April 2024.<\/p>\n<p>Der Aufruf richtet sich u.a. an regionale Wandervereine, Kirchgemeinden und Pilgerstationen. Sie k\u00f6nnen f\u00fcr ihre Vorhaben zur Verbesserung der Kleinstinfrastruktur im Umfeld der Wander- und Pilgerwege bis zu 2.000 Euro F\u00f6rderung erhalten. Zehn Prozent der Summe ist dabei als Eigenanteil zu erbringen.<\/p>\n<p>Alle Informationen finden Sie auf der Internetseite der Wander- und Pilgerakademie unter <a href=\"http:\/\/www.ltv-sachsen.de\/wanderundpilgerakademie\/unterstuetzung\/\">www.ltv-sachsen.de\/wanderundpilgerakademie\/unterstuetzung\/<\/a>.<\/p>\n<p>Neben der F\u00f6rderung aus dem Kleinprojektefond unterst\u00fctzen der Freistaat Sachsen und die Evangelische Erwachsenenbildung (EEB) im Auftrag des Landestourismusverbandes Sachsen e.V. (LTV SACHSEN), durch die Wander- und Pilgerakademie die Ausbildung und Vernetzung von Wegewarten, Wanderf\u00fchrern und Pilgerbegleitern, um damit die Aktivit\u00e4ten f\u00fcr ein qualitativ hochwertiges Wander- und Pilgerangebot zu f\u00f6rdern. Die Ehrenamtlichen sowie beteiligte Vereine und Kommunen setzen sich unerm\u00fcdlich f\u00fcr den Ausbau und die Pflege des s\u00e4chsischen Wanderwegenetzes ein. Sie sorgen daf\u00fcr, dass die rund 17.000 Kilometer Wanderwege in Sachsen in einem guten Zustand bleiben und verst\u00e4ndlich markiert sind.<\/p>\n<p>\u00dcbrigens: Wander- und Pilgerfans sowie Natur \u2013 und Kulturfreunde k\u00f6nnen sich am 12. und 13. April auf ein besonderes Event in Marienberg freuen. Unter dem Motto \u201eWanderschuh trifft Pilgerstab \u2013 auf Tour durch die s\u00e4chsische Heimat\u201d k\u00f6nnen sich die Teilnehmer auf ein vielseitiges und buntes Programm von Wandergl\u00fcck bis spirituelle Begegnungen freuen. Mit dabei sind u.a. Filmemacher und Geschichtensammler Thomas Junker und Autor Manuel Andrack die von ihren pers\u00f6nlichen Erlebnissen und Wandergl\u00fcck berichten werden.<\/p>\n<p>Details zum Programm und die M\u00f6glichkeit zur Anmeldung finden Sie unter <a href=\"http:\/\/www.ltv-sachsen.de\/wanderundpilgerakademie\/\">www.ltv-sachsen.de\/wanderundpilgerakademie\/<\/a><\/p>\n<p>&nbsp;<\/p>\n<p>Hintergrund:<\/p>\n<p>Die 2021 ins Leben gerufene erste s\u00e4chsische Wander- und Pilgerakademie (WPA) setzt sich f\u00fcr die F\u00f6rderung des Wanderns und Pilgerns im Freistaat Sachsen ein. Mit der Wander- und Pilgerakademie Sachsen wird ein qualifiziertes und einheitliches Bildungs- und Vernetzungsangebot f\u00fcr Wanderf\u00fchrer, Pilgerbegleiter und Wegewarte geschaffen. Ehrenamtliches Engagement wird sachsenweit tats\u00e4chlich gest\u00e4rkt. Vereine und Initiativen werden bei der Verbesserung der Kleinstinfrastruktur im Bereich Wandern, Pilgern und an der Schnittstelle von Kirche und Tourismus finanziell unterst\u00fctzt. Damit bekommen Vereine und Kirchgemeinden neuen Schwung f\u00fcr ihre Arbeit. Seit Start des Programms konnten bereits 316 Kleinprojekte mit entsprechender F\u00f6rderung unterst\u00fctzt und somit ein wichtiger Beitrag zur Verbesserung der Kleinstinfrastruktur im Wander- und Pilgerland Sachsen geleistet werden.<\/p>\n<p>Der Landestourismusverband Sachsen e.V. (LTV SACHSEN) hat die Evangelische Erwachsenenbildung (EEB), ein Werk der Evangelisch-Lutherischen Landeskirche Sachsens, mit der Umsetzung der Wander- und Pilgerakademie beauftragt. Der Hauptsitz der WPA ist in Kohren-Sahlis. Das Projekt wird fachlich vom LTV SACHSEN und einem Beirat begleitet. Die Arbeit wird mitfinanziert durch Steuermittel auf der Grundlage des vom S\u00e4chsischen Landtag beschlossenen Haushalts.[\/vc_column_text][\/vc_column][\/vc_row]<\/p>\n<\/div>","protected":false},"excerpt":{"rendered":"<p>[vc_row ppi_row_padding=&#8220;ppi_remove_padding_top&#8220; full_width=&#8220;ppi_small_row&#8220;][vc_column][vc_column_text]In den letzten Jahren hat der Kleinprojektefonds der Wander- und Pilgerakademie Sachsen bereits \u00fcber 300 Projekte zugunsten der s\u00e4chsischen Wander- und Pilgerinfrastruktur finanziell unterst\u00fctzt. Seit dem 25. M\u00e4rz k\u00f6nnen wieder Antr\u00e4ge f\u00fcr die beliebte F\u00f6rderung eingereicht werden. Die diesj\u00e4hrige Frist endet am 19. April 2024. Der Aufruf richtet sich u.a. an regionale Wandervereine, [&hellip;]<\/p>\n","protected":false},"author":16,"featured_media":1207,"comment_status":"closed","ping_status":"open","sticky":false,"template":"","format":"standard","meta":{"_acf_changed":false,"inline_featured_image":false,"footnotes":""},"categories":[37,42,35],"tags":[40],"class_list":["post-1206","post","type-post","status-publish","format-standard","has-post-thumbnail","hentry","category-news","category-presse-6","category-tourismusnetzwerk","tag-40"],"acf":[],"yoast_head":"<!-- This site is optimized with the Yoast SEO plugin v26.4 - https:\/\/yoast.com\/wordpress\/plugins\/seo\/ -->\n<title>Mit kleinen Summen viel bewegen \u2013 F\u00f6rderung in Sachsen<\/title>\n<meta name=\"description\" content=\"Auch in diesem Jahr k\u00f6nnen wieder Antr\u00e4ge auf F\u00f6rderung von Kleinprojekten bei der Wander- und Pilgerakademie Sachsen eingereicht werden.\" \/>\n<meta name=\"robots\" content=\"index, follow, max-snippet:-1, max-image-preview:large, max-video-preview:-1\" \/>\n<link rel=\"canonical\" href=\"https:\/\/www.ltv-sachsen.de\/wanderundpilgerakademie\/mit-kleinen-summen-viel-bewegen\/\" \/>\n<meta property=\"og:locale\" content=\"de_DE\" \/>\n<meta property=\"og:type\" content=\"article\" \/>\n<meta property=\"og:title\" content=\"Mit kleinen Summen viel bewegen \u2013 F\u00f6rderung in Sachsen\" \/>\n<meta property=\"og:description\" content=\"Auch in diesem Jahr k\u00f6nnen wieder Antr\u00e4ge auf F\u00f6rderung von Kleinprojekten bei der Wander- und Pilgerakademie Sachsen eingereicht werden.\" \/>\n<meta property=\"og:url\" content=\"https:\/\/www.ltv-sachsen.de\/wanderundpilgerakademie\/mit-kleinen-summen-viel-bewegen\/\" \/>\n<meta property=\"og:site_name\" content=\"Wander- und Pilgerakademie\" \/>\n<meta property=\"article:published_time\" content=\"2024-03-26T11:00:45+00:00\" \/>\n<meta property=\"article:modified_time\" content=\"2025-01-13T10:08:56+00:00\" \/>\n<meta property=\"og:image\" content=\"https:\/\/www.ltv-sachsen.de\/wp-content\/uploads\/sites\/2\/2024\/04\/20230829-LTV-Sommertour_S4_15-web.jpg\" \/>\n\t<meta property=\"og:image:width\" content=\"1600\" \/>\n\t<meta property=\"og:image:height\" content=\"1019\" \/>\n\t<meta property=\"og:image:type\" content=\"image\/jpeg\" \/>\n<meta name=\"author\" content=\"mirtschink\" \/>\n<meta name=\"twitter:card\" content=\"summary_large_image\" \/>\n<meta name=\"twitter:label1\" content=\"Verfasst von\" \/>\n\t<meta name=\"twitter:data1\" content=\"mirtschink\" \/>\n\t<meta name=\"twitter:label2\" content=\"Gesch\u00e4tzte Lesezeit\" \/>\n\t<meta name=\"twitter:data2\" content=\"3\u00a0Minuten\" \/>\n<script type=\"application\/ld+json\" class=\"yoast-schema-graph\">{\"@context\":\"https:\/\/schema.org\",\"@graph\":[{\"@type\":\"WebPage\",\"@id\":\"https:\/\/www.ltv-sachsen.de\/wanderundpilgerakademie\/mit-kleinen-summen-viel-bewegen\/\",\"url\":\"https:\/\/www.ltv-sachsen.de\/wanderundpilgerakademie\/mit-kleinen-summen-viel-bewegen\/\",\"name\":\"Mit kleinen Summen viel bewegen \u2013 F\u00f6rderung in Sachsen\",\"isPartOf\":{\"@id\":\"https:\/\/www.ltv-sachsen.de\/wanderundpilgerakademie\/#website\"},\"primaryImageOfPage\":{\"@id\":\"https:\/\/www.ltv-sachsen.de\/wanderundpilgerakademie\/mit-kleinen-summen-viel-bewegen\/#primaryimage\"},\"image\":{\"@id\":\"https:\/\/www.ltv-sachsen.de\/wanderundpilgerakademie\/mit-kleinen-summen-viel-bewegen\/#primaryimage\"},\"thumbnailUrl\":\"https:\/\/www.ltv-sachsen.de\/wp-content\/uploads\/sites\/2\/2024\/04\/20230829-LTV-Sommertour_S4_15-web.jpg\",\"datePublished\":\"2024-03-26T11:00:45+00:00\",\"dateModified\":\"2025-01-13T10:08:56+00:00\",\"author\":{\"@id\":\"https:\/\/www.ltv-sachsen.de\/wanderundpilgerakademie\/#\/schema\/person\/bfcc8fc062e00012851c836ff3d90365\"},\"description\":\"Auch in diesem Jahr k\u00f6nnen wieder Antr\u00e4ge auf F\u00f6rderung von Kleinprojekten bei der Wander- und Pilgerakademie Sachsen eingereicht werden.\",\"breadcrumb\":{\"@id\":\"https:\/\/www.ltv-sachsen.de\/wanderundpilgerakademie\/mit-kleinen-summen-viel-bewegen\/#breadcrumb\"},\"inLanguage\":\"de\",\"potentialAction\":[{\"@type\":\"ReadAction\",\"target\":[\"https:\/\/www.ltv-sachsen.de\/wanderundpilgerakademie\/mit-kleinen-summen-viel-bewegen\/\"]}]},{\"@type\":\"ImageObject\",\"inLanguage\":\"de\",\"@id\":\"https:\/\/www.ltv-sachsen.de\/wanderundpilgerakademie\/mit-kleinen-summen-viel-bewegen\/#primaryimage\",\"url\":\"https:\/\/www.ltv-sachsen.de\/wp-content\/uploads\/sites\/2\/2024\/04\/20230829-LTV-Sommertour_S4_15-web.jpg\",\"contentUrl\":\"https:\/\/www.ltv-sachsen.de\/wp-content\/uploads\/sites\/2\/2024\/04\/20230829-LTV-Sommertour_S4_15-web.jpg\",\"width\":1600,\"height\":1019,\"caption\":\"++ am 29.08.2023 in Pockau-Lengefeld (Sachsen) \/ Foto: Kristin Schmidt (Pauschale f\u00fcr Mopo) ++ LTV Sommertour, Station 4: CVJM Strobel-M\u00fchle Pockautal\"},{\"@type\":\"BreadcrumbList\",\"@id\":\"https:\/\/www.ltv-sachsen.de\/wanderundpilgerakademie\/mit-kleinen-summen-viel-bewegen\/#breadcrumb\",\"itemListElement\":[{\"@type\":\"ListItem\",\"position\":1,\"name\":\"Home\",\"item\":\"https:\/\/www.ltv-sachsen.de\/wanderundpilgerakademie\/\"},{\"@type\":\"ListItem\",\"position\":2,\"name\":\"Mit kleinen Summen viel bewegen\"}]},{\"@type\":\"WebSite\",\"@id\":\"https:\/\/www.ltv-sachsen.de\/wanderundpilgerakademie\/#website\",\"url\":\"https:\/\/www.ltv-sachsen.de\/wanderundpilgerakademie\/\",\"name\":\"Wander- und Pilgerakademie\",\"description\":\"Allgemeine Infos zur Wander- und Pilgerakademie\",\"potentialAction\":[{\"@type\":\"SearchAction\",\"target\":{\"@type\":\"EntryPoint\",\"urlTemplate\":\"https:\/\/www.ltv-sachsen.de\/wanderundpilgerakademie\/?s={search_term_string}\"},\"query-input\":{\"@type\":\"PropertyValueSpecification\",\"valueRequired\":true,\"valueName\":\"search_term_string\"}}],\"inLanguage\":\"de\"},{\"@type\":\"Person\",\"@id\":\"https:\/\/www.ltv-sachsen.de\/wanderundpilgerakademie\/#\/schema\/person\/bfcc8fc062e00012851c836ff3d90365\",\"name\":\"mirtschink\",\"image\":{\"@type\":\"ImageObject\",\"inLanguage\":\"de\",\"@id\":\"https:\/\/www.ltv-sachsen.de\/wanderundpilgerakademie\/#\/schema\/person\/image\/\",\"url\":\"https:\/\/secure.gravatar.com\/avatar\/c7ccedc6467a81ec1c89910d7c39138d3f5874eacb8af7799c31e13003edcb7c?s=96&d=mm&r=g\",\"contentUrl\":\"https:\/\/secure.gravatar.com\/avatar\/c7ccedc6467a81ec1c89910d7c39138d3f5874eacb8af7799c31e13003edcb7c?s=96&d=mm&r=g\",\"caption\":\"mirtschink\"},\"url\":\"https:\/\/www.ltv-sachsen.de\/wanderundpilgerakademie\/author\/haink\/\"}]}<\/script>\n<!-- \/ Yoast SEO plugin. -->","yoast_head_json":{"title":"Mit kleinen Summen viel bewegen \u2013 F\u00f6rderung in Sachsen","description":"Auch in diesem Jahr k\u00f6nnen wieder Antr\u00e4ge auf F\u00f6rderung von Kleinprojekten bei der Wander- und Pilgerakademie Sachsen eingereicht werden.","robots":{"index":"index","follow":"follow","max-snippet":"max-snippet:-1","max-image-preview":"max-image-preview:large","max-video-preview":"max-video-preview:-1"},"canonical":"https:\/\/www.ltv-sachsen.de\/wanderundpilgerakademie\/mit-kleinen-summen-viel-bewegen\/","og_locale":"de_DE","og_type":"article","og_title":"Mit kleinen Summen viel bewegen \u2013 F\u00f6rderung in Sachsen","og_description":"Auch in diesem Jahr k\u00f6nnen wieder Antr\u00e4ge auf F\u00f6rderung von Kleinprojekten bei der Wander- und Pilgerakademie Sachsen eingereicht werden.","og_url":"https:\/\/www.ltv-sachsen.de\/wanderundpilgerakademie\/mit-kleinen-summen-viel-bewegen\/","og_site_name":"Wander- und Pilgerakademie","article_published_time":"2024-03-26T11:00:45+00:00","article_modified_time":"2025-01-13T10:08:56+00:00","og_image":[{"width":1600,"height":1019,"url":"https:\/\/www.ltv-sachsen.de\/wp-content\/uploads\/sites\/2\/2024\/04\/20230829-LTV-Sommertour_S4_15-web.jpg","type":"image\/jpeg"}],"author":"mirtschink","twitter_card":"summary_large_image","twitter_misc":{"Verfasst von":"mirtschink","Gesch\u00e4tzte Lesezeit":"3\u00a0Minuten"},"schema":{"@context":"https:\/\/schema.org","@graph":[{"@type":"WebPage","@id":"https:\/\/www.ltv-sachsen.de\/wanderundpilgerakademie\/mit-kleinen-summen-viel-bewegen\/","url":"https:\/\/www.ltv-sachsen.de\/wanderundpilgerakademie\/mit-kleinen-summen-viel-bewegen\/","name":"Mit kleinen Summen viel bewegen \u2013 F\u00f6rderung in Sachsen","isPartOf":{"@id":"https:\/\/www.ltv-sachsen.de\/wanderundpilgerakademie\/#website"},"primaryImageOfPage":{"@id":"https:\/\/www.ltv-sachsen.de\/wanderundpilgerakademie\/mit-kleinen-summen-viel-bewegen\/#primaryimage"},"image":{"@id":"https:\/\/www.ltv-sachsen.de\/wanderundpilgerakademie\/mit-kleinen-summen-viel-bewegen\/#primaryimage"},"thumbnailUrl":"https:\/\/www.ltv-sachsen.de\/wp-content\/uploads\/sites\/2\/2024\/04\/20230829-LTV-Sommertour_S4_15-web.jpg","datePublished":"2024-03-26T11:00:45+00:00","dateModified":"2025-01-13T10:08:56+00:00","author":{"@id":"https:\/\/www.ltv-sachsen.de\/wanderundpilgerakademie\/#\/schema\/person\/bfcc8fc062e00012851c836ff3d90365"},"description":"Auch in diesem Jahr k\u00f6nnen wieder Antr\u00e4ge auf F\u00f6rderung von Kleinprojekten bei der Wander- und Pilgerakademie Sachsen eingereicht werden.","breadcrumb":{"@id":"https:\/\/www.ltv-sachsen.de\/wanderundpilgerakademie\/mit-kleinen-summen-viel-bewegen\/#breadcrumb"},"inLanguage":"de","potentialAction":[{"@type":"ReadAction","target":["https:\/\/www.ltv-sachsen.de\/wanderundpilgerakademie\/mit-kleinen-summen-viel-bewegen\/"]}]},{"@type":"ImageObject","inLanguage":"de","@id":"https:\/\/www.ltv-sachsen.de\/wanderundpilgerakademie\/mit-kleinen-summen-viel-bewegen\/#primaryimage","url":"https:\/\/www.ltv-sachsen.de\/wp-content\/uploads\/sites\/2\/2024\/04\/20230829-LTV-Sommertour_S4_15-web.jpg","contentUrl":"https:\/\/www.ltv-sachsen.de\/wp-content\/uploads\/sites\/2\/2024\/04\/20230829-LTV-Sommertour_S4_15-web.jpg","width":1600,"height":1019,"caption":"++ am 29.08.2023 in Pockau-Lengefeld (Sachsen) \/ Foto: Kristin Schmidt (Pauschale f\u00fcr Mopo) ++ LTV Sommertour, Station 4: CVJM Strobel-M\u00fchle Pockautal"},{"@type":"BreadcrumbList","@id":"https:\/\/www.ltv-sachsen.de\/wanderundpilgerakademie\/mit-kleinen-summen-viel-bewegen\/#breadcrumb","itemListElement":[{"@type":"ListItem","position":1,"name":"Home","item":"https:\/\/www.ltv-sachsen.de\/wanderundpilgerakademie\/"},{"@type":"ListItem","position":2,"name":"Mit kleinen Summen viel bewegen"}]},{"@type":"WebSite","@id":"https:\/\/www.ltv-sachsen.de\/wanderundpilgerakademie\/#website","url":"https:\/\/www.ltv-sachsen.de\/wanderundpilgerakademie\/","name":"Wander- und Pilgerakademie","description":"Allgemeine Infos zur Wander- und Pilgerakademie","potentialAction":[{"@type":"SearchAction","target":{"@type":"EntryPoint","urlTemplate":"https:\/\/www.ltv-sachsen.de\/wanderundpilgerakademie\/?s={search_term_string}"},"query-input":{"@type":"PropertyValueSpecification","valueRequired":true,"valueName":"search_term_string"}}],"inLanguage":"de"},{"@type":"Person","@id":"https:\/\/www.ltv-sachsen.de\/wanderundpilgerakademie\/#\/schema\/person\/bfcc8fc062e00012851c836ff3d90365","name":"mirtschink","image":{"@type":"ImageObject","inLanguage":"de","@id":"https:\/\/www.ltv-sachsen.de\/wanderundpilgerakademie\/#\/schema\/person\/image\/","url":"https:\/\/secure.gravatar.com\/avatar\/c7ccedc6467a81ec1c89910d7c39138d3f5874eacb8af7799c31e13003edcb7c?s=96&d=mm&r=g","contentUrl":"https:\/\/secure.gravatar.com\/avatar\/c7ccedc6467a81ec1c89910d7c39138d3f5874eacb8af7799c31e13003edcb7c?s=96&d=mm&r=g","caption":"mirtschink"},"url":"https:\/\/www.ltv-sachsen.de\/wanderundpilgerakademie\/author\/haink\/"}]}},"_links":{"self":[{"href":"https:\/\/www.ltv-sachsen.de\/wanderundpilgerakademie\/wp-json\/wp\/v2\/posts\/1206","targetHints":{"allow":["GET"]}}],"collection":[{"href":"https:\/\/www.ltv-sachsen.de\/wanderundpilgerakademie\/wp-json\/wp\/v2\/posts"}],"about":[{"href":"https:\/\/www.ltv-sachsen.de\/wanderundpilgerakademie\/wp-json\/wp\/v2\/types\/post"}],"author":[{"embeddable":true,"href":"https:\/\/www.ltv-sachsen.de\/wanderundpilgerakademie\/wp-json\/wp\/v2\/users\/16"}],"replies":[{"embeddable":true,"href":"https:\/\/www.ltv-sachsen.de\/wanderundpilgerakademie\/wp-json\/wp\/v2\/comments?post=1206"}],"version-history":[{"count":1,"href":"https:\/\/www.ltv-sachsen.de\/wanderundpilgerakademie\/wp-json\/wp\/v2\/posts\/1206\/revisions"}],"predecessor-version":[{"id":1781,"href":"https:\/\/www.ltv-sachsen.de\/wanderundpilgerakademie\/wp-json\/wp\/v2\/posts\/1206\/revisions\/1781"}],"wp:featuredmedia":[{"embeddable":true,"href":"https:\/\/www.ltv-sachsen.de\/wanderundpilgerakademie\/wp-json\/wp\/v2\/media\/1207"}],"wp:attachment":[{"href":"https:\/\/www.ltv-sachsen.de\/wanderundpilgerakademie\/wp-json\/wp\/v2\/media?parent=1206"}],"wp:term":[{"taxonomy":"category","embeddable":true,"href":"https:\/\/www.ltv-sachsen.de\/wanderundpilgerakademie\/wp-json\/wp\/v2\/categories?post=1206"},{"taxonomy":"post_tag","embeddable":true,"href":"https:\/\/www.ltv-sachsen.de\/wanderundpilgerakademie\/wp-json\/wp\/v2\/tags?post=1206"}],"curies":[{"name":"wp","href":"https:\/\/api.w.org\/{rel}","templated":true}]}}