{"id":1051,"date":"2024-01-08T09:33:18","date_gmt":"2024-01-08T08:33:18","guid":{"rendered":"https:\/\/www.ltv-sachsen.de\/wanderundpilgerakademie\/?p=1051"},"modified":"2024-02-14T13:43:06","modified_gmt":"2024-02-14T12:43:06","slug":"neujahrsfruehstueck-der-wander-und-pilgerakademie","status":"publish","type":"post","link":"https:\/\/www.ltv-sachsen.de\/wanderundpilgerakademie\/neujahrsfruehstueck-der-wander-und-pilgerakademie\/","title":{"rendered":"Neujahrsfr\u00fchst\u00fcck der Wander- und Pilgerakademie"},"content":{"rendered":"<div class=\"wpb-content-wrapper\"><p>[vc_row full_width=&#8220;ppi_small_row&#8220;][vc_column][vc_column_text]Liebe Freundinnen und Freunde der Wander- und Pilgerakademie Sachsen,<\/p>\n<p>wir haben uns zum Tageseinstieg mit spannenden Gedanken und mit einem wunderbaren Fr\u00fchst\u00fcck ins gute Jahr 2024 aufgemacht! Wir freuen uns auf alle Begegnungen mit Ihnen und gr\u00fc\u00dfen nach Nah und Fern. Vielleicht sehen wir uns zum <a href=\"https:\/\/www.eeb-sachsen.de\/neujahrsempfang.html\">Neujahrsempfang am 17.1.2024<\/a> in der Dreik\u00f6nigskirche in Dresden \u2013 bis dahin verbleiben in Vorfreude<\/p>\n<p><em>Kerstin Kracht, Holger Richter, Marcus Romisch, Manja Zimmermann und Carolin Rostalski.<\/em>[\/vc_column_text][\/vc_column][\/vc_row]<\/p>\n<\/div>","protected":false},"excerpt":{"rendered":"<p>[vc_row full_width=&#8220;ppi_small_row&#8220;][vc_column][vc_column_text]Liebe Freundinnen und Freunde der Wander- und Pilgerakademie Sachsen, wir haben uns zum Tageseinstieg mit spannenden Gedanken und mit einem wunderbaren Fr\u00fchst\u00fcck ins gute Jahr 2024 aufgemacht! Wir freuen uns auf alle Begegnungen mit Ihnen und gr\u00fc\u00dfen nach Nah und Fern. Vielleicht sehen wir uns zum Neujahrsempfang am 17.1.2024 in der Dreik\u00f6nigskirche in Dresden [&hellip;]<\/p>\n","protected":false},"author":5,"featured_media":1052,"comment_status":"closed","ping_status":"open","sticky":false,"template":"","format":"standard","meta":{"_acf_changed":false,"inline_featured_image":false,"footnotes":""},"categories":[37],"tags":[],"class_list":["post-1051","post","type-post","status-publish","format-standard","has-post-thumbnail","hentry","category-news"],"acf":[],"yoast_head":"<!-- This site is optimized with the Yoast SEO plugin v26.4 - https:\/\/yoast.com\/wordpress\/plugins\/seo\/ -->\n<title>Neujahrsfr\u00fchst\u00fcck der Wander- und Pilgerakademie - Wander- und Pilgerakademie<\/title>\n<meta name=\"robots\" content=\"index, follow, max-snippet:-1, max-image-preview:large, max-video-preview:-1\" \/>\n<link rel=\"canonical\" href=\"https:\/\/www.ltv-sachsen.de\/wanderundpilgerakademie\/neujahrsfruehstueck-der-wander-und-pilgerakademie\/\" \/>\n<meta property=\"og:locale\" content=\"de_DE\" \/>\n<meta property=\"og:type\" content=\"article\" \/>\n<meta property=\"og:title\" content=\"Neujahrsfr\u00fchst\u00fcck der Wander- und Pilgerakademie - Wander- und Pilgerakademie\" \/>\n<meta property=\"og:description\" content=\"[vc_row full_width=&#8220;ppi_small_row&#8220;][vc_column][vc_column_text]Liebe Freundinnen und Freunde der Wander- und Pilgerakademie Sachsen, wir haben uns zum Tageseinstieg mit spannenden Gedanken und mit einem wunderbaren Fr\u00fchst\u00fcck ins gute Jahr 2024 aufgemacht! Wir freuen uns auf alle Begegnungen mit Ihnen und gr\u00fc\u00dfen nach Nah und Fern. Vielleicht sehen wir uns zum Neujahrsempfang am 17.1.2024 in der Dreik\u00f6nigskirche in Dresden [&hellip;]\" \/>\n<meta property=\"og:url\" content=\"https:\/\/www.ltv-sachsen.de\/wanderundpilgerakademie\/neujahrsfruehstueck-der-wander-und-pilgerakademie\/\" \/>\n<meta property=\"og:site_name\" content=\"Wander- und Pilgerakademie\" \/>\n<meta property=\"article:published_time\" content=\"2024-01-08T08:33:18+00:00\" \/>\n<meta property=\"article:modified_time\" content=\"2024-02-14T12:43:06+00:00\" \/>\n<meta property=\"og:image\" content=\"https:\/\/www.ltv-sachsen.de\/wp-content\/uploads\/sites\/2\/2024\/01\/1704474901792-scaled.jpg\" \/>\n\t<meta property=\"og:image:width\" content=\"2271\" \/>\n\t<meta property=\"og:image:height\" content=\"2560\" \/>\n\t<meta property=\"og:image:type\" content=\"image\/jpeg\" \/>\n<meta name=\"author\" content=\"wanderundpilgerakademie\" \/>\n<meta name=\"twitter:card\" content=\"summary_large_image\" \/>\n<meta name=\"twitter:label1\" content=\"Verfasst von\" \/>\n\t<meta name=\"twitter:data1\" content=\"wanderundpilgerakademie\" \/>\n\t<meta name=\"twitter:label2\" content=\"Gesch\u00e4tzte Lesezeit\" \/>\n\t<meta name=\"twitter:data2\" content=\"1\u00a0Minute\" \/>\n<script type=\"application\/ld+json\" class=\"yoast-schema-graph\">{\"@context\":\"https:\/\/schema.org\",\"@graph\":[{\"@type\":\"WebPage\",\"@id\":\"https:\/\/www.ltv-sachsen.de\/wanderundpilgerakademie\/neujahrsfruehstueck-der-wander-und-pilgerakademie\/\",\"url\":\"https:\/\/www.ltv-sachsen.de\/wanderundpilgerakademie\/neujahrsfruehstueck-der-wander-und-pilgerakademie\/\",\"name\":\"Neujahrsfr\u00fchst\u00fcck der Wander- und Pilgerakademie - Wander- und Pilgerakademie\",\"isPartOf\":{\"@id\":\"https:\/\/www.ltv-sachsen.de\/wanderundpilgerakademie\/#website\"},\"primaryImageOfPage\":{\"@id\":\"https:\/\/www.ltv-sachsen.de\/wanderundpilgerakademie\/neujahrsfruehstueck-der-wander-und-pilgerakademie\/#primaryimage\"},\"image\":{\"@id\":\"https:\/\/www.ltv-sachsen.de\/wanderundpilgerakademie\/neujahrsfruehstueck-der-wander-und-pilgerakademie\/#primaryimage\"},\"thumbnailUrl\":\"https:\/\/www.ltv-sachsen.de\/wp-content\/uploads\/sites\/2\/2024\/01\/1704474901792-scaled.jpg\",\"datePublished\":\"2024-01-08T08:33:18+00:00\",\"dateModified\":\"2024-02-14T12:43:06+00:00\",\"author\":{\"@id\":\"https:\/\/www.ltv-sachsen.de\/wanderundpilgerakademie\/#\/schema\/person\/c9b358ac1d6549fcc45ce3f905d1358c\"},\"breadcrumb\":{\"@id\":\"https:\/\/www.ltv-sachsen.de\/wanderundpilgerakademie\/neujahrsfruehstueck-der-wander-und-pilgerakademie\/#breadcrumb\"},\"inLanguage\":\"de\",\"potentialAction\":[{\"@type\":\"ReadAction\",\"target\":[\"https:\/\/www.ltv-sachsen.de\/wanderundpilgerakademie\/neujahrsfruehstueck-der-wander-und-pilgerakademie\/\"]}]},{\"@type\":\"ImageObject\",\"inLanguage\":\"de\",\"@id\":\"https:\/\/www.ltv-sachsen.de\/wanderundpilgerakademie\/neujahrsfruehstueck-der-wander-und-pilgerakademie\/#primaryimage\",\"url\":\"https:\/\/www.ltv-sachsen.de\/wp-content\/uploads\/sites\/2\/2024\/01\/1704474901792-scaled.jpg\",\"contentUrl\":\"https:\/\/www.ltv-sachsen.de\/wp-content\/uploads\/sites\/2\/2024\/01\/1704474901792-scaled.jpg\",\"width\":2271,\"height\":2560},{\"@type\":\"BreadcrumbList\",\"@id\":\"https:\/\/www.ltv-sachsen.de\/wanderundpilgerakademie\/neujahrsfruehstueck-der-wander-und-pilgerakademie\/#breadcrumb\",\"itemListElement\":[{\"@type\":\"ListItem\",\"position\":1,\"name\":\"Home\",\"item\":\"https:\/\/www.ltv-sachsen.de\/wanderundpilgerakademie\/\"},{\"@type\":\"ListItem\",\"position\":2,\"name\":\"Neujahrsfr\u00fchst\u00fcck der Wander- und Pilgerakademie\"}]},{\"@type\":\"WebSite\",\"@id\":\"https:\/\/www.ltv-sachsen.de\/wanderundpilgerakademie\/#website\",\"url\":\"https:\/\/www.ltv-sachsen.de\/wanderundpilgerakademie\/\",\"name\":\"Wander- und Pilgerakademie\",\"description\":\"Allgemeine Infos zur Wander- und Pilgerakademie\",\"potentialAction\":[{\"@type\":\"SearchAction\",\"target\":{\"@type\":\"EntryPoint\",\"urlTemplate\":\"https:\/\/www.ltv-sachsen.de\/wanderundpilgerakademie\/?s={search_term_string}\"},\"query-input\":{\"@type\":\"PropertyValueSpecification\",\"valueRequired\":true,\"valueName\":\"search_term_string\"}}],\"inLanguage\":\"de\"},{\"@type\":\"Person\",\"@id\":\"https:\/\/www.ltv-sachsen.de\/wanderundpilgerakademie\/#\/schema\/person\/c9b358ac1d6549fcc45ce3f905d1358c\",\"name\":\"wanderundpilgerakademie\",\"image\":{\"@type\":\"ImageObject\",\"inLanguage\":\"de\",\"@id\":\"https:\/\/www.ltv-sachsen.de\/wanderundpilgerakademie\/#\/schema\/person\/image\/\",\"url\":\"https:\/\/secure.gravatar.com\/avatar\/992f6ea3d0f7e2edcbe1a2de25ad878fb8e5d09adc136f8fbaad6b574c799c34?s=96&d=mm&r=g\",\"contentUrl\":\"https:\/\/secure.gravatar.com\/avatar\/992f6ea3d0f7e2edcbe1a2de25ad878fb8e5d09adc136f8fbaad6b574c799c34?s=96&d=mm&r=g\",\"caption\":\"wanderundpilgerakademie\"},\"url\":\"https:\/\/www.ltv-sachsen.de\/wanderundpilgerakademie\/author\/wanderundpilgerakademie\/\"}]}<\/script>\n<!-- \/ Yoast SEO plugin. -->","yoast_head_json":{"title":"Neujahrsfr\u00fchst\u00fcck der Wander- und Pilgerakademie - Wander- und Pilgerakademie","robots":{"index":"index","follow":"follow","max-snippet":"max-snippet:-1","max-image-preview":"max-image-preview:large","max-video-preview":"max-video-preview:-1"},"canonical":"https:\/\/www.ltv-sachsen.de\/wanderundpilgerakademie\/neujahrsfruehstueck-der-wander-und-pilgerakademie\/","og_locale":"de_DE","og_type":"article","og_title":"Neujahrsfr\u00fchst\u00fcck der Wander- und Pilgerakademie - Wander- und Pilgerakademie","og_description":"[vc_row full_width=&#8220;ppi_small_row&#8220;][vc_column][vc_column_text]Liebe Freundinnen und Freunde der Wander- und Pilgerakademie Sachsen, wir haben uns zum Tageseinstieg mit spannenden Gedanken und mit einem wunderbaren Fr\u00fchst\u00fcck ins gute Jahr 2024 aufgemacht! Wir freuen uns auf alle Begegnungen mit Ihnen und gr\u00fc\u00dfen nach Nah und Fern. Vielleicht sehen wir uns zum Neujahrsempfang am 17.1.2024 in der Dreik\u00f6nigskirche in Dresden [&hellip;]","og_url":"https:\/\/www.ltv-sachsen.de\/wanderundpilgerakademie\/neujahrsfruehstueck-der-wander-und-pilgerakademie\/","og_site_name":"Wander- und Pilgerakademie","article_published_time":"2024-01-08T08:33:18+00:00","article_modified_time":"2024-02-14T12:43:06+00:00","og_image":[{"width":2271,"height":2560,"url":"https:\/\/www.ltv-sachsen.de\/wp-content\/uploads\/sites\/2\/2024\/01\/1704474901792-scaled.jpg","type":"image\/jpeg"}],"author":"wanderundpilgerakademie","twitter_card":"summary_large_image","twitter_misc":{"Verfasst von":"wanderundpilgerakademie","Gesch\u00e4tzte Lesezeit":"1\u00a0Minute"},"schema":{"@context":"https:\/\/schema.org","@graph":[{"@type":"WebPage","@id":"https:\/\/www.ltv-sachsen.de\/wanderundpilgerakademie\/neujahrsfruehstueck-der-wander-und-pilgerakademie\/","url":"https:\/\/www.ltv-sachsen.de\/wanderundpilgerakademie\/neujahrsfruehstueck-der-wander-und-pilgerakademie\/","name":"Neujahrsfr\u00fchst\u00fcck der Wander- und Pilgerakademie - Wander- und Pilgerakademie","isPartOf":{"@id":"https:\/\/www.ltv-sachsen.de\/wanderundpilgerakademie\/#website"},"primaryImageOfPage":{"@id":"https:\/\/www.ltv-sachsen.de\/wanderundpilgerakademie\/neujahrsfruehstueck-der-wander-und-pilgerakademie\/#primaryimage"},"image":{"@id":"https:\/\/www.ltv-sachsen.de\/wanderundpilgerakademie\/neujahrsfruehstueck-der-wander-und-pilgerakademie\/#primaryimage"},"thumbnailUrl":"https:\/\/www.ltv-sachsen.de\/wp-content\/uploads\/sites\/2\/2024\/01\/1704474901792-scaled.jpg","datePublished":"2024-01-08T08:33:18+00:00","dateModified":"2024-02-14T12:43:06+00:00","author":{"@id":"https:\/\/www.ltv-sachsen.de\/wanderundpilgerakademie\/#\/schema\/person\/c9b358ac1d6549fcc45ce3f905d1358c"},"breadcrumb":{"@id":"https:\/\/www.ltv-sachsen.de\/wanderundpilgerakademie\/neujahrsfruehstueck-der-wander-und-pilgerakademie\/#breadcrumb"},"inLanguage":"de","potentialAction":[{"@type":"ReadAction","target":["https:\/\/www.ltv-sachsen.de\/wanderundpilgerakademie\/neujahrsfruehstueck-der-wander-und-pilgerakademie\/"]}]},{"@type":"ImageObject","inLanguage":"de","@id":"https:\/\/www.ltv-sachsen.de\/wanderundpilgerakademie\/neujahrsfruehstueck-der-wander-und-pilgerakademie\/#primaryimage","url":"https:\/\/www.ltv-sachsen.de\/wp-content\/uploads\/sites\/2\/2024\/01\/1704474901792-scaled.jpg","contentUrl":"https:\/\/www.ltv-sachsen.de\/wp-content\/uploads\/sites\/2\/2024\/01\/1704474901792-scaled.jpg","width":2271,"height":2560},{"@type":"BreadcrumbList","@id":"https:\/\/www.ltv-sachsen.de\/wanderundpilgerakademie\/neujahrsfruehstueck-der-wander-und-pilgerakademie\/#breadcrumb","itemListElement":[{"@type":"ListItem","position":1,"name":"Home","item":"https:\/\/www.ltv-sachsen.de\/wanderundpilgerakademie\/"},{"@type":"ListItem","position":2,"name":"Neujahrsfr\u00fchst\u00fcck der Wander- und Pilgerakademie"}]},{"@type":"WebSite","@id":"https:\/\/www.ltv-sachsen.de\/wanderundpilgerakademie\/#website","url":"https:\/\/www.ltv-sachsen.de\/wanderundpilgerakademie\/","name":"Wander- und Pilgerakademie","description":"Allgemeine Infos zur Wander- und Pilgerakademie","potentialAction":[{"@type":"SearchAction","target":{"@type":"EntryPoint","urlTemplate":"https:\/\/www.ltv-sachsen.de\/wanderundpilgerakademie\/?s={search_term_string}"},"query-input":{"@type":"PropertyValueSpecification","valueRequired":true,"valueName":"search_term_string"}}],"inLanguage":"de"},{"@type":"Person","@id":"https:\/\/www.ltv-sachsen.de\/wanderundpilgerakademie\/#\/schema\/person\/c9b358ac1d6549fcc45ce3f905d1358c","name":"wanderundpilgerakademie","image":{"@type":"ImageObject","inLanguage":"de","@id":"https:\/\/www.ltv-sachsen.de\/wanderundpilgerakademie\/#\/schema\/person\/image\/","url":"https:\/\/secure.gravatar.com\/avatar\/992f6ea3d0f7e2edcbe1a2de25ad878fb8e5d09adc136f8fbaad6b574c799c34?s=96&d=mm&r=g","contentUrl":"https:\/\/secure.gravatar.com\/avatar\/992f6ea3d0f7e2edcbe1a2de25ad878fb8e5d09adc136f8fbaad6b574c799c34?s=96&d=mm&r=g","caption":"wanderundpilgerakademie"},"url":"https:\/\/www.ltv-sachsen.de\/wanderundpilgerakademie\/author\/wanderundpilgerakademie\/"}]}},"_links":{"self":[{"href":"https:\/\/www.ltv-sachsen.de\/wanderundpilgerakademie\/wp-json\/wp\/v2\/posts\/1051","targetHints":{"allow":["GET"]}}],"collection":[{"href":"https:\/\/www.ltv-sachsen.de\/wanderundpilgerakademie\/wp-json\/wp\/v2\/posts"}],"about":[{"href":"https:\/\/www.ltv-sachsen.de\/wanderundpilgerakademie\/wp-json\/wp\/v2\/types\/post"}],"author":[{"embeddable":true,"href":"https:\/\/www.ltv-sachsen.de\/wanderundpilgerakademie\/wp-json\/wp\/v2\/users\/5"}],"replies":[{"embeddable":true,"href":"https:\/\/www.ltv-sachsen.de\/wanderundpilgerakademie\/wp-json\/wp\/v2\/comments?post=1051"}],"version-history":[{"count":3,"href":"https:\/\/www.ltv-sachsen.de\/wanderundpilgerakademie\/wp-json\/wp\/v2\/posts\/1051\/revisions"}],"predecessor-version":[{"id":1156,"href":"https:\/\/www.ltv-sachsen.de\/wanderundpilgerakademie\/wp-json\/wp\/v2\/posts\/1051\/revisions\/1156"}],"wp:featuredmedia":[{"embeddable":true,"href":"https:\/\/www.ltv-sachsen.de\/wanderundpilgerakademie\/wp-json\/wp\/v2\/media\/1052"}],"wp:attachment":[{"href":"https:\/\/www.ltv-sachsen.de\/wanderundpilgerakademie\/wp-json\/wp\/v2\/media?parent=1051"}],"wp:term":[{"taxonomy":"category","embeddable":true,"href":"https:\/\/www.ltv-sachsen.de\/wanderundpilgerakademie\/wp-json\/wp\/v2\/categories?post=1051"},{"taxonomy":"post_tag","embeddable":true,"href":"https:\/\/www.ltv-sachsen.de\/wanderundpilgerakademie\/wp-json\/wp\/v2\/tags?post=1051"}],"curies":[{"name":"wp","href":"https:\/\/api.w.org\/{rel}","templated":true}]}}