{"id":1040,"date":"2023-12-22T11:01:03","date_gmt":"2023-12-22T10:01:03","guid":{"rendered":"https:\/\/www.ltv-sachsen.de\/wanderundpilgerakademie\/?p=1040"},"modified":"2024-02-14T13:43:56","modified_gmt":"2024-02-14T12:43:56","slug":"gute-neuigkeiten-fuer-die-wanderfuehrerin-ausbildung-im-neuen-jahr","status":"publish","type":"post","link":"https:\/\/www.ltv-sachsen.de\/wanderundpilgerakademie\/gute-neuigkeiten-fuer-die-wanderfuehrerin-ausbildung-im-neuen-jahr\/","title":{"rendered":"Gute Neuigkeiten f\u00fcr die Wanderf\u00fchrer*in-Ausbildung im neuen Jahr"},"content":{"rendered":"<div class=\"wpb-content-wrapper\"><p>[vc_row full_width=&#8220;ppi_small_row&#8220;][vc_column][vc_column_text]Noch eine richtig gute Nachricht zum Ende des Jahres \u2013 wir haben lange daraufhin gearbeitet und nun haben wir es geschafft: Wir werden 2024 in einer neunt\u00e4gigen Ausbildung in zwei Modulen (vom 8.\u201311.2.2024 in Kohren-Sahlis und vom 11.\u201313.11.2024 in Rathen) eine Ausbildung zum Wanderf\u00fchrer anbieten, die vom Deutschen Wanderverband zertifiziert werden wird. Wir freuen uns dar\u00fcber! Was hei\u00dft das nun? Mitglieder in DWV-Mitgliedsvereinen erhalten nach der Ausbildung <strong>einen DWV-Wanderf\u00fchrerausweis<\/strong>\u00a0und Nicht-Mitglieder eine Ausbildungsbescheinigung durch den Deutschen Wanderverband. Die DWV-Wanderf\u00fchrerausbildung bildet die Grundlage f\u00fcr die Fortbildungen DWV-Gesundheitswanderf\u00fchrer*in\u00ae<strong>\u00a0<\/strong>und DWV-Schulwanderf\u00fchrer*in. Nicht zuletzt k\u00f6nnen zertifizierte DWV-Wanderf\u00fchrer*innen\u00ae<strong>\u00a0<\/strong>den europ\u00e4ischen Walk Leader-Ausweis bekommen. In unseren zwei Ausbildungseinheiten erwerben die Teilnehmer*innen die F\u00e4higkeit zur Organisation von verschiedenen Wanderangeboten, zur selbstst\u00e4ndigen und sicheren Leitung und Betreuung von verschiedenartigen Wandergruppen und zur Darstellung von Vorg\u00e4ngen und Entwicklungen in der Natur und Landschaft. Die Inhalte der Ausbildung reichen von Themen wie Kommunikation und Kartenkunde bis hin zu Landschaftsgeschichte und Naturp\u00e4dagogik. Die Ausbildung schlie\u00dft mit einem Abschlusswochenende ab, in dessen Rahmen eine Theorie- und eine praktische Pr\u00fcfung abgelegt werden. Ebenfalls Bestandteil der Ausbildung ist eine Hausarbeit, welche bis zum Abschlusswochenende schriftlich eingereicht werden muss.<\/p>\n<p>Die Kurskosten betragen 350 \u20ac und sind damit unschlagbar g\u00fcnstig. Bitte teilen Sie uns schnellstm\u00f6glich mit, ob Sie dabei sein m\u00f6chten, denn die Pl\u00e4tze sind begrenzt. Weitere Informationen sowie die konkreten Seminarinhalte erhalten Sie Anfang des Jahres.<\/p>\n<p>Anmelden k\u00f6nnen Sie sich <a href=\"https:\/\/www.eeb-sachsen.de\/wanderf%C3%BChrerausbildung.html?fart=1\">hier<\/a>.<\/p>\n<p>Ansprechpartnerin ist Kerstin Kracht \u2013 per E-Mail zu erreichen \u00fcber <a href=\"mailto:kerstin.kracht@evlks.de\">kerstin.kracht@evlks.de<\/a>.<\/p>\n<p>Wir w\u00fcnschen Frohe Tage und das Allerbeste f\u00fcr 2024.<\/p>\n<p><em>Es gr\u00fc\u00dft im Namen der Wander- und Pilgerakademie Sachsen <\/em><br \/>\n<em>Ihre Kerstin Kracht\u00a0\u00a0<\/em>[\/vc_column_text][\/vc_column][\/vc_row]<\/p>\n<\/div>","protected":false},"excerpt":{"rendered":"<p>[vc_row full_width=&#8220;ppi_small_row&#8220;][vc_column][vc_column_text]Noch eine richtig gute Nachricht zum Ende des Jahres \u2013 wir haben lange daraufhin gearbeitet und nun haben wir es geschafft: Wir werden 2024 in einer neunt\u00e4gigen Ausbildung in zwei Modulen (vom 8.\u201311.2.2024 in Kohren-Sahlis und vom 11.\u201313.11.2024 in Rathen) eine Ausbildung zum Wanderf\u00fchrer anbieten, die vom Deutschen Wanderverband zertifiziert werden wird. Wir freuen [&hellip;]<\/p>\n","protected":false},"author":5,"featured_media":1041,"comment_status":"closed","ping_status":"open","sticky":false,"template":"","format":"standard","meta":{"_acf_changed":false,"inline_featured_image":false,"footnotes":""},"categories":[37],"tags":[],"class_list":["post-1040","post","type-post","status-publish","format-standard","has-post-thumbnail","hentry","category-news"],"acf":[],"yoast_head":"<!-- This site is optimized with the Yoast SEO plugin v26.4 - https:\/\/yoast.com\/wordpress\/plugins\/seo\/ -->\n<title>Gute Neuigkeiten f\u00fcr die Wanderf\u00fchrer*in-Ausbildung im neuen Jahr - Wander- und Pilgerakademie<\/title>\n<meta name=\"robots\" content=\"index, follow, max-snippet:-1, max-image-preview:large, max-video-preview:-1\" \/>\n<link rel=\"canonical\" href=\"https:\/\/www.ltv-sachsen.de\/wanderundpilgerakademie\/gute-neuigkeiten-fuer-die-wanderfuehrerin-ausbildung-im-neuen-jahr\/\" \/>\n<meta property=\"og:locale\" content=\"de_DE\" \/>\n<meta property=\"og:type\" content=\"article\" \/>\n<meta property=\"og:title\" content=\"Gute Neuigkeiten f\u00fcr die Wanderf\u00fchrer*in-Ausbildung im neuen Jahr - Wander- und Pilgerakademie\" \/>\n<meta property=\"og:description\" content=\"[vc_row full_width=&#8220;ppi_small_row&#8220;][vc_column][vc_column_text]Noch eine richtig gute Nachricht zum Ende des Jahres \u2013 wir haben lange daraufhin gearbeitet und nun haben wir es geschafft: Wir werden 2024 in einer neunt\u00e4gigen Ausbildung in zwei Modulen (vom 8.\u201311.2.2024 in Kohren-Sahlis und vom 11.\u201313.11.2024 in Rathen) eine Ausbildung zum Wanderf\u00fchrer anbieten, die vom Deutschen Wanderverband zertifiziert werden wird. Wir freuen [&hellip;]\" \/>\n<meta property=\"og:url\" content=\"https:\/\/www.ltv-sachsen.de\/wanderundpilgerakademie\/gute-neuigkeiten-fuer-die-wanderfuehrerin-ausbildung-im-neuen-jahr\/\" \/>\n<meta property=\"og:site_name\" content=\"Wander- und Pilgerakademie\" \/>\n<meta property=\"article:published_time\" content=\"2023-12-22T10:01:03+00:00\" \/>\n<meta property=\"article:modified_time\" content=\"2024-02-14T12:43:56+00:00\" \/>\n<meta property=\"og:image\" content=\"https:\/\/www.ltv-sachsen.de\/wp-content\/uploads\/sites\/2\/2023\/12\/wanderfuehrer-gruppe_gross_LTV.jpg\" \/>\n\t<meta property=\"og:image:width\" content=\"980\" \/>\n\t<meta property=\"og:image:height\" content=\"653\" \/>\n\t<meta property=\"og:image:type\" content=\"image\/jpeg\" \/>\n<meta name=\"author\" content=\"wanderundpilgerakademie\" \/>\n<meta name=\"twitter:card\" content=\"summary_large_image\" \/>\n<meta name=\"twitter:label1\" content=\"Verfasst von\" \/>\n\t<meta name=\"twitter:data1\" content=\"wanderundpilgerakademie\" \/>\n\t<meta name=\"twitter:label2\" content=\"Gesch\u00e4tzte Lesezeit\" \/>\n\t<meta name=\"twitter:data2\" content=\"2\u00a0Minuten\" \/>\n<script type=\"application\/ld+json\" class=\"yoast-schema-graph\">{\"@context\":\"https:\/\/schema.org\",\"@graph\":[{\"@type\":\"WebPage\",\"@id\":\"https:\/\/www.ltv-sachsen.de\/wanderundpilgerakademie\/gute-neuigkeiten-fuer-die-wanderfuehrerin-ausbildung-im-neuen-jahr\/\",\"url\":\"https:\/\/www.ltv-sachsen.de\/wanderundpilgerakademie\/gute-neuigkeiten-fuer-die-wanderfuehrerin-ausbildung-im-neuen-jahr\/\",\"name\":\"Gute Neuigkeiten f\u00fcr die Wanderf\u00fchrer*in-Ausbildung im neuen Jahr - Wander- und Pilgerakademie\",\"isPartOf\":{\"@id\":\"https:\/\/www.ltv-sachsen.de\/wanderundpilgerakademie\/#website\"},\"primaryImageOfPage\":{\"@id\":\"https:\/\/www.ltv-sachsen.de\/wanderundpilgerakademie\/gute-neuigkeiten-fuer-die-wanderfuehrerin-ausbildung-im-neuen-jahr\/#primaryimage\"},\"image\":{\"@id\":\"https:\/\/www.ltv-sachsen.de\/wanderundpilgerakademie\/gute-neuigkeiten-fuer-die-wanderfuehrerin-ausbildung-im-neuen-jahr\/#primaryimage\"},\"thumbnailUrl\":\"https:\/\/www.ltv-sachsen.de\/wp-content\/uploads\/sites\/2\/2023\/12\/wanderfuehrer-gruppe_gross_LTV.jpg\",\"datePublished\":\"2023-12-22T10:01:03+00:00\",\"dateModified\":\"2024-02-14T12:43:56+00:00\",\"author\":{\"@id\":\"https:\/\/www.ltv-sachsen.de\/wanderundpilgerakademie\/#\/schema\/person\/c9b358ac1d6549fcc45ce3f905d1358c\"},\"breadcrumb\":{\"@id\":\"https:\/\/www.ltv-sachsen.de\/wanderundpilgerakademie\/gute-neuigkeiten-fuer-die-wanderfuehrerin-ausbildung-im-neuen-jahr\/#breadcrumb\"},\"inLanguage\":\"de\",\"potentialAction\":[{\"@type\":\"ReadAction\",\"target\":[\"https:\/\/www.ltv-sachsen.de\/wanderundpilgerakademie\/gute-neuigkeiten-fuer-die-wanderfuehrerin-ausbildung-im-neuen-jahr\/\"]}]},{\"@type\":\"ImageObject\",\"inLanguage\":\"de\",\"@id\":\"https:\/\/www.ltv-sachsen.de\/wanderundpilgerakademie\/gute-neuigkeiten-fuer-die-wanderfuehrerin-ausbildung-im-neuen-jahr\/#primaryimage\",\"url\":\"https:\/\/www.ltv-sachsen.de\/wp-content\/uploads\/sites\/2\/2023\/12\/wanderfuehrer-gruppe_gross_LTV.jpg\",\"contentUrl\":\"https:\/\/www.ltv-sachsen.de\/wp-content\/uploads\/sites\/2\/2023\/12\/wanderfuehrer-gruppe_gross_LTV.jpg\",\"width\":980,\"height\":653},{\"@type\":\"BreadcrumbList\",\"@id\":\"https:\/\/www.ltv-sachsen.de\/wanderundpilgerakademie\/gute-neuigkeiten-fuer-die-wanderfuehrerin-ausbildung-im-neuen-jahr\/#breadcrumb\",\"itemListElement\":[{\"@type\":\"ListItem\",\"position\":1,\"name\":\"Home\",\"item\":\"https:\/\/www.ltv-sachsen.de\/wanderundpilgerakademie\/\"},{\"@type\":\"ListItem\",\"position\":2,\"name\":\"Gute Neuigkeiten f\u00fcr die Wanderf\u00fchrer*in-Ausbildung im neuen Jahr\"}]},{\"@type\":\"WebSite\",\"@id\":\"https:\/\/www.ltv-sachsen.de\/wanderundpilgerakademie\/#website\",\"url\":\"https:\/\/www.ltv-sachsen.de\/wanderundpilgerakademie\/\",\"name\":\"Wander- und Pilgerakademie\",\"description\":\"Allgemeine Infos zur Wander- und Pilgerakademie\",\"potentialAction\":[{\"@type\":\"SearchAction\",\"target\":{\"@type\":\"EntryPoint\",\"urlTemplate\":\"https:\/\/www.ltv-sachsen.de\/wanderundpilgerakademie\/?s={search_term_string}\"},\"query-input\":{\"@type\":\"PropertyValueSpecification\",\"valueRequired\":true,\"valueName\":\"search_term_string\"}}],\"inLanguage\":\"de\"},{\"@type\":\"Person\",\"@id\":\"https:\/\/www.ltv-sachsen.de\/wanderundpilgerakademie\/#\/schema\/person\/c9b358ac1d6549fcc45ce3f905d1358c\",\"name\":\"wanderundpilgerakademie\",\"image\":{\"@type\":\"ImageObject\",\"inLanguage\":\"de\",\"@id\":\"https:\/\/www.ltv-sachsen.de\/wanderundpilgerakademie\/#\/schema\/person\/image\/\",\"url\":\"https:\/\/secure.gravatar.com\/avatar\/992f6ea3d0f7e2edcbe1a2de25ad878fb8e5d09adc136f8fbaad6b574c799c34?s=96&d=mm&r=g\",\"contentUrl\":\"https:\/\/secure.gravatar.com\/avatar\/992f6ea3d0f7e2edcbe1a2de25ad878fb8e5d09adc136f8fbaad6b574c799c34?s=96&d=mm&r=g\",\"caption\":\"wanderundpilgerakademie\"},\"url\":\"https:\/\/www.ltv-sachsen.de\/wanderundpilgerakademie\/author\/wanderundpilgerakademie\/\"}]}<\/script>\n<!-- \/ Yoast SEO plugin. -->","yoast_head_json":{"title":"Gute Neuigkeiten f\u00fcr die Wanderf\u00fchrer*in-Ausbildung im neuen Jahr - Wander- und Pilgerakademie","robots":{"index":"index","follow":"follow","max-snippet":"max-snippet:-1","max-image-preview":"max-image-preview:large","max-video-preview":"max-video-preview:-1"},"canonical":"https:\/\/www.ltv-sachsen.de\/wanderundpilgerakademie\/gute-neuigkeiten-fuer-die-wanderfuehrerin-ausbildung-im-neuen-jahr\/","og_locale":"de_DE","og_type":"article","og_title":"Gute Neuigkeiten f\u00fcr die Wanderf\u00fchrer*in-Ausbildung im neuen Jahr - Wander- und Pilgerakademie","og_description":"[vc_row full_width=&#8220;ppi_small_row&#8220;][vc_column][vc_column_text]Noch eine richtig gute Nachricht zum Ende des Jahres \u2013 wir haben lange daraufhin gearbeitet und nun haben wir es geschafft: Wir werden 2024 in einer neunt\u00e4gigen Ausbildung in zwei Modulen (vom 8.\u201311.2.2024 in Kohren-Sahlis und vom 11.\u201313.11.2024 in Rathen) eine Ausbildung zum Wanderf\u00fchrer anbieten, die vom Deutschen Wanderverband zertifiziert werden wird. Wir freuen [&hellip;]","og_url":"https:\/\/www.ltv-sachsen.de\/wanderundpilgerakademie\/gute-neuigkeiten-fuer-die-wanderfuehrerin-ausbildung-im-neuen-jahr\/","og_site_name":"Wander- und Pilgerakademie","article_published_time":"2023-12-22T10:01:03+00:00","article_modified_time":"2024-02-14T12:43:56+00:00","og_image":[{"width":980,"height":653,"url":"https:\/\/www.ltv-sachsen.de\/wp-content\/uploads\/sites\/2\/2023\/12\/wanderfuehrer-gruppe_gross_LTV.jpg","type":"image\/jpeg"}],"author":"wanderundpilgerakademie","twitter_card":"summary_large_image","twitter_misc":{"Verfasst von":"wanderundpilgerakademie","Gesch\u00e4tzte Lesezeit":"2\u00a0Minuten"},"schema":{"@context":"https:\/\/schema.org","@graph":[{"@type":"WebPage","@id":"https:\/\/www.ltv-sachsen.de\/wanderundpilgerakademie\/gute-neuigkeiten-fuer-die-wanderfuehrerin-ausbildung-im-neuen-jahr\/","url":"https:\/\/www.ltv-sachsen.de\/wanderundpilgerakademie\/gute-neuigkeiten-fuer-die-wanderfuehrerin-ausbildung-im-neuen-jahr\/","name":"Gute Neuigkeiten f\u00fcr die Wanderf\u00fchrer*in-Ausbildung im neuen Jahr - Wander- und Pilgerakademie","isPartOf":{"@id":"https:\/\/www.ltv-sachsen.de\/wanderundpilgerakademie\/#website"},"primaryImageOfPage":{"@id":"https:\/\/www.ltv-sachsen.de\/wanderundpilgerakademie\/gute-neuigkeiten-fuer-die-wanderfuehrerin-ausbildung-im-neuen-jahr\/#primaryimage"},"image":{"@id":"https:\/\/www.ltv-sachsen.de\/wanderundpilgerakademie\/gute-neuigkeiten-fuer-die-wanderfuehrerin-ausbildung-im-neuen-jahr\/#primaryimage"},"thumbnailUrl":"https:\/\/www.ltv-sachsen.de\/wp-content\/uploads\/sites\/2\/2023\/12\/wanderfuehrer-gruppe_gross_LTV.jpg","datePublished":"2023-12-22T10:01:03+00:00","dateModified":"2024-02-14T12:43:56+00:00","author":{"@id":"https:\/\/www.ltv-sachsen.de\/wanderundpilgerakademie\/#\/schema\/person\/c9b358ac1d6549fcc45ce3f905d1358c"},"breadcrumb":{"@id":"https:\/\/www.ltv-sachsen.de\/wanderundpilgerakademie\/gute-neuigkeiten-fuer-die-wanderfuehrerin-ausbildung-im-neuen-jahr\/#breadcrumb"},"inLanguage":"de","potentialAction":[{"@type":"ReadAction","target":["https:\/\/www.ltv-sachsen.de\/wanderundpilgerakademie\/gute-neuigkeiten-fuer-die-wanderfuehrerin-ausbildung-im-neuen-jahr\/"]}]},{"@type":"ImageObject","inLanguage":"de","@id":"https:\/\/www.ltv-sachsen.de\/wanderundpilgerakademie\/gute-neuigkeiten-fuer-die-wanderfuehrerin-ausbildung-im-neuen-jahr\/#primaryimage","url":"https:\/\/www.ltv-sachsen.de\/wp-content\/uploads\/sites\/2\/2023\/12\/wanderfuehrer-gruppe_gross_LTV.jpg","contentUrl":"https:\/\/www.ltv-sachsen.de\/wp-content\/uploads\/sites\/2\/2023\/12\/wanderfuehrer-gruppe_gross_LTV.jpg","width":980,"height":653},{"@type":"BreadcrumbList","@id":"https:\/\/www.ltv-sachsen.de\/wanderundpilgerakademie\/gute-neuigkeiten-fuer-die-wanderfuehrerin-ausbildung-im-neuen-jahr\/#breadcrumb","itemListElement":[{"@type":"ListItem","position":1,"name":"Home","item":"https:\/\/www.ltv-sachsen.de\/wanderundpilgerakademie\/"},{"@type":"ListItem","position":2,"name":"Gute Neuigkeiten f\u00fcr die Wanderf\u00fchrer*in-Ausbildung im neuen Jahr"}]},{"@type":"WebSite","@id":"https:\/\/www.ltv-sachsen.de\/wanderundpilgerakademie\/#website","url":"https:\/\/www.ltv-sachsen.de\/wanderundpilgerakademie\/","name":"Wander- und Pilgerakademie","description":"Allgemeine Infos zur Wander- und Pilgerakademie","potentialAction":[{"@type":"SearchAction","target":{"@type":"EntryPoint","urlTemplate":"https:\/\/www.ltv-sachsen.de\/wanderundpilgerakademie\/?s={search_term_string}"},"query-input":{"@type":"PropertyValueSpecification","valueRequired":true,"valueName":"search_term_string"}}],"inLanguage":"de"},{"@type":"Person","@id":"https:\/\/www.ltv-sachsen.de\/wanderundpilgerakademie\/#\/schema\/person\/c9b358ac1d6549fcc45ce3f905d1358c","name":"wanderundpilgerakademie","image":{"@type":"ImageObject","inLanguage":"de","@id":"https:\/\/www.ltv-sachsen.de\/wanderundpilgerakademie\/#\/schema\/person\/image\/","url":"https:\/\/secure.gravatar.com\/avatar\/992f6ea3d0f7e2edcbe1a2de25ad878fb8e5d09adc136f8fbaad6b574c799c34?s=96&d=mm&r=g","contentUrl":"https:\/\/secure.gravatar.com\/avatar\/992f6ea3d0f7e2edcbe1a2de25ad878fb8e5d09adc136f8fbaad6b574c799c34?s=96&d=mm&r=g","caption":"wanderundpilgerakademie"},"url":"https:\/\/www.ltv-sachsen.de\/wanderundpilgerakademie\/author\/wanderundpilgerakademie\/"}]}},"_links":{"self":[{"href":"https:\/\/www.ltv-sachsen.de\/wanderundpilgerakademie\/wp-json\/wp\/v2\/posts\/1040","targetHints":{"allow":["GET"]}}],"collection":[{"href":"https:\/\/www.ltv-sachsen.de\/wanderundpilgerakademie\/wp-json\/wp\/v2\/posts"}],"about":[{"href":"https:\/\/www.ltv-sachsen.de\/wanderundpilgerakademie\/wp-json\/wp\/v2\/types\/post"}],"author":[{"embeddable":true,"href":"https:\/\/www.ltv-sachsen.de\/wanderundpilgerakademie\/wp-json\/wp\/v2\/users\/5"}],"replies":[{"embeddable":true,"href":"https:\/\/www.ltv-sachsen.de\/wanderundpilgerakademie\/wp-json\/wp\/v2\/comments?post=1040"}],"version-history":[{"count":5,"href":"https:\/\/www.ltv-sachsen.de\/wanderundpilgerakademie\/wp-json\/wp\/v2\/posts\/1040\/revisions"}],"predecessor-version":[{"id":1158,"href":"https:\/\/www.ltv-sachsen.de\/wanderundpilgerakademie\/wp-json\/wp\/v2\/posts\/1040\/revisions\/1158"}],"wp:featuredmedia":[{"embeddable":true,"href":"https:\/\/www.ltv-sachsen.de\/wanderundpilgerakademie\/wp-json\/wp\/v2\/media\/1041"}],"wp:attachment":[{"href":"https:\/\/www.ltv-sachsen.de\/wanderundpilgerakademie\/wp-json\/wp\/v2\/media?parent=1040"}],"wp:term":[{"taxonomy":"category","embeddable":true,"href":"https:\/\/www.ltv-sachsen.de\/wanderundpilgerakademie\/wp-json\/wp\/v2\/categories?post=1040"},{"taxonomy":"post_tag","embeddable":true,"href":"https:\/\/www.ltv-sachsen.de\/wanderundpilgerakademie\/wp-json\/wp\/v2\/tags?post=1040"}],"curies":[{"name":"wp","href":"https:\/\/api.w.org\/{rel}","templated":true}]}}